{"id":10,"date":"2021-05-19T15:21:24","date_gmt":"2021-05-19T15:21:24","guid":{"rendered":"https:\/\/www.vacances-villas.com\/blog\/?p=10"},"modified":"2021-09-16T10:11:05","modified_gmt":"2021-09-16T10:11:05","slug":"sites-culturels-carnac","status":"publish","type":"post","link":"https:\/\/www.vacances-villas.com\/blog\/sites-culturels-carnac\/","title":{"rendered":"Les plus beaux sites culturels de Carnac"},"content":{"rendered":"\n<p><em>Si vous \u00eates un inconditionnel de la culture celtique, ou tout simplement si vous \u00eates un peu curieux,  Carnac et ses alentours vont faire votre bonheur ! Ses alignements de menhirs, ses dolmens et ses m\u00e9galithes ne vous laisseront pas de marbre. Son Mus\u00e9e de la pr\u00e9histoire vous fera voyager dans le temps et l&rsquo;\u00e9glise de Saint Corn\u00e9ly vous fera r\u00eaver avec ses d\u00e9cors pleins de couleurs et de finesse.<\/em>  <\/p>\n\n\n\n<div style=\"height:41px\" aria-hidden=\"true\" class=\"wp-block-spacer\"><\/div>\n\n\n\n<h2 class=\"wp-block-heading\">Les alignements de Carnac<\/h2>\n\n\n\n<div class=\"wp-block-group\"><div class=\"wp-block-group__inner-container is-layout-flow wp-block-group-is-layout-flow\">\n<p><strong>Les alignements de Kerlescan :<\/strong> Ce site class\u00e9 monument historique en 1889 est le plus petit des alignements de Carnac. Il s&rsquo;agit d&rsquo;un alignement de 555 pierres sur 13 lignes . On Retrouve \u00e0 sa partie nord un tertre (monticule de pierres qui recouvrent une s\u00e9pulture) surmont\u00e9e d&rsquo;un superbe dolmen de 3.7m de haut ! Cette formation de pierres date du n\u00e9olithique et est la mieux conserv\u00e9e des alignements de Carnac.<\/p>\n<\/div><\/div>\n\n\n\n<div style=\"height:36px\" aria-hidden=\"true\" class=\"wp-block-spacer\"><\/div>\n\n\n\n<p><strong>Les alignements de Kermario : <\/strong>Cette partie des alignements de Carnac comporte \u00e0 elle seule 1029 menhirs r\u00e9parties sur 10 lignes. De plus, ces alignements sont juste \u00e0 c\u00f4t\u00e9 du plus plus grand menhir des alignements. Il s&rsquo;agit du G\u00e9ant du Manio qui atteint les 6.5m de hauteur !<\/p>\n\n\n\n<div class=\"wp-block-image\"><figure class=\"aligncenter size-large is-resized\"><img loading=\"lazy\" decoding=\"async\" src=\"https:\/\/www.vacances-villas.com\/blog\/wp-content\/uploads\/2021\/05\/Adt-aa2743_Loic-KERSUZAN-Morbihan-Tourisme-1000x630.jpg\" alt=\"Alignements Kermario\" class=\"wp-image-41\" width=\"391\" height=\"247\"\/><figcaption>Les alignements de Kermario au coucher du soleil<\/figcaption><\/figure><\/div>\n\n\n\n<div style=\"height:36px\" aria-hidden=\"true\" class=\"wp-block-spacer\"><\/div>\n\n\n\n<p><strong>Les alignements du M\u00e9nec : <\/strong>Cette derni\u00e8re partie des alignements de Carnac est compos\u00e9e de 1050 pierres dispos\u00e9es sur 11 lignes. Au d\u00e9but du site vous pourrez voir un Cromlech, c&rsquo;est \u00e0 dire un monument o\u00f9 des menhirs sont plac\u00e9s en cercle (un peu comme le site de Stonehenge en Angleterre). C&rsquo;est la partie la plus embl\u00e9matique des alignements puisqu&rsquo;il y a beaucoup de menhirs et qu&rsquo;ils sont dispos\u00e9s de mani\u00e8re tr\u00e8s r\u00e9guli\u00e8re.<\/p>\n\n\n\n<div class=\"wp-block-image\"><figure class=\"aligncenter size-large is-resized\"><img loading=\"lazy\" decoding=\"async\" src=\"https:\/\/www.vacances-villas.com\/blog\/wp-content\/uploads\/2021\/05\/Adt-aa2738_Loic-KERSUZAN-Morbihan-Tourisme-1000x630.jpg\" alt=\"Les alignements du M\u00e9nec\" class=\"wp-image-43\" width=\"390\" height=\"245\"\/><figcaption>Les alignements du M\u00e9nec au coucher du soleil<\/figcaption><\/figure><\/div>\n\n\n\n<div style=\"height:40px\" aria-hidden=\"true\" class=\"wp-block-spacer\"><\/div>\n\n\n\n<p class=\"has-text-color\" style=\"color:#0663e5\"><em><strong>Le saviez vous ? <\/strong>Les alignements de Carnac sont source de l\u00e9gendes ! En effet selon certaines personnes les menhirs sont en r\u00e9alit\u00e9 des anciens soldats romains transform\u00e9s en pierres par Saint Corn\u00e9ly. Pour d&rsquo;autres ce sont les Korrigans (des \u00eatre semblables \u00e0 des lutins) qui ont boug\u00e9 toutes les pierres pour les faire s&rsquo;aligner gr\u00e2ce \u00e0 leur force prodigieuse. <\/em><\/p>\n\n\n\n<div style=\"height:40px\" aria-hidden=\"true\" class=\"wp-block-spacer\"><\/div>\n\n\n\n<h2 class=\"wp-block-heading\">Les Dolmens et Tumulus<\/h2>\n\n\n\n<p><strong>Le Dolmen de Mane Kerioned :<\/strong>  Ces trois formations de pierre se trouvent au bout des alignements de Carnac et ont un aspect de petites huttes de pierres ou de tables g\u00e9antes selon le point de vue. Les trois dolmens forment un couloir et sont entour\u00e9s par de petits menhirs. Les dolmens sont des chambres fun\u00e9raires construites pendant la p\u00e9riode du n\u00e9olithique. A l&rsquo;origine celui-ci \u00e9tait couvert de terre et de pierres, formant ainsi un Cairn. <\/p>\n\n\n\n<div class=\"wp-block-image\"><figure class=\"aligncenter size-large is-resized\"><img loading=\"lazy\" decoding=\"async\" src=\"https:\/\/www.vacances-villas.com\/blog\/wp-content\/uploads\/2021\/05\/Man_at_a_dolmen_at_Mane-Kerioned_Carnac_Britanny_France_5248435975_2-1024x630.jpg\" alt=\"Image de Dolmen\" class=\"wp-image-25\" width=\"392\" height=\"240\"\/><figcaption>Dolmen du Man\u00e9-Kerioned 1880<\/figcaption><\/figure><\/div>\n\n\n\n<div style=\"height:36px\" aria-hidden=\"true\" class=\"wp-block-spacer\"><\/div>\n\n\n\n<p><strong>Le Cairn de Kercado : <\/strong>Cet in\u00e9dit monticule se trouve au sud des alignements de Kermario \u00e0 Carnac. Il s&rsquo;agit d&rsquo;un dolmen, comme celui du Mane Kerioned mais qui a pu conserver son enveloppe de pierres et de terre. Il fait 5m de hauteur et 30m de diam\u00e8tre ! Vous verrez \u00e9galement qu&rsquo;un petit menhir se trouve dessus, indiquant, en quelque sorte, son emplacement. <\/p>\n\n\n\n<div style=\"height:24px\" aria-hidden=\"true\" class=\"wp-block-spacer\"><\/div>\n\n\n\n<p><strong>Tumulus du Moustoir et Tumulus Saint Michel :<\/strong> Ces deux tumulus ( c&rsquo;est \u00e0 dire des amas de pierres ou de terre au dessus d&rsquo;une s\u00e9pulture) sont assez impressionnants. Surtout leur longueur : 85m pour le Tumulus du Moustoir et 125m pour le Tumulus Saint Michel !  Ce dernier se trouve sous l&rsquo;\u00e9glise Saint Michel et vous offre une vue imprenable sur la Baie, la Presqu&rsquo;\u00eele de Quiberon et Belle-\u00cele-en-Mer . <\/p>\n\n\n\n<div style=\"height:40px\" aria-hidden=\"true\" class=\"wp-block-spacer\"><\/div>\n\n\n\n<h2 class=\"wp-block-heading\">Le mus\u00e9e et l&rsquo;\u00e9glise <\/h2>\n\n\n\n<div class=\"wp-block-group\"><div class=\"wp-block-group__inner-container is-layout-flow wp-block-group-is-layout-flow\">\n<p><strong>Mus\u00e9e de la pr\u00e9histoire de Carnac :<\/strong> Si vous avez visit\u00e9 les diff\u00e9rents sites m\u00e9galithiques de Carnac mais que vous souhaiteriez en apprendre plus sur la p\u00e9riode n\u00e9olithique, le Mus\u00e9e de la pr\u00e9histoire pourra vous renseigner. Le Mus\u00e9e vous permet d&rsquo;avoir un aper\u00e7u de la vie de nos anc\u00eatres \u00e0 l&rsquo;\u00e9poque du pal\u00e9olithique, du m\u00e9solithique, du n\u00e9olithique, \u00e0 l&rsquo;\u00e2ge de bronze, l&rsquo;\u00e2ge de fer et m\u00eame \u00e0 l&rsquo;\u00e9poque romaine ! Vous pouvez consulter <a href=\"https:\/\/www.museedecarnac.com\/\" target=\"_blank\" rel=\"noreferrer noopener\">son site internet<\/a> pour avoir acc\u00e8s aux informations pratiques. <\/p>\n<\/div><\/div>\n\n\n\n<div style=\"height:36px\" aria-hidden=\"true\" class=\"wp-block-spacer\"><\/div>\n\n\n\n<p><strong>L\u2019\u00e9glise de Saint Corn\u00e9ly :<\/strong> Ce superbe monument poss\u00e8de une particularit\u00e9 unique en son genre. Il s&rsquo;agit d&rsquo;un baldaquin de pierres que l&rsquo;on peut voir \u00e0 l&rsquo;entr\u00e9e de l&rsquo;\u00e9glise. Cet \u00e9l\u00e9ment de l&rsquo;architecture est en forme de couronne, c&rsquo;est ce qui constitue sa principale particularit\u00e9. L&rsquo;int\u00e9rieur de l&rsquo;\u00e9glise est \u00e9galement remarquable : vous pourrez y admirer de nombreuses peintures et un magnifique orgue du 18<sup>\u00e8me<\/sup> si\u00e8cle. <\/p>\n\n\n\n<div class=\"wp-block-image\"><figure class=\"aligncenter size-large is-resized\"><img loading=\"lazy\" decoding=\"async\" src=\"https:\/\/www.vacances-villas.com\/blog\/wp-content\/uploads\/2021\/05\/Saint_Cornely_01-1-512x630.jpg\" alt=\"Image de l'Eglise\" class=\"wp-image-22\" width=\"318\" height=\"392\"\/><figcaption>Eglise de Saint Corn\u00e9ly<\/figcaption><\/figure><\/div>\n\n\n\n<div style=\"height:128px\" aria-hidden=\"true\" class=\"wp-block-spacer\"><\/div>\n\n\n\n<p>Vous souhaitez en savoir plus sur les sites historiques et lieux culturels de Carnac ? Rendez-vous sur<a href=\"https:\/\/www.ot-carnac.fr\/decouvrir\/menhirs-et-patrimoine\" target=\"_blank\" rel=\"noreferrer noopener\"> le site internet de l&rsquo;office du tourisme de Carnac <\/a>!<\/p>\n\n\n\n<div style=\"height:107px\" aria-hidden=\"true\" class=\"wp-block-spacer\"><\/div>\n\n\n\n<p>Si vous avez aim\u00e9 cet article, n&rsquo;h\u00e9sitez pas \u00e0 nous le faire savoir en laissant un commentaire puis en nous suivant sur notre page <a href=\"https:\/\/www.facebook.com\/Agence-Atlantique-106373688301129\" target=\"_blank\" rel=\"noreferrer noopener\">Facebook<\/a>  \ud83d\ude0a<\/p>\n\n\n\n<div style=\"height:85px\" aria-hidden=\"true\" class=\"wp-block-spacer\"><\/div>\n\n\n\n<div class=\"wp-block-buttons is-layout-flex wp-block-buttons-is-layout-flex\">\n<div class=\"wp-block-button\"><a class=\"wp-block-button__link\" href=\"https:\/\/www.vacances-villas.com\/blog\/\">Revenir au menu du blog<\/a><\/div>\n<\/div>\n\n\n\n<div style=\"height:100px\" aria-hidden=\"true\" class=\"wp-block-spacer\"><\/div>\n\n\n\n<p style=\"font-size:11px\">Cr\u00e9dits photos : Lo\u00efc KERSUZAN &#8211; Morbihan Tourisme pour Alignement de Kermario au coucher du soleil et Alignement du M\u00e9nec au coucher du soleil.<\/p>\n","protected":false},"excerpt":{"rendered":"<p>Si vous \u00eates un inconditionnel de la culture celtique ou tout simplement si vous \u00eates un peu curieux,  Carnac et ses alentours vont faire votre bonheur ! Ses alignements de menhirs, ses dolmens et ses m\u00e9galithes ne vous laisseront pas de marbre. Son Mus\u00e9e de la pr\u00e9histoire vous fera voyager dans le temps et l&rsquo;\u00e9glise de Saint Corn\u00e9ly vous fera r\u00eaver avec ses d\u00e9cors pleins de couleurs et de finesse.<\/p>\n","protected":false},"author":1,"featured_media":43,"comment_status":"open","ping_status":"closed","sticky":false,"template":"","format":"standard","meta":{"footnotes":""},"categories":[3,5],"tags":[],"class_list":["post-10","post","type-post","status-publish","format-standard","has-post-thumbnail","hentry","category-carnacetsesenvirons","category-visiter"],"yoast_head":"<!-- This site is optimized with the Yoast SEO plugin v27.4 - https:\/\/yoast.com\/product\/yoast-seo-wordpress\/ -->\n<title>Les plus beaux sites culturels de Carnac - Blog - Visiter<\/title>\n<meta name=\"description\" content=\"Si vous aimez la culture celtique ou tout simplement si vous \u00eates un peu curieux, Carnac et ses alentours vont faire votre bonheur !\" \/>\n<meta name=\"robots\" content=\"index, follow, max-snippet:-1, max-image-preview:large, max-video-preview:-1\" \/>\n<link rel=\"canonical\" href=\"https:\/\/www.vacances-villas.com\/blog\/sites-culturels-carnac\/\" \/>\n<meta property=\"og:locale\" content=\"fr_FR\" \/>\n<meta property=\"og:type\" content=\"article\" \/>\n<meta property=\"og:title\" content=\"Les plus beaux sites culturels de Carnac - Blog - Visiter\" \/>\n<meta property=\"og:description\" content=\"Si vous aimez la culture celtique ou tout simplement si vous \u00eates un peu curieux, Carnac et ses alentours vont faire votre bonheur !\" \/>\n<meta property=\"og:url\" content=\"https:\/\/www.vacances-villas.com\/blog\/sites-culturels-carnac\/\" \/>\n<meta property=\"og:site_name\" content=\"Blog\" \/>\n<meta property=\"article:publisher\" content=\"https:\/\/www.facebook.com\/profile.php?id=100068103702281\" \/>\n<meta property=\"article:published_time\" content=\"2021-05-19T15:21:24+00:00\" \/>\n<meta property=\"article:modified_time\" content=\"2021-09-16T10:11:05+00:00\" \/>\n<meta property=\"og:image\" content=\"https:\/\/www.vacances-villas.com\/blog\/wp-content\/uploads\/2021\/05\/Adt-aa2738_Loic-KERSUZAN-Morbihan-Tourisme.jpg\" \/>\n\t<meta property=\"og:image:width\" content=\"1000\" \/>\n\t<meta property=\"og:image:height\" content=\"667\" \/>\n\t<meta property=\"og:image:type\" content=\"image\/jpeg\" \/>\n<meta name=\"author\" content=\"admin\" \/>\n<meta name=\"twitter:card\" content=\"summary_large_image\" \/>\n<meta name=\"twitter:label1\" content=\"\u00c9crit par\" \/>\n\t<meta name=\"twitter:data1\" content=\"admin\" \/>\n\t<meta name=\"twitter:label2\" content=\"Dur\u00e9e de lecture estim\u00e9e\" \/>\n\t<meta name=\"twitter:data2\" content=\"5 minutes\" \/>\n<script type=\"application\/ld+json\" class=\"yoast-schema-graph\">{\"@context\":\"https:\\\/\\\/schema.org\",\"@graph\":[{\"@type\":\"Article\",\"@id\":\"https:\\\/\\\/www.vacances-villas.com\\\/blog\\\/sites-culturels-carnac\\\/#article\",\"isPartOf\":{\"@id\":\"https:\\\/\\\/www.vacances-villas.com\\\/blog\\\/sites-culturels-carnac\\\/\"},\"author\":{\"name\":\"admin\",\"@id\":\"https:\\\/\\\/www.vacances-villas.com\\\/blog\\\/#\\\/schema\\\/person\\\/1d0d5145d14b9c023c9ea45d8f6058c0\"},\"headline\":\"Les plus beaux sites culturels de Carnac\",\"datePublished\":\"2021-05-19T15:21:24+00:00\",\"dateModified\":\"2021-09-16T10:11:05+00:00\",\"mainEntityOfPage\":{\"@id\":\"https:\\\/\\\/www.vacances-villas.com\\\/blog\\\/sites-culturels-carnac\\\/\"},\"wordCount\":867,\"commentCount\":0,\"publisher\":{\"@id\":\"https:\\\/\\\/www.vacances-villas.com\\\/blog\\\/#organization\"},\"image\":{\"@id\":\"https:\\\/\\\/www.vacances-villas.com\\\/blog\\\/sites-culturels-carnac\\\/#primaryimage\"},\"thumbnailUrl\":\"https:\\\/\\\/www.vacances-villas.com\\\/blog\\\/wp-content\\\/uploads\\\/2021\\\/05\\\/Adt-aa2738_Loic-KERSUZAN-Morbihan-Tourisme.jpg\",\"articleSection\":[\"Carnac et ses environs\",\"Visiter\"],\"inLanguage\":\"fr-FR\",\"potentialAction\":[{\"@type\":\"CommentAction\",\"name\":\"Comment\",\"target\":[\"https:\\\/\\\/www.vacances-villas.com\\\/blog\\\/sites-culturels-carnac\\\/#respond\"]}]},{\"@type\":\"WebPage\",\"@id\":\"https:\\\/\\\/www.vacances-villas.com\\\/blog\\\/sites-culturels-carnac\\\/\",\"url\":\"https:\\\/\\\/www.vacances-villas.com\\\/blog\\\/sites-culturels-carnac\\\/\",\"name\":\"Les plus beaux sites culturels de Carnac - Blog - Visiter\",\"isPartOf\":{\"@id\":\"https:\\\/\\\/www.vacances-villas.com\\\/blog\\\/#website\"},\"primaryImageOfPage\":{\"@id\":\"https:\\\/\\\/www.vacances-villas.com\\\/blog\\\/sites-culturels-carnac\\\/#primaryimage\"},\"image\":{\"@id\":\"https:\\\/\\\/www.vacances-villas.com\\\/blog\\\/sites-culturels-carnac\\\/#primaryimage\"},\"thumbnailUrl\":\"https:\\\/\\\/www.vacances-villas.com\\\/blog\\\/wp-content\\\/uploads\\\/2021\\\/05\\\/Adt-aa2738_Loic-KERSUZAN-Morbihan-Tourisme.jpg\",\"datePublished\":\"2021-05-19T15:21:24+00:00\",\"dateModified\":\"2021-09-16T10:11:05+00:00\",\"description\":\"Si vous aimez la culture celtique ou tout simplement si vous \u00eates un peu curieux, Carnac et ses alentours vont faire votre bonheur !\",\"breadcrumb\":{\"@id\":\"https:\\\/\\\/www.vacances-villas.com\\\/blog\\\/sites-culturels-carnac\\\/#breadcrumb\"},\"inLanguage\":\"fr-FR\",\"potentialAction\":[{\"@type\":\"ReadAction\",\"target\":[\"https:\\\/\\\/www.vacances-villas.com\\\/blog\\\/sites-culturels-carnac\\\/\"]}]},{\"@type\":\"ImageObject\",\"inLanguage\":\"fr-FR\",\"@id\":\"https:\\\/\\\/www.vacances-villas.com\\\/blog\\\/sites-culturels-carnac\\\/#primaryimage\",\"url\":\"https:\\\/\\\/www.vacances-villas.com\\\/blog\\\/wp-content\\\/uploads\\\/2021\\\/05\\\/Adt-aa2738_Loic-KERSUZAN-Morbihan-Tourisme.jpg\",\"contentUrl\":\"https:\\\/\\\/www.vacances-villas.com\\\/blog\\\/wp-content\\\/uploads\\\/2021\\\/05\\\/Adt-aa2738_Loic-KERSUZAN-Morbihan-Tourisme.jpg\",\"width\":1000,\"height\":667,\"caption\":\"Les alignements du M\u00e9nec au coucher du soleil\"},{\"@type\":\"BreadcrumbList\",\"@id\":\"https:\\\/\\\/www.vacances-villas.com\\\/blog\\\/sites-culturels-carnac\\\/#breadcrumb\",\"itemListElement\":[{\"@type\":\"ListItem\",\"position\":1,\"name\":\"Home\",\"item\":\"https:\\\/\\\/www.vacances-villas.com\\\/blog\\\/\"},{\"@type\":\"ListItem\",\"position\":2,\"name\":\"Les plus beaux sites culturels de Carnac\"}]},{\"@type\":\"WebSite\",\"@id\":\"https:\\\/\\\/www.vacances-villas.com\\\/blog\\\/#website\",\"url\":\"https:\\\/\\\/www.vacances-villas.com\\\/blog\\\/\",\"name\":\"Blog\",\"description\":\"vacances-villas\",\"publisher\":{\"@id\":\"https:\\\/\\\/www.vacances-villas.com\\\/blog\\\/#organization\"},\"potentialAction\":[{\"@type\":\"SearchAction\",\"target\":{\"@type\":\"EntryPoint\",\"urlTemplate\":\"https:\\\/\\\/www.vacances-villas.com\\\/blog\\\/?s={search_term_string}\"},\"query-input\":{\"@type\":\"PropertyValueSpecification\",\"valueRequired\":true,\"valueName\":\"search_term_string\"}}],\"inLanguage\":\"fr-FR\"},{\"@type\":\"Organization\",\"@id\":\"https:\\\/\\\/www.vacances-villas.com\\\/blog\\\/#organization\",\"name\":\"Vacances Villas\",\"url\":\"https:\\\/\\\/www.vacances-villas.com\\\/blog\\\/\",\"logo\":{\"@type\":\"ImageObject\",\"inLanguage\":\"fr-FR\",\"@id\":\"https:\\\/\\\/www.vacances-villas.com\\\/blog\\\/#\\\/schema\\\/logo\\\/image\\\/\",\"url\":\"https:\\\/\\\/www.vacances-villas.com\\\/blog\\\/wp-content\\\/uploads\\\/2024\\\/07\\\/logo.png\",\"contentUrl\":\"https:\\\/\\\/www.vacances-villas.com\\\/blog\\\/wp-content\\\/uploads\\\/2024\\\/07\\\/logo.png\",\"width\":1140,\"height\":488,\"caption\":\"Vacances Villas\"},\"image\":{\"@id\":\"https:\\\/\\\/www.vacances-villas.com\\\/blog\\\/#\\\/schema\\\/logo\\\/image\\\/\"},\"sameAs\":[\"https:\\\/\\\/www.facebook.com\\\/profile.php?id=100068103702281\"]},{\"@type\":\"Person\",\"@id\":\"https:\\\/\\\/www.vacances-villas.com\\\/blog\\\/#\\\/schema\\\/person\\\/1d0d5145d14b9c023c9ea45d8f6058c0\",\"name\":\"admin\",\"image\":{\"@type\":\"ImageObject\",\"inLanguage\":\"fr-FR\",\"@id\":\"https:\\\/\\\/secure.gravatar.com\\\/avatar\\\/bb32062d9a31dae1ae4e7fbbe66028066d74f02ad75875f5f617860c81ed25fc?s=96&d=mm&r=g\",\"url\":\"https:\\\/\\\/secure.gravatar.com\\\/avatar\\\/bb32062d9a31dae1ae4e7fbbe66028066d74f02ad75875f5f617860c81ed25fc?s=96&d=mm&r=g\",\"contentUrl\":\"https:\\\/\\\/secure.gravatar.com\\\/avatar\\\/bb32062d9a31dae1ae4e7fbbe66028066d74f02ad75875f5f617860c81ed25fc?s=96&d=mm&r=g\",\"caption\":\"admin\"},\"sameAs\":[\"https:\\\/\\\/www.vacances-villas.com\\\/blog\"],\"url\":\"https:\\\/\\\/www.vacances-villas.com\\\/blog\\\/author\\\/avantioblog\\\/\"}]}<\/script>\n<!-- \/ Yoast SEO plugin. -->","yoast_head_json":{"title":"Les plus beaux sites culturels de Carnac - Blog - Visiter","description":"Si vous aimez la culture celtique ou tout simplement si vous \u00eates un peu curieux, Carnac et ses alentours vont faire votre bonheur !","robots":{"index":"index","follow":"follow","max-snippet":"max-snippet:-1","max-image-preview":"max-image-preview:large","max-video-preview":"max-video-preview:-1"},"canonical":"https:\/\/www.vacances-villas.com\/blog\/sites-culturels-carnac\/","og_locale":"fr_FR","og_type":"article","og_title":"Les plus beaux sites culturels de Carnac - Blog - Visiter","og_description":"Si vous aimez la culture celtique ou tout simplement si vous \u00eates un peu curieux, Carnac et ses alentours vont faire votre bonheur !","og_url":"https:\/\/www.vacances-villas.com\/blog\/sites-culturels-carnac\/","og_site_name":"Blog","article_publisher":"https:\/\/www.facebook.com\/profile.php?id=100068103702281","article_published_time":"2021-05-19T15:21:24+00:00","article_modified_time":"2021-09-16T10:11:05+00:00","og_image":[{"width":1000,"height":667,"url":"https:\/\/www.vacances-villas.com\/blog\/wp-content\/uploads\/2021\/05\/Adt-aa2738_Loic-KERSUZAN-Morbihan-Tourisme.jpg","type":"image\/jpeg"}],"author":"admin","twitter_card":"summary_large_image","twitter_misc":{"\u00c9crit par":"admin","Dur\u00e9e de lecture estim\u00e9e":"5 minutes"},"schema":{"@context":"https:\/\/schema.org","@graph":[{"@type":"Article","@id":"https:\/\/www.vacances-villas.com\/blog\/sites-culturels-carnac\/#article","isPartOf":{"@id":"https:\/\/www.vacances-villas.com\/blog\/sites-culturels-carnac\/"},"author":{"name":"admin","@id":"https:\/\/www.vacances-villas.com\/blog\/#\/schema\/person\/1d0d5145d14b9c023c9ea45d8f6058c0"},"headline":"Les plus beaux sites culturels de Carnac","datePublished":"2021-05-19T15:21:24+00:00","dateModified":"2021-09-16T10:11:05+00:00","mainEntityOfPage":{"@id":"https:\/\/www.vacances-villas.com\/blog\/sites-culturels-carnac\/"},"wordCount":867,"commentCount":0,"publisher":{"@id":"https:\/\/www.vacances-villas.com\/blog\/#organization"},"image":{"@id":"https:\/\/www.vacances-villas.com\/blog\/sites-culturels-carnac\/#primaryimage"},"thumbnailUrl":"https:\/\/www.vacances-villas.com\/blog\/wp-content\/uploads\/2021\/05\/Adt-aa2738_Loic-KERSUZAN-Morbihan-Tourisme.jpg","articleSection":["Carnac et ses environs","Visiter"],"inLanguage":"fr-FR","potentialAction":[{"@type":"CommentAction","name":"Comment","target":["https:\/\/www.vacances-villas.com\/blog\/sites-culturels-carnac\/#respond"]}]},{"@type":"WebPage","@id":"https:\/\/www.vacances-villas.com\/blog\/sites-culturels-carnac\/","url":"https:\/\/www.vacances-villas.com\/blog\/sites-culturels-carnac\/","name":"Les plus beaux sites culturels de Carnac - Blog - Visiter","isPartOf":{"@id":"https:\/\/www.vacances-villas.com\/blog\/#website"},"primaryImageOfPage":{"@id":"https:\/\/www.vacances-villas.com\/blog\/sites-culturels-carnac\/#primaryimage"},"image":{"@id":"https:\/\/www.vacances-villas.com\/blog\/sites-culturels-carnac\/#primaryimage"},"thumbnailUrl":"https:\/\/www.vacances-villas.com\/blog\/wp-content\/uploads\/2021\/05\/Adt-aa2738_Loic-KERSUZAN-Morbihan-Tourisme.jpg","datePublished":"2021-05-19T15:21:24+00:00","dateModified":"2021-09-16T10:11:05+00:00","description":"Si vous aimez la culture celtique ou tout simplement si vous \u00eates un peu curieux, Carnac et ses alentours vont faire votre bonheur !","breadcrumb":{"@id":"https:\/\/www.vacances-villas.com\/blog\/sites-culturels-carnac\/#breadcrumb"},"inLanguage":"fr-FR","potentialAction":[{"@type":"ReadAction","target":["https:\/\/www.vacances-villas.com\/blog\/sites-culturels-carnac\/"]}]},{"@type":"ImageObject","inLanguage":"fr-FR","@id":"https:\/\/www.vacances-villas.com\/blog\/sites-culturels-carnac\/#primaryimage","url":"https:\/\/www.vacances-villas.com\/blog\/wp-content\/uploads\/2021\/05\/Adt-aa2738_Loic-KERSUZAN-Morbihan-Tourisme.jpg","contentUrl":"https:\/\/www.vacances-villas.com\/blog\/wp-content\/uploads\/2021\/05\/Adt-aa2738_Loic-KERSUZAN-Morbihan-Tourisme.jpg","width":1000,"height":667,"caption":"Les alignements du M\u00e9nec au coucher du soleil"},{"@type":"BreadcrumbList","@id":"https:\/\/www.vacances-villas.com\/blog\/sites-culturels-carnac\/#breadcrumb","itemListElement":[{"@type":"ListItem","position":1,"name":"Home","item":"https:\/\/www.vacances-villas.com\/blog\/"},{"@type":"ListItem","position":2,"name":"Les plus beaux sites culturels de Carnac"}]},{"@type":"WebSite","@id":"https:\/\/www.vacances-villas.com\/blog\/#website","url":"https:\/\/www.vacances-villas.com\/blog\/","name":"Blog","description":"vacances-villas","publisher":{"@id":"https:\/\/www.vacances-villas.com\/blog\/#organization"},"potentialAction":[{"@type":"SearchAction","target":{"@type":"EntryPoint","urlTemplate":"https:\/\/www.vacances-villas.com\/blog\/?s={search_term_string}"},"query-input":{"@type":"PropertyValueSpecification","valueRequired":true,"valueName":"search_term_string"}}],"inLanguage":"fr-FR"},{"@type":"Organization","@id":"https:\/\/www.vacances-villas.com\/blog\/#organization","name":"Vacances Villas","url":"https:\/\/www.vacances-villas.com\/blog\/","logo":{"@type":"ImageObject","inLanguage":"fr-FR","@id":"https:\/\/www.vacances-villas.com\/blog\/#\/schema\/logo\/image\/","url":"https:\/\/www.vacances-villas.com\/blog\/wp-content\/uploads\/2024\/07\/logo.png","contentUrl":"https:\/\/www.vacances-villas.com\/blog\/wp-content\/uploads\/2024\/07\/logo.png","width":1140,"height":488,"caption":"Vacances Villas"},"image":{"@id":"https:\/\/www.vacances-villas.com\/blog\/#\/schema\/logo\/image\/"},"sameAs":["https:\/\/www.facebook.com\/profile.php?id=100068103702281"]},{"@type":"Person","@id":"https:\/\/www.vacances-villas.com\/blog\/#\/schema\/person\/1d0d5145d14b9c023c9ea45d8f6058c0","name":"admin","image":{"@type":"ImageObject","inLanguage":"fr-FR","@id":"https:\/\/secure.gravatar.com\/avatar\/bb32062d9a31dae1ae4e7fbbe66028066d74f02ad75875f5f617860c81ed25fc?s=96&d=mm&r=g","url":"https:\/\/secure.gravatar.com\/avatar\/bb32062d9a31dae1ae4e7fbbe66028066d74f02ad75875f5f617860c81ed25fc?s=96&d=mm&r=g","contentUrl":"https:\/\/secure.gravatar.com\/avatar\/bb32062d9a31dae1ae4e7fbbe66028066d74f02ad75875f5f617860c81ed25fc?s=96&d=mm&r=g","caption":"admin"},"sameAs":["https:\/\/www.vacances-villas.com\/blog"],"url":"https:\/\/www.vacances-villas.com\/blog\/author\/avantioblog\/"}]}},"_links":{"self":[{"href":"https:\/\/www.vacances-villas.com\/blog\/wp-json\/wp\/v2\/posts\/10","targetHints":{"allow":["GET"]}}],"collection":[{"href":"https:\/\/www.vacances-villas.com\/blog\/wp-json\/wp\/v2\/posts"}],"about":[{"href":"https:\/\/www.vacances-villas.com\/blog\/wp-json\/wp\/v2\/types\/post"}],"author":[{"embeddable":true,"href":"https:\/\/www.vacances-villas.com\/blog\/wp-json\/wp\/v2\/users\/1"}],"replies":[{"embeddable":true,"href":"https:\/\/www.vacances-villas.com\/blog\/wp-json\/wp\/v2\/comments?post=10"}],"version-history":[{"count":28,"href":"https:\/\/www.vacances-villas.com\/blog\/wp-json\/wp\/v2\/posts\/10\/revisions"}],"predecessor-version":[{"id":297,"href":"https:\/\/www.vacances-villas.com\/blog\/wp-json\/wp\/v2\/posts\/10\/revisions\/297"}],"wp:featuredmedia":[{"embeddable":true,"href":"https:\/\/www.vacances-villas.com\/blog\/wp-json\/wp\/v2\/media\/43"}],"wp:attachment":[{"href":"https:\/\/www.vacances-villas.com\/blog\/wp-json\/wp\/v2\/media?parent=10"}],"wp:term":[{"taxonomy":"category","embeddable":true,"href":"https:\/\/www.vacances-villas.com\/blog\/wp-json\/wp\/v2\/categories?post=10"},{"taxonomy":"post_tag","embeddable":true,"href":"https:\/\/www.vacances-villas.com\/blog\/wp-json\/wp\/v2\/tags?post=10"}],"curies":[{"name":"wp","href":"https:\/\/api.w.org\/{rel}","templated":true}]}}