{"id":286,"date":"2021-09-16T14:30:58","date_gmt":"2021-09-16T14:30:58","guid":{"rendered":"https:\/\/www.vacances-villas.com\/blog\/?p=286"},"modified":"2024-07-05T08:14:46","modified_gmt":"2024-07-05T08:14:46","slug":"focus-lile-aux-moines-tourisme-activit","status":"publish","type":"post","link":"https:\/\/www.vacances-villas.com\/blog\/focus-lile-aux-moines-tourisme-activit\/","title":{"rendered":"FOCUS : l&rsquo;\u00cele aux Moines"},"content":{"rendered":"\n<p><em>On trouve de nombreuses \u00eeles merveilleuses en Bretagne. Nous vous proposons d&rsquo;en d\u00e9couvrir plusieurs et commen\u00e7ons aujourd&rsquo;hui par l\u00cele Aux Moines !<\/em><\/p>\n\n\n\n<div style=\"height:37px\" aria-hidden=\"true\" class=\"wp-block-spacer\"><\/div>\n\n\n\n<h2 class=\"wp-block-heading\">Un petit tour d&rsquo;horizon<\/h2>\n\n\n\n<p>L&rsquo;\u00cele aux moines est un superbe \u00e9crin de verdure au milieu du golfe du Morbihan. Il est possible d&rsquo;en faire le tours en environs 4h15. Le tours complet ne fait que 17km. Vous serez charm\u00e9s par ses landes, ses prairies, ses pointes rocheuses ou encore son c\u00e9l\u00e8bre bois : le  Bois d&rsquo;Amour, qui est au Nord de l&rsquo;\u00eele. Il y a une vue privil\u00e9gi\u00e9e sur le golfe du Morbihan et une grande diversit\u00e9 de faune et de flore sur l&rsquo;\u00eele. Vous pourrez par exemple voir plusieurs esp\u00e8ces de passereaux (des petits oiseaux) et des v\u00e9g\u00e9taux surprenants, comme les ajoncs qui ont une odeur de noix de coco lorsqu&rsquo;ils fleurissent. Les plages de l&rsquo;\u00eele feront \u00e9galement votre bonheur si c&rsquo;est le farniente que vous recherchez. <\/p>\n\n\n\n<div style=\"height:30px\" aria-hidden=\"true\" class=\"wp-block-spacer\"><\/div>\n\n\n\n<div class=\"wp-block-image\"><figure class=\"aligncenter size-large is-resized\"><img loading=\"lazy\" decoding=\"async\" src=\"https:\/\/www.vacances-villas.com\/blog\/wp-content\/uploads\/2021\/09\/Adt-aa1664_Loic-KERSUZAN-Morbihan-Tourisme-2-1000x630.jpg\" alt=\"la grande plage de l'\u00cele -aux-moines\" class=\"wp-image-318\" width=\"500\" height=\"300\" title=\"Grande plage de l'\u00cele-aux-moines\"\/><figcaption>Grande plage de l&rsquo;\u00eele-aux-Moines <\/figcaption><\/figure><\/div>\n\n\n\n<div style=\"height:37px\" aria-hidden=\"true\" class=\"wp-block-spacer\"><\/div>\n\n\n\n<div class=\"wp-block-image\"><figure class=\"aligncenter size-large is-resized\"><img loading=\"lazy\" decoding=\"async\" src=\"https:\/\/www.vacances-villas.com\/blog\/wp-content\/uploads\/2021\/09\/crtb-ac8092_LE-GAL-Yannick-2-1000x630.jpg\" alt=\"Vue a\u00e9rienne de la grande plage de l'\u00eele-aux-Moines\" class=\"wp-image-312\" width=\"500\" height=\"300\" title=\"Grande plage de l'\u00cele-aux-Moines\"\/><figcaption>Vue a\u00e9rienne de la grande plage de l&rsquo;\u00cele-aux-Moines<\/figcaption><\/figure><\/div>\n\n\n\n<div style=\"height:50px\" aria-hidden=\"true\" class=\"wp-block-spacer\"><\/div>\n\n\n\n<h2 class=\"wp-block-heading\">Activit\u00e9s \u00e0 Faire sur l&rsquo;\u00eele <\/h2>\n\n\n\n<p>Il y a de nombreuses activit\u00e9s \u00e0 faire sur l&rsquo;\u00cele !<\/p>\n\n\n\n<p>Pourquoi ne pas commencer par un petit tours \u00e0 v\u00e9lo ? A l&rsquo;instar de l&rsquo;\u00eele de R\u00e9, l&rsquo;\u00eele aux moines n&rsquo;a pas beaucoup de voitures et il est plus facile de s&rsquo;y d\u00e9placer \u00e0 pieds ou \u00e0 v\u00e9lo. Vous trouverez sur place beaucoup de boutiques de location de v\u00e9los. Vous avez par exemple \u00ab\u00a0\u00eele aux moines location\u00a0\u00bb, \u00ab\u00a0l&rsquo;\u00eele \u00e0 v\u00e9lo\u00a0\u00bb ou encore \u00ab\u00a0location P&rsquo;tit Louis\u00a0\u00bb. <\/p>\n\n\n\n<p>Si vous avez envie de visiter des sites m\u00e9galithiques, rendez vous au Sud de l&rsquo;\u00cele. Vous y trouverez le dolmen de Penhap qui se situe sur la pointe du m\u00eame nom. Cette partie de l&rsquo;\u00cele rec\u00e8le \u00e9galement une forte diversit\u00e9 de faune et de flore. <\/p>\n\n\n\n<div style=\"height:30px\" aria-hidden=\"true\" class=\"wp-block-spacer\"><\/div>\n\n\n\n<div class=\"wp-block-image\"><figure class=\"aligncenter size-large is-resized\"><img loading=\"lazy\" decoding=\"async\" src=\"https:\/\/www.vacances-villas.com\/blog\/wp-content\/uploads\/2021\/09\/Adt-aa1548_Loic-KERSUZAN-Morbihan-Tourisme-1-667x630.jpg\" alt=\"Massif de fleurs roses typiques\" class=\"wp-image-320\" width=\"500\" height=\"300\" title=\"Fleurs\"\/><figcaption>Massif de fleurs typiques<\/figcaption><\/figure><\/div>\n\n\n\n<div style=\"height:30px\" aria-hidden=\"true\" class=\"wp-block-spacer\"><\/div>\n\n\n\n<p>De m\u00eame, vous pourrez visiter le chantier du Guip. Ce chantier naval r\u00e9pare et construit de nombreux navires traditionnels et des petites unit\u00e9s de yatching. Les curieux vont adorer !<\/p>\n\n\n\n<div style=\"height:30px\" aria-hidden=\"true\" class=\"wp-block-spacer\"><\/div>\n\n\n\n<div class=\"wp-block-image\"><figure class=\"aligncenter size-large is-resized\"><img loading=\"lazy\" decoding=\"async\" src=\"https:\/\/www.vacances-villas.com\/blog\/wp-content\/uploads\/2021\/09\/Adt-aa1511_Loic-KERSUZAN-Morbihan-Tourisme-1-1000x630.jpg\" alt=\"Ponton avec bateaux\" class=\"wp-image-322\" width=\"500\" height=\"300\" title=\"petits bateaux sur le ponton\"\/><figcaption>Petits bateaux sur le ponton<\/figcaption><\/figure><\/div>\n\n\n\n<div style=\"height:30px\" aria-hidden=\"true\" class=\"wp-block-spacer\"><\/div>\n\n\n\n<p>Enfin, si vous voulez d\u00e9couvrir l&rsquo;\u00eele \u00e0 travers son patrimoine culinaire il y a un lieu incontournable. Il s&rsquo;agit de l&rsquo;exploitation ostr\u00e9icole de Pierre Martin. Vous pourrez d\u00e9guster sur l&rsquo;herbe des hu\u00eetres fra\u00eeches ou des palourdes en profitant pleinement de la vue sur le Golfe. <\/p>\n\n\n\n<div style=\"height:100px\" aria-hidden=\"true\" class=\"wp-block-spacer\"><\/div>\n\n\n\n<h2 class=\"wp-block-heading\">Accessibilit\u00e9<\/h2>\n\n\n\n<p>Pour pouvoir acc\u00e9der \u00e0 l&rsquo;\u00cele Aux Moines, plusieurs compagnies maritimes se feront un plaisir de vous y emmener. Durant toute l&rsquo;ann\u00e9e, la compagnie \u00ab\u00a0Izenah Croisi\u00e8re\u00a0\u00bb propose des travers\u00e9es plusieurs fois par jour au d\u00e9part de Port Blanc qui se trouve \u00e0 Baden. Durant l&rsquo;\u00e9t\u00e9, d&rsquo;autres compagnies peuvent \u00e9galement proposer ces travers\u00e9es. Par exemple : \u00ab\u00a0La Compagnie du Golfe\u00a0\u00bb, \u00ab\u00a0Le Navix-Compagnie des \u00celes\u00a0\u00bb&#8230;etc <\/p>\n\n\n\n<div style=\"height:70px\" aria-hidden=\"true\" class=\"wp-block-spacer\"><\/div>\n\n\n\n<p>Si vous voulez plus d&rsquo;informations au sujet de l&rsquo;\u00cele-aux-Moines, n&rsquo;h\u00e9sitez pas \u00e0 vous rendre sur <a href=\"https:\/\/www.golfedumorbihan.bzh\/explorer-vannes\/decouvrir-vannes\/golfe-morbihan\/iles\/ile-aux-moines\/\">le site du Golfe du Morbihan<\/a> ! <\/p>\n\n\n\n<p>Vous pouvez \u00e9galement consulter<a href=\"https:\/\/www.vacances-villas.com\/blog\/\"> les autres articles<\/a> de notre blog pour plus de d\u00e9paysement ! <\/p>\n\n\n\n<div style=\"height:144px\" aria-hidden=\"true\" class=\"wp-block-spacer\"><\/div>\n\n\n\n<p>Si ce petit tour d\u2019horizon des villes \u00e0 visiter aux alentours de Carnac vous a plu, n\u2019h\u00e9sitez pas \u00e0 laisser un commentaire et \u00e0 nous rejoindre sur <a href=\"https:\/\/www.facebook.com\/profile.php?id=100068103702281\">notre page Facebook<\/a> \ud83d\ude0a<\/p>\n\n\n\n<div style=\"height:150px\" aria-hidden=\"true\" class=\"wp-block-spacer\"><\/div>\n\n\n\n<p style=\"font-size:11px\">Cr\u00e9dits photos&nbsp;:<\/p>\n\n\n\n<p style=\"font-size:11px\">Lo\u00efc Kersuzan-Morbihan Tourisme pour les photos l\u00e9gend\u00e9es : vue a\u00e9rienne de la grande plage de l&rsquo;\u00cele-aux-Moines, Grande plage de l&rsquo;\u00cele-aux-Moines, Massif de fleurs typiques et petits bateaux sur le ponton<\/p>\n","protected":false},"excerpt":{"rendered":"<p>On trouve de nombreuses \u00eeles merveilleuses en Bretagne. Nous vous proposons d&rsquo;en d\u00e9couvrir plusieurs et commen\u00e7ons aujourd&rsquo;hui par l\u00cele Aux Moines !<\/p>\n","protected":false},"author":2,"featured_media":312,"comment_status":"open","ping_status":"closed","sticky":false,"template":"","format":"standard","meta":{"footnotes":""},"categories":[3,2,5],"tags":[],"class_list":["post-286","post","type-post","status-publish","format-standard","has-post-thumbnail","hentry","category-carnacetsesenvirons","category-non-classifiee","category-visiter"],"yoast_head":"<!-- This site is optimized with the Yoast SEO plugin v27.4 - https:\/\/yoast.com\/product\/yoast-seo-wordpress\/ -->\n<title>FOCUS : l&#039;\u00cele aux Moines - Blog -Tourisme en Bretagne<\/title>\n<meta name=\"description\" content=\"On trouve de nombreuses \u00eeles merveilleuses en Bretagne. Et si nous faisions un peu de tourisme sur l&#039;\u00cele Aux Moines ?\" \/>\n<meta name=\"robots\" content=\"index, follow, max-snippet:-1, max-image-preview:large, max-video-preview:-1\" \/>\n<link rel=\"canonical\" href=\"https:\/\/www.vacances-villas.com\/blog\/focus-lile-aux-moines-tourisme-activit\/\" \/>\n<meta property=\"og:locale\" content=\"fr_FR\" \/>\n<meta property=\"og:type\" content=\"article\" \/>\n<meta property=\"og:title\" content=\"FOCUS : l&#039;\u00cele aux Moines - Blog -Tourisme en Bretagne\" \/>\n<meta property=\"og:description\" content=\"On trouve de nombreuses \u00eeles merveilleuses en Bretagne. Et si nous faisions un peu de tourisme sur l&#039;\u00cele Aux Moines ?\" \/>\n<meta property=\"og:url\" content=\"https:\/\/www.vacances-villas.com\/blog\/focus-lile-aux-moines-tourisme-activit\/\" \/>\n<meta property=\"og:site_name\" content=\"Blog\" \/>\n<meta property=\"article:publisher\" content=\"https:\/\/www.facebook.com\/profile.php?id=100068103702281\" \/>\n<meta property=\"article:author\" content=\"https:\/\/www.facebook.com\/Agence-Atlantique-106373688301129\" \/>\n<meta property=\"article:published_time\" content=\"2021-09-16T14:30:58+00:00\" \/>\n<meta property=\"article:modified_time\" content=\"2024-07-05T08:14:46+00:00\" \/>\n<meta property=\"og:image\" content=\"https:\/\/www.vacances-villas.com\/blog\/wp-content\/uploads\/2021\/09\/crtb-ac8092_LE-GAL-Yannick-2.jpg\" \/>\n\t<meta property=\"og:image:width\" content=\"1000\" \/>\n\t<meta property=\"og:image:height\" content=\"658\" \/>\n\t<meta property=\"og:image:type\" content=\"image\/jpeg\" \/>\n<meta name=\"author\" content=\"vacances-villas\" \/>\n<meta name=\"twitter:card\" content=\"summary_large_image\" \/>\n<meta name=\"twitter:label1\" content=\"\u00c9crit par\" \/>\n\t<meta name=\"twitter:data1\" content=\"vacances-villas\" \/>\n\t<meta name=\"twitter:label2\" content=\"Dur\u00e9e de lecture estim\u00e9e\" \/>\n\t<meta name=\"twitter:data2\" content=\"4 minutes\" \/>\n<script type=\"application\/ld+json\" class=\"yoast-schema-graph\">{\"@context\":\"https:\\\/\\\/schema.org\",\"@graph\":[{\"@type\":\"Article\",\"@id\":\"https:\\\/\\\/www.vacances-villas.com\\\/blog\\\/focus-lile-aux-moines-tourisme-activit\\\/#article\",\"isPartOf\":{\"@id\":\"https:\\\/\\\/www.vacances-villas.com\\\/blog\\\/focus-lile-aux-moines-tourisme-activit\\\/\"},\"author\":{\"name\":\"vacances-villas\",\"@id\":\"https:\\\/\\\/www.vacances-villas.com\\\/blog\\\/#\\\/schema\\\/person\\\/bbb0831c81e3c27edfe3425d99c758c7\"},\"headline\":\"FOCUS : l&rsquo;\u00cele aux Moines\",\"datePublished\":\"2021-09-16T14:30:58+00:00\",\"dateModified\":\"2024-07-05T08:14:46+00:00\",\"mainEntityOfPage\":{\"@id\":\"https:\\\/\\\/www.vacances-villas.com\\\/blog\\\/focus-lile-aux-moines-tourisme-activit\\\/\"},\"wordCount\":602,\"commentCount\":0,\"publisher\":{\"@id\":\"https:\\\/\\\/www.vacances-villas.com\\\/blog\\\/#organization\"},\"image\":{\"@id\":\"https:\\\/\\\/www.vacances-villas.com\\\/blog\\\/focus-lile-aux-moines-tourisme-activit\\\/#primaryimage\"},\"thumbnailUrl\":\"https:\\\/\\\/www.vacances-villas.com\\\/blog\\\/wp-content\\\/uploads\\\/2021\\\/09\\\/crtb-ac8092_LE-GAL-Yannick-2.jpg\",\"articleSection\":[\"Carnac et ses environs\",\"Non classifi\u00e9(e)\",\"Visiter\"],\"inLanguage\":\"fr-FR\",\"potentialAction\":[{\"@type\":\"CommentAction\",\"name\":\"Comment\",\"target\":[\"https:\\\/\\\/www.vacances-villas.com\\\/blog\\\/focus-lile-aux-moines-tourisme-activit\\\/#respond\"]}]},{\"@type\":\"WebPage\",\"@id\":\"https:\\\/\\\/www.vacances-villas.com\\\/blog\\\/focus-lile-aux-moines-tourisme-activit\\\/\",\"url\":\"https:\\\/\\\/www.vacances-villas.com\\\/blog\\\/focus-lile-aux-moines-tourisme-activit\\\/\",\"name\":\"FOCUS : l'\u00cele aux Moines - Blog -Tourisme en Bretagne\",\"isPartOf\":{\"@id\":\"https:\\\/\\\/www.vacances-villas.com\\\/blog\\\/#website\"},\"primaryImageOfPage\":{\"@id\":\"https:\\\/\\\/www.vacances-villas.com\\\/blog\\\/focus-lile-aux-moines-tourisme-activit\\\/#primaryimage\"},\"image\":{\"@id\":\"https:\\\/\\\/www.vacances-villas.com\\\/blog\\\/focus-lile-aux-moines-tourisme-activit\\\/#primaryimage\"},\"thumbnailUrl\":\"https:\\\/\\\/www.vacances-villas.com\\\/blog\\\/wp-content\\\/uploads\\\/2021\\\/09\\\/crtb-ac8092_LE-GAL-Yannick-2.jpg\",\"datePublished\":\"2021-09-16T14:30:58+00:00\",\"dateModified\":\"2024-07-05T08:14:46+00:00\",\"description\":\"On trouve de nombreuses \u00eeles merveilleuses en Bretagne. Et si nous faisions un peu de tourisme sur l'\u00cele Aux Moines ?\",\"breadcrumb\":{\"@id\":\"https:\\\/\\\/www.vacances-villas.com\\\/blog\\\/focus-lile-aux-moines-tourisme-activit\\\/#breadcrumb\"},\"inLanguage\":\"fr-FR\",\"potentialAction\":[{\"@type\":\"ReadAction\",\"target\":[\"https:\\\/\\\/www.vacances-villas.com\\\/blog\\\/focus-lile-aux-moines-tourisme-activit\\\/\"]}]},{\"@type\":\"ImageObject\",\"inLanguage\":\"fr-FR\",\"@id\":\"https:\\\/\\\/www.vacances-villas.com\\\/blog\\\/focus-lile-aux-moines-tourisme-activit\\\/#primaryimage\",\"url\":\"https:\\\/\\\/www.vacances-villas.com\\\/blog\\\/wp-content\\\/uploads\\\/2021\\\/09\\\/crtb-ac8092_LE-GAL-Yannick-2.jpg\",\"contentUrl\":\"https:\\\/\\\/www.vacances-villas.com\\\/blog\\\/wp-content\\\/uploads\\\/2021\\\/09\\\/crtb-ac8092_LE-GAL-Yannick-2.jpg\",\"width\":1000,\"height\":658},{\"@type\":\"BreadcrumbList\",\"@id\":\"https:\\\/\\\/www.vacances-villas.com\\\/blog\\\/focus-lile-aux-moines-tourisme-activit\\\/#breadcrumb\",\"itemListElement\":[{\"@type\":\"ListItem\",\"position\":1,\"name\":\"Home\",\"item\":\"https:\\\/\\\/www.vacances-villas.com\\\/blog\\\/\"},{\"@type\":\"ListItem\",\"position\":2,\"name\":\"FOCUS : l&rsquo;\u00cele aux Moines\"}]},{\"@type\":\"WebSite\",\"@id\":\"https:\\\/\\\/www.vacances-villas.com\\\/blog\\\/#website\",\"url\":\"https:\\\/\\\/www.vacances-villas.com\\\/blog\\\/\",\"name\":\"Blog\",\"description\":\"vacances-villas\",\"publisher\":{\"@id\":\"https:\\\/\\\/www.vacances-villas.com\\\/blog\\\/#organization\"},\"potentialAction\":[{\"@type\":\"SearchAction\",\"target\":{\"@type\":\"EntryPoint\",\"urlTemplate\":\"https:\\\/\\\/www.vacances-villas.com\\\/blog\\\/?s={search_term_string}\"},\"query-input\":{\"@type\":\"PropertyValueSpecification\",\"valueRequired\":true,\"valueName\":\"search_term_string\"}}],\"inLanguage\":\"fr-FR\"},{\"@type\":\"Organization\",\"@id\":\"https:\\\/\\\/www.vacances-villas.com\\\/blog\\\/#organization\",\"name\":\"Vacances Villas\",\"url\":\"https:\\\/\\\/www.vacances-villas.com\\\/blog\\\/\",\"logo\":{\"@type\":\"ImageObject\",\"inLanguage\":\"fr-FR\",\"@id\":\"https:\\\/\\\/www.vacances-villas.com\\\/blog\\\/#\\\/schema\\\/logo\\\/image\\\/\",\"url\":\"https:\\\/\\\/www.vacances-villas.com\\\/blog\\\/wp-content\\\/uploads\\\/2024\\\/07\\\/logo.png\",\"contentUrl\":\"https:\\\/\\\/www.vacances-villas.com\\\/blog\\\/wp-content\\\/uploads\\\/2024\\\/07\\\/logo.png\",\"width\":1140,\"height\":488,\"caption\":\"Vacances Villas\"},\"image\":{\"@id\":\"https:\\\/\\\/www.vacances-villas.com\\\/blog\\\/#\\\/schema\\\/logo\\\/image\\\/\"},\"sameAs\":[\"https:\\\/\\\/www.facebook.com\\\/profile.php?id=100068103702281\"]},{\"@type\":\"Person\",\"@id\":\"https:\\\/\\\/www.vacances-villas.com\\\/blog\\\/#\\\/schema\\\/person\\\/bbb0831c81e3c27edfe3425d99c758c7\",\"name\":\"vacances-villas\",\"image\":{\"@type\":\"ImageObject\",\"inLanguage\":\"fr-FR\",\"@id\":\"https:\\\/\\\/secure.gravatar.com\\\/avatar\\\/febfbdfb3d0eb2745e648590e83d2c5144bf2c7261ed976be516a2fa070c7818?s=96&d=mm&r=g\",\"url\":\"https:\\\/\\\/secure.gravatar.com\\\/avatar\\\/febfbdfb3d0eb2745e648590e83d2c5144bf2c7261ed976be516a2fa070c7818?s=96&d=mm&r=g\",\"contentUrl\":\"https:\\\/\\\/secure.gravatar.com\\\/avatar\\\/febfbdfb3d0eb2745e648590e83d2c5144bf2c7261ed976be516a2fa070c7818?s=96&d=mm&r=g\",\"caption\":\"vacances-villas\"},\"sameAs\":[\"https:\\\/\\\/www.facebook.com\\\/Agence-Atlantique-106373688301129\"],\"url\":\"https:\\\/\\\/www.vacances-villas.com\\\/blog\\\/author\\\/vacances-villas\\\/\"}]}<\/script>\n<!-- \/ Yoast SEO plugin. -->","yoast_head_json":{"title":"FOCUS : l'\u00cele aux Moines - Blog -Tourisme en Bretagne","description":"On trouve de nombreuses \u00eeles merveilleuses en Bretagne. Et si nous faisions un peu de tourisme sur l'\u00cele Aux Moines ?","robots":{"index":"index","follow":"follow","max-snippet":"max-snippet:-1","max-image-preview":"max-image-preview:large","max-video-preview":"max-video-preview:-1"},"canonical":"https:\/\/www.vacances-villas.com\/blog\/focus-lile-aux-moines-tourisme-activit\/","og_locale":"fr_FR","og_type":"article","og_title":"FOCUS : l'\u00cele aux Moines - Blog -Tourisme en Bretagne","og_description":"On trouve de nombreuses \u00eeles merveilleuses en Bretagne. Et si nous faisions un peu de tourisme sur l'\u00cele Aux Moines ?","og_url":"https:\/\/www.vacances-villas.com\/blog\/focus-lile-aux-moines-tourisme-activit\/","og_site_name":"Blog","article_publisher":"https:\/\/www.facebook.com\/profile.php?id=100068103702281","article_author":"https:\/\/www.facebook.com\/Agence-Atlantique-106373688301129","article_published_time":"2021-09-16T14:30:58+00:00","article_modified_time":"2024-07-05T08:14:46+00:00","og_image":[{"width":1000,"height":658,"url":"https:\/\/www.vacances-villas.com\/blog\/wp-content\/uploads\/2021\/09\/crtb-ac8092_LE-GAL-Yannick-2.jpg","type":"image\/jpeg"}],"author":"vacances-villas","twitter_card":"summary_large_image","twitter_misc":{"\u00c9crit par":"vacances-villas","Dur\u00e9e de lecture estim\u00e9e":"4 minutes"},"schema":{"@context":"https:\/\/schema.org","@graph":[{"@type":"Article","@id":"https:\/\/www.vacances-villas.com\/blog\/focus-lile-aux-moines-tourisme-activit\/#article","isPartOf":{"@id":"https:\/\/www.vacances-villas.com\/blog\/focus-lile-aux-moines-tourisme-activit\/"},"author":{"name":"vacances-villas","@id":"https:\/\/www.vacances-villas.com\/blog\/#\/schema\/person\/bbb0831c81e3c27edfe3425d99c758c7"},"headline":"FOCUS : l&rsquo;\u00cele aux Moines","datePublished":"2021-09-16T14:30:58+00:00","dateModified":"2024-07-05T08:14:46+00:00","mainEntityOfPage":{"@id":"https:\/\/www.vacances-villas.com\/blog\/focus-lile-aux-moines-tourisme-activit\/"},"wordCount":602,"commentCount":0,"publisher":{"@id":"https:\/\/www.vacances-villas.com\/blog\/#organization"},"image":{"@id":"https:\/\/www.vacances-villas.com\/blog\/focus-lile-aux-moines-tourisme-activit\/#primaryimage"},"thumbnailUrl":"https:\/\/www.vacances-villas.com\/blog\/wp-content\/uploads\/2021\/09\/crtb-ac8092_LE-GAL-Yannick-2.jpg","articleSection":["Carnac et ses environs","Non classifi\u00e9(e)","Visiter"],"inLanguage":"fr-FR","potentialAction":[{"@type":"CommentAction","name":"Comment","target":["https:\/\/www.vacances-villas.com\/blog\/focus-lile-aux-moines-tourisme-activit\/#respond"]}]},{"@type":"WebPage","@id":"https:\/\/www.vacances-villas.com\/blog\/focus-lile-aux-moines-tourisme-activit\/","url":"https:\/\/www.vacances-villas.com\/blog\/focus-lile-aux-moines-tourisme-activit\/","name":"FOCUS : l'\u00cele aux Moines - Blog -Tourisme en Bretagne","isPartOf":{"@id":"https:\/\/www.vacances-villas.com\/blog\/#website"},"primaryImageOfPage":{"@id":"https:\/\/www.vacances-villas.com\/blog\/focus-lile-aux-moines-tourisme-activit\/#primaryimage"},"image":{"@id":"https:\/\/www.vacances-villas.com\/blog\/focus-lile-aux-moines-tourisme-activit\/#primaryimage"},"thumbnailUrl":"https:\/\/www.vacances-villas.com\/blog\/wp-content\/uploads\/2021\/09\/crtb-ac8092_LE-GAL-Yannick-2.jpg","datePublished":"2021-09-16T14:30:58+00:00","dateModified":"2024-07-05T08:14:46+00:00","description":"On trouve de nombreuses \u00eeles merveilleuses en Bretagne. Et si nous faisions un peu de tourisme sur l'\u00cele Aux Moines ?","breadcrumb":{"@id":"https:\/\/www.vacances-villas.com\/blog\/focus-lile-aux-moines-tourisme-activit\/#breadcrumb"},"inLanguage":"fr-FR","potentialAction":[{"@type":"ReadAction","target":["https:\/\/www.vacances-villas.com\/blog\/focus-lile-aux-moines-tourisme-activit\/"]}]},{"@type":"ImageObject","inLanguage":"fr-FR","@id":"https:\/\/www.vacances-villas.com\/blog\/focus-lile-aux-moines-tourisme-activit\/#primaryimage","url":"https:\/\/www.vacances-villas.com\/blog\/wp-content\/uploads\/2021\/09\/crtb-ac8092_LE-GAL-Yannick-2.jpg","contentUrl":"https:\/\/www.vacances-villas.com\/blog\/wp-content\/uploads\/2021\/09\/crtb-ac8092_LE-GAL-Yannick-2.jpg","width":1000,"height":658},{"@type":"BreadcrumbList","@id":"https:\/\/www.vacances-villas.com\/blog\/focus-lile-aux-moines-tourisme-activit\/#breadcrumb","itemListElement":[{"@type":"ListItem","position":1,"name":"Home","item":"https:\/\/www.vacances-villas.com\/blog\/"},{"@type":"ListItem","position":2,"name":"FOCUS : l&rsquo;\u00cele aux Moines"}]},{"@type":"WebSite","@id":"https:\/\/www.vacances-villas.com\/blog\/#website","url":"https:\/\/www.vacances-villas.com\/blog\/","name":"Blog","description":"vacances-villas","publisher":{"@id":"https:\/\/www.vacances-villas.com\/blog\/#organization"},"potentialAction":[{"@type":"SearchAction","target":{"@type":"EntryPoint","urlTemplate":"https:\/\/www.vacances-villas.com\/blog\/?s={search_term_string}"},"query-input":{"@type":"PropertyValueSpecification","valueRequired":true,"valueName":"search_term_string"}}],"inLanguage":"fr-FR"},{"@type":"Organization","@id":"https:\/\/www.vacances-villas.com\/blog\/#organization","name":"Vacances Villas","url":"https:\/\/www.vacances-villas.com\/blog\/","logo":{"@type":"ImageObject","inLanguage":"fr-FR","@id":"https:\/\/www.vacances-villas.com\/blog\/#\/schema\/logo\/image\/","url":"https:\/\/www.vacances-villas.com\/blog\/wp-content\/uploads\/2024\/07\/logo.png","contentUrl":"https:\/\/www.vacances-villas.com\/blog\/wp-content\/uploads\/2024\/07\/logo.png","width":1140,"height":488,"caption":"Vacances Villas"},"image":{"@id":"https:\/\/www.vacances-villas.com\/blog\/#\/schema\/logo\/image\/"},"sameAs":["https:\/\/www.facebook.com\/profile.php?id=100068103702281"]},{"@type":"Person","@id":"https:\/\/www.vacances-villas.com\/blog\/#\/schema\/person\/bbb0831c81e3c27edfe3425d99c758c7","name":"vacances-villas","image":{"@type":"ImageObject","inLanguage":"fr-FR","@id":"https:\/\/secure.gravatar.com\/avatar\/febfbdfb3d0eb2745e648590e83d2c5144bf2c7261ed976be516a2fa070c7818?s=96&d=mm&r=g","url":"https:\/\/secure.gravatar.com\/avatar\/febfbdfb3d0eb2745e648590e83d2c5144bf2c7261ed976be516a2fa070c7818?s=96&d=mm&r=g","contentUrl":"https:\/\/secure.gravatar.com\/avatar\/febfbdfb3d0eb2745e648590e83d2c5144bf2c7261ed976be516a2fa070c7818?s=96&d=mm&r=g","caption":"vacances-villas"},"sameAs":["https:\/\/www.facebook.com\/Agence-Atlantique-106373688301129"],"url":"https:\/\/www.vacances-villas.com\/blog\/author\/vacances-villas\/"}]}},"_links":{"self":[{"href":"https:\/\/www.vacances-villas.com\/blog\/wp-json\/wp\/v2\/posts\/286","targetHints":{"allow":["GET"]}}],"collection":[{"href":"https:\/\/www.vacances-villas.com\/blog\/wp-json\/wp\/v2\/posts"}],"about":[{"href":"https:\/\/www.vacances-villas.com\/blog\/wp-json\/wp\/v2\/types\/post"}],"author":[{"embeddable":true,"href":"https:\/\/www.vacances-villas.com\/blog\/wp-json\/wp\/v2\/users\/2"}],"replies":[{"embeddable":true,"href":"https:\/\/www.vacances-villas.com\/blog\/wp-json\/wp\/v2\/comments?post=286"}],"version-history":[{"count":20,"href":"https:\/\/www.vacances-villas.com\/blog\/wp-json\/wp\/v2\/posts\/286\/revisions"}],"predecessor-version":[{"id":336,"href":"https:\/\/www.vacances-villas.com\/blog\/wp-json\/wp\/v2\/posts\/286\/revisions\/336"}],"wp:featuredmedia":[{"embeddable":true,"href":"https:\/\/www.vacances-villas.com\/blog\/wp-json\/wp\/v2\/media\/312"}],"wp:attachment":[{"href":"https:\/\/www.vacances-villas.com\/blog\/wp-json\/wp\/v2\/media?parent=286"}],"wp:term":[{"taxonomy":"category","embeddable":true,"href":"https:\/\/www.vacances-villas.com\/blog\/wp-json\/wp\/v2\/categories?post=286"},{"taxonomy":"post_tag","embeddable":true,"href":"https:\/\/www.vacances-villas.com\/blog\/wp-json\/wp\/v2\/tags?post=286"}],"curies":[{"name":"wp","href":"https:\/\/api.w.org\/{rel}","templated":true}]}}