{"id":387,"date":"2021-11-08T11:05:17","date_gmt":"2021-11-08T11:05:17","guid":{"rendered":"https:\/\/www.vacances-villas.com\/blog\/?p=387"},"modified":"2021-11-08T11:05:18","modified_gmt":"2021-11-08T11:05:18","slug":"bons-plans-gourmands-bretagne","status":"publish","type":"post","link":"https:\/\/www.vacances-villas.com\/blog\/bons-plans-gourmands-bretagne\/","title":{"rendered":"Bons Plans Gourmands"},"content":{"rendered":"\n<p><em>Comme nous avons \u00e0 coeur que vous passiez un bon s\u00e9jour en Bretagne Sud, nous vous proposons une petite s\u00e9lection de bon plans pour allier visite et d\u00e9gustation !<\/em><\/p>\n\n\n\n<div style=\"height:60px\" aria-hidden=\"true\" class=\"wp-block-spacer\"><\/div>\n\n\n\n<h2 class=\"wp-block-heading\"> Les Boutiques <\/h2>\n\n\n\n<div style=\"height:40px\" aria-hidden=\"true\" class=\"wp-block-spacer\"><\/div>\n\n\n\n<p><strong>Biscuiterie la Trinitaine :<\/strong> Maison fond\u00e9e en 1955, cette biscuiterie bretonne ravira vos papilles \u00e0 coups s\u00fbr ! <\/p>\n\n\n\n<p>Son produit phare ? la cigarette pur beurre. Cr\u00e9\u00e9e par hasard par Lucien Petit en 1955, c&rsquo;est elle qui  sera \u00e0 l&rsquo;origine de la biscuiterie. Aujourd&rsquo;hui la famille Petit a conserv\u00e9 son patrimoine et continue de proposer de d\u00e9licieux g\u00e2teaux et biscuits. Chaque ann\u00e9e La Trinitaine produit 11 500 tonnes de p\u00e2tisseries avec des ingr\u00e9dients locaux et tout le savoir-faire breton. <\/p>\n\n\n\n<div style=\"height:20px\" aria-hidden=\"true\" class=\"wp-block-spacer\"><\/div>\n\n\n\n<p><em>Adresses des boutiques en Bretagne Sud  : <\/em><\/p>\n\n\n\n<p>-Cours des quais 56470 LA TRINITE SUR MER<\/p>\n\n\n\n<p>-2 rue des Menhirs 56410 ERDEVEN<\/p>\n\n\n\n<p>-60 avenue des druides 56340 CARNAC<\/p>\n\n\n\n<p>-13 rue de Verdun 56170 QUIBERON<\/p>\n\n\n\n<p>Vous voulez en savoir plus ? visitez <a href=\"https:\/\/www.latrinitaine.com\/\">le site internet de La Trinitaine<\/a><\/p>\n\n\n\n<figure class=\"wp-block-image size-large is-resized\"><img loading=\"lazy\" decoding=\"async\" src=\"https:\/\/www.vacances-villas.com\/blog\/wp-content\/uploads\/2021\/11\/crtb-ad2536_BOURCIER-Simon-1000x630.jpg\" alt=\"\" class=\"wp-image-410\" width=\"500\" height=\"300\"\/><figcaption>palets bretons<\/figcaption><\/figure>\n\n\n\n<div style=\"height:100px\" aria-hidden=\"true\" class=\"wp-block-spacer\"><\/div>\n\n\n\n<p><strong>Conserverie<\/strong> <strong>La Quiberonaise : <\/strong>Une authentique conserverie bretonne qui n&rsquo;a pas fini de vous r\u00e9galer !<\/p>\n\n\n\n<p>Avec ses boites de conserve au design vintage et ses poissons tout frais p\u00each\u00e9s, La Quiberonaise n&rsquo;est pas une conserverie comme les autres. <\/p>\n\n\n\n<p>Pour s&rsquo;assurer d&rsquo;avoir le meilleur poisson possible, la conserverie fait tr\u00e8s attention \u00e0 la saisonnalit\u00e9 des p\u00eaches des poissons. Les poissons sont mis en conserve tout de suite apr\u00e8s la p\u00eache afin de garantir leur qualit\u00e9. Chaque boite de conserve est \u00ab\u00a0mill\u00e9sim\u00e9e\u00a0\u00bb c&rsquo;est \u00e0 dire que l&rsquo;ann\u00e9e o\u00f9 elle a \u00e9t\u00e9 fabriqu\u00e9e est indiqu\u00e9e sur la bo\u00eete. On peut ainsi \u00ab\u00a0laisser vieillir\u00a0\u00bb la conserve afin qu&rsquo;elle se bonifie, un peu comme une bouteille de vin. <\/p>\n\n\n\n<p>Sardines \u00e0 l&rsquo;ancienne, Thon Blanc Germon, Maquereaux, Saumons, Soupe de poisson bretonne, Bisque de crabe et Pr\u00e9parations \u00e0 tartiner n&rsquo;attendent que vous !  <\/p>\n\n\n\n<div style=\"height:20px\" aria-hidden=\"true\" class=\"wp-block-spacer\"><\/div>\n\n\n\n<p><em>Adresse des points de vente : <\/em><\/p>\n\n\n\n<p>-Magasin d&rsquo;usine : 30 rue du port de p\u00eache 56170 QUIBERON<\/p>\n\n\n\n<p>-Conserverie : BP40217 30 rue de Port de P\u00eache 56172 QUIBERON<\/p>\n\n\n\n<p>-Boutique de Carnac : 22 avenue Miln 56340 CARNAC<\/p>\n\n\n\n<p>Envie d&rsquo;en savoir plus ? Visitez <a href=\"https:\/\/www.laquiberonnaise.fr\/\">le site internet de La Quiberonaise<\/a><\/p>\n\n\n\n<div style=\"height:100px\" aria-hidden=\"true\" class=\"wp-block-spacer\"><\/div>\n\n\n\n<p><strong>Boulangerie P\u00e2tisserie Au Petit Prince :<\/strong> Comme nous proposons beaucoup de logements dans la r\u00e9gion de Carnac, nous voulions vous donner notre bon plan pour les vacances. <\/p>\n\n\n\n<p>Ce boulanger p\u00e2tissier est l&rsquo;un des meilleurs de Carnac. L&rsquo;\u00e9tablissement est vainqueur du <strong>Meilleur P\u00e2tissier Les Professionnel \u00e9dition 2019 ! <\/strong>Vous retrouverez dans leur boutique : des pains, des macarons, des chocolats, des confiseries, des p\u00e2tisseries bretonnes et des biscuits. Il y a un large \u00e9ventail de douceurs pour vous faire plaisir ou faire plaisir \u00e0 vos proches. <\/p>\n\n\n\n<p><em>Adresse de la boutique :<\/em> 75, avenue des Druides 56340 CARNAC-PLAGE<br><\/p>\n\n\n\n<p>Vous voulez en savoir plus ? Visitez <a href=\"https:\/\/aupetitprince.fr\/fr\/\">le site internet Au Petit Prince. <\/a><\/p>\n\n\n\n<figure class=\"wp-block-image size-large is-resized\"><img loading=\"lazy\" decoding=\"async\" src=\"https:\/\/www.vacances-villas.com\/blog\/wp-content\/uploads\/2021\/11\/crtb-ad2318_BOURCIER-Simon-1000x630.jpg\" alt=\"\" class=\"wp-image-408\" width=\"500\" height=\"300\"\/><figcaption>petit macaron<\/figcaption><\/figure>\n\n\n\n<div style=\"height:100px\" aria-hidden=\"true\" class=\"wp-block-spacer\"><\/div>\n\n\n\n<h2 class=\"wp-block-heading\"> Boutiques et Visites <\/h2>\n\n\n\n<div style=\"height:60px\" aria-hidden=\"true\" class=\"wp-block-spacer\"><\/div>\n\n\n\n<p><strong>La Belle \u00celoise : <\/strong>Conserverie quiberonnaise datant de 1932, la belle \u00eeloise reste un incontournable depuis pr\u00e8s de 90 ans ! <\/p>\n\n\n\n<p>Le design faussement vintage de ses bo\u00eetes et sa diversit\u00e9 de produits ne pourront que vous r\u00e9jouir. Sardines, Thon, Maquereaux, \u00e9miett\u00e9s de poisson, produits ap\u00e9ritifs, soupes ou encore salades il y en pour tout les go\u00fbts. <\/p>\n\n\n\n<p>Le petit plus ? Vous pourrez trouver plusieurs boutiques dans toute la Bretagne et m\u00eame au del\u00e0 (il y a par exemple une boutique La Belle \u00celoise \u00e0 La Rochelle). La conserverie ouvre m\u00eame les portes de son usine et vous permet de d\u00e9couvrir comment on le poisson passe de la p\u00eache \u00e0 la conserve. Vous pourrez \u00e9galement en apprendre plus sur l&rsquo;histoire de la conserverie. Un espace d\u00e9couverte et d\u00e9gustation est \u00e9galement ouvert pr\u00e8s de l&rsquo;usine afin de d\u00e9couvrir \u00e0 votre rythme, les savoir-faire de la Belle \u00celoise.<\/p>\n\n\n\n<div style=\"height:20px\" aria-hidden=\"true\" class=\"wp-block-spacer\"><\/div>\n\n\n\n<p><em>Adresses : <\/em><\/p>\n\n\n\n<p>-La Boutique : 10 rue de Kervoz\u00e8s 56170 QUIBERON<\/p>\n\n\n\n<p>-L&rsquo;usine : &nbsp;Zone d&rsquo;activit\u00e9s Plein ouest &#8211; 56170 QUIBERON<\/p>\n\n\n\n<p>envie d&rsquo;en savoir plus ? visitez le <a href=\"https:\/\/www.labelleiloise.fr\/fr\/\">site internet de La Belle \u00celoise<\/a><\/p>\n\n\n\n<figure class=\"wp-block-image size-large is-resized\"><img loading=\"lazy\" decoding=\"async\" src=\"https:\/\/www.vacances-villas.com\/blog\/wp-content\/uploads\/2021\/11\/crtb-ac3815_GLADU-Ronan-1000x630.jpg\" alt=\"\" class=\"wp-image-406\" width=\"500\" height=\"300\"\/><figcaption>Petites sardines fra\u00eeches<\/figcaption><\/figure>\n\n\n\n<div style=\"height:100px\" aria-hidden=\"true\" class=\"wp-block-spacer\"><\/div>\n\n\n\n<p><strong>Usine Henaff : <\/strong>une fiert\u00e9 bretonne<\/p>\n\n\n\n<p>Cette sp\u00e9cialit\u00e9 charcuti\u00e8re Bretonne a vu le jour \u00e0 Pouldreuzic en 1915 et fait encore aujourd&rsquo;hui la fiert\u00e9 de la Bretagne. De nos jours, l&rsquo;entreprise s&rsquo;est diversifi\u00e9e et propose d&rsquo;autres charcuteries : p\u00e2t\u00e9s, rillettes, saucisses, produits de la mer, ap\u00e9ritifs&#8230;  Elle va m\u00eame plus loin car c&rsquo;est elle qui pr\u00e9pare les repas de f\u00eate pour la station spatiale internationale !<\/p>\n\n\n\n<p>le petit plus ? Vous pouvez visiter le mus\u00e9e du p\u00e2t\u00e9 Henaff qui a \u00e9t\u00e9 construit dans la maison m\u00eame du fondateur du p\u00e2t\u00e9 Henaff ! Vous pourrez y voir des documents d&rsquo;\u00e9poque, des extraits de films, des outils d&rsquo;\u00e9poque et des photos. Il y a m\u00eame un parcours sp\u00e9cial anim\u00e9 pour les enfants. <\/p>\n\n\n\n<p>Vous trouverez pr\u00e8s du mus\u00e9e une boutique Henaff o\u00f9 vous pourrez acheter puis d\u00e9guster leurs savoureuses recettes. <\/p>\n\n\n\n<p><em>Adresse : <\/em><\/p>\n\n\n\n<p>Lieu-dit, Pendreff, 29710 Pouldreuzic<\/p>\n\n\n\n<p>envie d&rsquo;en savoir plus ? visitez <a href=\"https:\/\/www.henaff.com\/\">le site internet d&rsquo;H\u00e9naff<\/a><\/p>\n\n\n\n<div style=\"height:140px\" aria-hidden=\"true\" class=\"wp-block-spacer\"><\/div>\n\n\n\n<p>Si ce petit tour d\u2019horizon des bons plans gourmands pr\u00e8s de Carnac vous a plu, n\u2019h\u00e9sitez pas \u00e0 laisser un commentaire et \u00e0 nous rejoindre sur <a href=\"https:\/\/www.facebook.com\/profile.php?id=100068103702281\">notre page Facebook<\/a> \ud83d\ude0a<\/p>\n\n\n\n<div style=\"height:150px\" aria-hidden=\"true\" class=\"wp-block-spacer\"><\/div>\n\n\n\n<p style=\"font-size:11px\">Cr\u00e9dits photos&nbsp;:<\/p>\n\n\n\n<p style=\"font-size:11px\">GLADU RONAN pour les photos l\u00e9gend\u00e9es : petites sardines fra\u00eeches<\/p>\n\n\n\n<p style=\"font-size:11px\">BOURCIER Simon pour les photos l\u00e9gend\u00e9es : palets bretons ; petit macaron<\/p>\n","protected":false},"excerpt":{"rendered":"<p>Comme nous avons \u00e0 coeur que vous passiez un bon s\u00e9jour en Bretagne Sud, nous vous proposons une petite s\u00e9lection de bon plans pour allier visite et d\u00e9gustation !<\/p>\n","protected":false},"author":2,"featured_media":356,"comment_status":"open","ping_status":"closed","sticky":false,"template":"","format":"standard","meta":{"footnotes":""},"categories":[2],"tags":[],"class_list":["post-387","post","type-post","status-publish","format-standard","has-post-thumbnail","hentry","category-non-classifiee"],"yoast_head":"<!-- This site is optimized with the Yoast SEO plugin v27.4 - https:\/\/yoast.com\/product\/yoast-seo-wordpress\/ -->\n<title>Bons Plans Gourmands - Blog<\/title>\n<meta name=\"description\" content=\"Pour que vous passiez un bon s\u00e9jour en Bretagne Sud, nous vous proposons une petite s\u00e9lection de bon plans pour allier visite et d\u00e9gustation !\" \/>\n<meta name=\"robots\" content=\"index, follow, max-snippet:-1, max-image-preview:large, max-video-preview:-1\" \/>\n<link rel=\"canonical\" href=\"https:\/\/www.vacances-villas.com\/blog\/bons-plans-gourmands-bretagne\/\" \/>\n<meta property=\"og:locale\" content=\"fr_FR\" \/>\n<meta property=\"og:type\" content=\"article\" \/>\n<meta property=\"og:title\" content=\"Bons Plans Gourmands - Blog\" \/>\n<meta property=\"og:description\" content=\"Pour que vous passiez un bon s\u00e9jour en Bretagne Sud, nous vous proposons une petite s\u00e9lection de bon plans pour allier visite et d\u00e9gustation !\" \/>\n<meta property=\"og:url\" content=\"https:\/\/www.vacances-villas.com\/blog\/bons-plans-gourmands-bretagne\/\" \/>\n<meta property=\"og:site_name\" content=\"Blog\" \/>\n<meta property=\"article:publisher\" content=\"https:\/\/www.facebook.com\/profile.php?id=100068103702281\" \/>\n<meta property=\"article:author\" content=\"https:\/\/www.facebook.com\/Agence-Atlantique-106373688301129\" \/>\n<meta property=\"article:published_time\" content=\"2021-11-08T11:05:17+00:00\" \/>\n<meta property=\"article:modified_time\" content=\"2021-11-08T11:05:18+00:00\" \/>\n<meta property=\"og:image\" content=\"https:\/\/www.vacances-villas.com\/blog\/wp-content\/uploads\/2021\/10\/crtb-ad4436_DERENNES-Yannick.jpg\" \/>\n\t<meta property=\"og:image:width\" content=\"1000\" \/>\n\t<meta property=\"og:image:height\" content=\"667\" \/>\n\t<meta property=\"og:image:type\" content=\"image\/jpeg\" \/>\n<meta name=\"author\" content=\"vacances-villas\" \/>\n<meta name=\"twitter:card\" content=\"summary_large_image\" \/>\n<meta name=\"twitter:label1\" content=\"\u00c9crit par\" \/>\n\t<meta name=\"twitter:data1\" content=\"vacances-villas\" \/>\n\t<meta name=\"twitter:label2\" content=\"Dur\u00e9e de lecture estim\u00e9e\" \/>\n\t<meta name=\"twitter:data2\" content=\"5 minutes\" \/>\n<script type=\"application\/ld+json\" class=\"yoast-schema-graph\">{\"@context\":\"https:\\\/\\\/schema.org\",\"@graph\":[{\"@type\":\"Article\",\"@id\":\"https:\\\/\\\/www.vacances-villas.com\\\/blog\\\/bons-plans-gourmands-bretagne\\\/#article\",\"isPartOf\":{\"@id\":\"https:\\\/\\\/www.vacances-villas.com\\\/blog\\\/bons-plans-gourmands-bretagne\\\/\"},\"author\":{\"name\":\"vacances-villas\",\"@id\":\"https:\\\/\\\/www.vacances-villas.com\\\/blog\\\/#\\\/schema\\\/person\\\/bbb0831c81e3c27edfe3425d99c758c7\"},\"headline\":\"Bons Plans Gourmands\",\"datePublished\":\"2021-11-08T11:05:17+00:00\",\"dateModified\":\"2021-11-08T11:05:18+00:00\",\"mainEntityOfPage\":{\"@id\":\"https:\\\/\\\/www.vacances-villas.com\\\/blog\\\/bons-plans-gourmands-bretagne\\\/\"},\"wordCount\":885,\"commentCount\":0,\"publisher\":{\"@id\":\"https:\\\/\\\/www.vacances-villas.com\\\/blog\\\/#organization\"},\"image\":{\"@id\":\"https:\\\/\\\/www.vacances-villas.com\\\/blog\\\/bons-plans-gourmands-bretagne\\\/#primaryimage\"},\"thumbnailUrl\":\"https:\\\/\\\/www.vacances-villas.com\\\/blog\\\/wp-content\\\/uploads\\\/2021\\\/10\\\/crtb-ad4436_DERENNES-Yannick.jpg\",\"articleSection\":[\"Non classifi\u00e9(e)\"],\"inLanguage\":\"fr-FR\",\"potentialAction\":[{\"@type\":\"CommentAction\",\"name\":\"Comment\",\"target\":[\"https:\\\/\\\/www.vacances-villas.com\\\/blog\\\/bons-plans-gourmands-bretagne\\\/#respond\"]}]},{\"@type\":\"WebPage\",\"@id\":\"https:\\\/\\\/www.vacances-villas.com\\\/blog\\\/bons-plans-gourmands-bretagne\\\/\",\"url\":\"https:\\\/\\\/www.vacances-villas.com\\\/blog\\\/bons-plans-gourmands-bretagne\\\/\",\"name\":\"Bons Plans Gourmands - Blog\",\"isPartOf\":{\"@id\":\"https:\\\/\\\/www.vacances-villas.com\\\/blog\\\/#website\"},\"primaryImageOfPage\":{\"@id\":\"https:\\\/\\\/www.vacances-villas.com\\\/blog\\\/bons-plans-gourmands-bretagne\\\/#primaryimage\"},\"image\":{\"@id\":\"https:\\\/\\\/www.vacances-villas.com\\\/blog\\\/bons-plans-gourmands-bretagne\\\/#primaryimage\"},\"thumbnailUrl\":\"https:\\\/\\\/www.vacances-villas.com\\\/blog\\\/wp-content\\\/uploads\\\/2021\\\/10\\\/crtb-ad4436_DERENNES-Yannick.jpg\",\"datePublished\":\"2021-11-08T11:05:17+00:00\",\"dateModified\":\"2021-11-08T11:05:18+00:00\",\"description\":\"Pour que vous passiez un bon s\u00e9jour en Bretagne Sud, nous vous proposons une petite s\u00e9lection de bon plans pour allier visite et d\u00e9gustation !\",\"breadcrumb\":{\"@id\":\"https:\\\/\\\/www.vacances-villas.com\\\/blog\\\/bons-plans-gourmands-bretagne\\\/#breadcrumb\"},\"inLanguage\":\"fr-FR\",\"potentialAction\":[{\"@type\":\"ReadAction\",\"target\":[\"https:\\\/\\\/www.vacances-villas.com\\\/blog\\\/bons-plans-gourmands-bretagne\\\/\"]}]},{\"@type\":\"ImageObject\",\"inLanguage\":\"fr-FR\",\"@id\":\"https:\\\/\\\/www.vacances-villas.com\\\/blog\\\/bons-plans-gourmands-bretagne\\\/#primaryimage\",\"url\":\"https:\\\/\\\/www.vacances-villas.com\\\/blog\\\/wp-content\\\/uploads\\\/2021\\\/10\\\/crtb-ad4436_DERENNES-Yannick.jpg\",\"contentUrl\":\"https:\\\/\\\/www.vacances-villas.com\\\/blog\\\/wp-content\\\/uploads\\\/2021\\\/10\\\/crtb-ad4436_DERENNES-Yannick.jpg\",\"width\":1000,\"height\":667},{\"@type\":\"BreadcrumbList\",\"@id\":\"https:\\\/\\\/www.vacances-villas.com\\\/blog\\\/bons-plans-gourmands-bretagne\\\/#breadcrumb\",\"itemListElement\":[{\"@type\":\"ListItem\",\"position\":1,\"name\":\"Home\",\"item\":\"https:\\\/\\\/www.vacances-villas.com\\\/blog\\\/\"},{\"@type\":\"ListItem\",\"position\":2,\"name\":\"Bons Plans Gourmands\"}]},{\"@type\":\"WebSite\",\"@id\":\"https:\\\/\\\/www.vacances-villas.com\\\/blog\\\/#website\",\"url\":\"https:\\\/\\\/www.vacances-villas.com\\\/blog\\\/\",\"name\":\"Blog\",\"description\":\"vacances-villas\",\"publisher\":{\"@id\":\"https:\\\/\\\/www.vacances-villas.com\\\/blog\\\/#organization\"},\"potentialAction\":[{\"@type\":\"SearchAction\",\"target\":{\"@type\":\"EntryPoint\",\"urlTemplate\":\"https:\\\/\\\/www.vacances-villas.com\\\/blog\\\/?s={search_term_string}\"},\"query-input\":{\"@type\":\"PropertyValueSpecification\",\"valueRequired\":true,\"valueName\":\"search_term_string\"}}],\"inLanguage\":\"fr-FR\"},{\"@type\":\"Organization\",\"@id\":\"https:\\\/\\\/www.vacances-villas.com\\\/blog\\\/#organization\",\"name\":\"Vacances Villas\",\"url\":\"https:\\\/\\\/www.vacances-villas.com\\\/blog\\\/\",\"logo\":{\"@type\":\"ImageObject\",\"inLanguage\":\"fr-FR\",\"@id\":\"https:\\\/\\\/www.vacances-villas.com\\\/blog\\\/#\\\/schema\\\/logo\\\/image\\\/\",\"url\":\"https:\\\/\\\/www.vacances-villas.com\\\/blog\\\/wp-content\\\/uploads\\\/2024\\\/07\\\/logo.png\",\"contentUrl\":\"https:\\\/\\\/www.vacances-villas.com\\\/blog\\\/wp-content\\\/uploads\\\/2024\\\/07\\\/logo.png\",\"width\":1140,\"height\":488,\"caption\":\"Vacances Villas\"},\"image\":{\"@id\":\"https:\\\/\\\/www.vacances-villas.com\\\/blog\\\/#\\\/schema\\\/logo\\\/image\\\/\"},\"sameAs\":[\"https:\\\/\\\/www.facebook.com\\\/profile.php?id=100068103702281\"]},{\"@type\":\"Person\",\"@id\":\"https:\\\/\\\/www.vacances-villas.com\\\/blog\\\/#\\\/schema\\\/person\\\/bbb0831c81e3c27edfe3425d99c758c7\",\"name\":\"vacances-villas\",\"image\":{\"@type\":\"ImageObject\",\"inLanguage\":\"fr-FR\",\"@id\":\"https:\\\/\\\/secure.gravatar.com\\\/avatar\\\/febfbdfb3d0eb2745e648590e83d2c5144bf2c7261ed976be516a2fa070c7818?s=96&d=mm&r=g\",\"url\":\"https:\\\/\\\/secure.gravatar.com\\\/avatar\\\/febfbdfb3d0eb2745e648590e83d2c5144bf2c7261ed976be516a2fa070c7818?s=96&d=mm&r=g\",\"contentUrl\":\"https:\\\/\\\/secure.gravatar.com\\\/avatar\\\/febfbdfb3d0eb2745e648590e83d2c5144bf2c7261ed976be516a2fa070c7818?s=96&d=mm&r=g\",\"caption\":\"vacances-villas\"},\"sameAs\":[\"https:\\\/\\\/www.facebook.com\\\/Agence-Atlantique-106373688301129\"],\"url\":\"https:\\\/\\\/www.vacances-villas.com\\\/blog\\\/author\\\/vacances-villas\\\/\"}]}<\/script>\n<!-- \/ Yoast SEO plugin. -->","yoast_head_json":{"title":"Bons Plans Gourmands - Blog","description":"Pour que vous passiez un bon s\u00e9jour en Bretagne Sud, nous vous proposons une petite s\u00e9lection de bon plans pour allier visite et d\u00e9gustation !","robots":{"index":"index","follow":"follow","max-snippet":"max-snippet:-1","max-image-preview":"max-image-preview:large","max-video-preview":"max-video-preview:-1"},"canonical":"https:\/\/www.vacances-villas.com\/blog\/bons-plans-gourmands-bretagne\/","og_locale":"fr_FR","og_type":"article","og_title":"Bons Plans Gourmands - Blog","og_description":"Pour que vous passiez un bon s\u00e9jour en Bretagne Sud, nous vous proposons une petite s\u00e9lection de bon plans pour allier visite et d\u00e9gustation !","og_url":"https:\/\/www.vacances-villas.com\/blog\/bons-plans-gourmands-bretagne\/","og_site_name":"Blog","article_publisher":"https:\/\/www.facebook.com\/profile.php?id=100068103702281","article_author":"https:\/\/www.facebook.com\/Agence-Atlantique-106373688301129","article_published_time":"2021-11-08T11:05:17+00:00","article_modified_time":"2021-11-08T11:05:18+00:00","og_image":[{"width":1000,"height":667,"url":"https:\/\/www.vacances-villas.com\/blog\/wp-content\/uploads\/2021\/10\/crtb-ad4436_DERENNES-Yannick.jpg","type":"image\/jpeg"}],"author":"vacances-villas","twitter_card":"summary_large_image","twitter_misc":{"\u00c9crit par":"vacances-villas","Dur\u00e9e de lecture estim\u00e9e":"5 minutes"},"schema":{"@context":"https:\/\/schema.org","@graph":[{"@type":"Article","@id":"https:\/\/www.vacances-villas.com\/blog\/bons-plans-gourmands-bretagne\/#article","isPartOf":{"@id":"https:\/\/www.vacances-villas.com\/blog\/bons-plans-gourmands-bretagne\/"},"author":{"name":"vacances-villas","@id":"https:\/\/www.vacances-villas.com\/blog\/#\/schema\/person\/bbb0831c81e3c27edfe3425d99c758c7"},"headline":"Bons Plans Gourmands","datePublished":"2021-11-08T11:05:17+00:00","dateModified":"2021-11-08T11:05:18+00:00","mainEntityOfPage":{"@id":"https:\/\/www.vacances-villas.com\/blog\/bons-plans-gourmands-bretagne\/"},"wordCount":885,"commentCount":0,"publisher":{"@id":"https:\/\/www.vacances-villas.com\/blog\/#organization"},"image":{"@id":"https:\/\/www.vacances-villas.com\/blog\/bons-plans-gourmands-bretagne\/#primaryimage"},"thumbnailUrl":"https:\/\/www.vacances-villas.com\/blog\/wp-content\/uploads\/2021\/10\/crtb-ad4436_DERENNES-Yannick.jpg","articleSection":["Non classifi\u00e9(e)"],"inLanguage":"fr-FR","potentialAction":[{"@type":"CommentAction","name":"Comment","target":["https:\/\/www.vacances-villas.com\/blog\/bons-plans-gourmands-bretagne\/#respond"]}]},{"@type":"WebPage","@id":"https:\/\/www.vacances-villas.com\/blog\/bons-plans-gourmands-bretagne\/","url":"https:\/\/www.vacances-villas.com\/blog\/bons-plans-gourmands-bretagne\/","name":"Bons Plans Gourmands - Blog","isPartOf":{"@id":"https:\/\/www.vacances-villas.com\/blog\/#website"},"primaryImageOfPage":{"@id":"https:\/\/www.vacances-villas.com\/blog\/bons-plans-gourmands-bretagne\/#primaryimage"},"image":{"@id":"https:\/\/www.vacances-villas.com\/blog\/bons-plans-gourmands-bretagne\/#primaryimage"},"thumbnailUrl":"https:\/\/www.vacances-villas.com\/blog\/wp-content\/uploads\/2021\/10\/crtb-ad4436_DERENNES-Yannick.jpg","datePublished":"2021-11-08T11:05:17+00:00","dateModified":"2021-11-08T11:05:18+00:00","description":"Pour que vous passiez un bon s\u00e9jour en Bretagne Sud, nous vous proposons une petite s\u00e9lection de bon plans pour allier visite et d\u00e9gustation !","breadcrumb":{"@id":"https:\/\/www.vacances-villas.com\/blog\/bons-plans-gourmands-bretagne\/#breadcrumb"},"inLanguage":"fr-FR","potentialAction":[{"@type":"ReadAction","target":["https:\/\/www.vacances-villas.com\/blog\/bons-plans-gourmands-bretagne\/"]}]},{"@type":"ImageObject","inLanguage":"fr-FR","@id":"https:\/\/www.vacances-villas.com\/blog\/bons-plans-gourmands-bretagne\/#primaryimage","url":"https:\/\/www.vacances-villas.com\/blog\/wp-content\/uploads\/2021\/10\/crtb-ad4436_DERENNES-Yannick.jpg","contentUrl":"https:\/\/www.vacances-villas.com\/blog\/wp-content\/uploads\/2021\/10\/crtb-ad4436_DERENNES-Yannick.jpg","width":1000,"height":667},{"@type":"BreadcrumbList","@id":"https:\/\/www.vacances-villas.com\/blog\/bons-plans-gourmands-bretagne\/#breadcrumb","itemListElement":[{"@type":"ListItem","position":1,"name":"Home","item":"https:\/\/www.vacances-villas.com\/blog\/"},{"@type":"ListItem","position":2,"name":"Bons Plans Gourmands"}]},{"@type":"WebSite","@id":"https:\/\/www.vacances-villas.com\/blog\/#website","url":"https:\/\/www.vacances-villas.com\/blog\/","name":"Blog","description":"vacances-villas","publisher":{"@id":"https:\/\/www.vacances-villas.com\/blog\/#organization"},"potentialAction":[{"@type":"SearchAction","target":{"@type":"EntryPoint","urlTemplate":"https:\/\/www.vacances-villas.com\/blog\/?s={search_term_string}"},"query-input":{"@type":"PropertyValueSpecification","valueRequired":true,"valueName":"search_term_string"}}],"inLanguage":"fr-FR"},{"@type":"Organization","@id":"https:\/\/www.vacances-villas.com\/blog\/#organization","name":"Vacances Villas","url":"https:\/\/www.vacances-villas.com\/blog\/","logo":{"@type":"ImageObject","inLanguage":"fr-FR","@id":"https:\/\/www.vacances-villas.com\/blog\/#\/schema\/logo\/image\/","url":"https:\/\/www.vacances-villas.com\/blog\/wp-content\/uploads\/2024\/07\/logo.png","contentUrl":"https:\/\/www.vacances-villas.com\/blog\/wp-content\/uploads\/2024\/07\/logo.png","width":1140,"height":488,"caption":"Vacances Villas"},"image":{"@id":"https:\/\/www.vacances-villas.com\/blog\/#\/schema\/logo\/image\/"},"sameAs":["https:\/\/www.facebook.com\/profile.php?id=100068103702281"]},{"@type":"Person","@id":"https:\/\/www.vacances-villas.com\/blog\/#\/schema\/person\/bbb0831c81e3c27edfe3425d99c758c7","name":"vacances-villas","image":{"@type":"ImageObject","inLanguage":"fr-FR","@id":"https:\/\/secure.gravatar.com\/avatar\/febfbdfb3d0eb2745e648590e83d2c5144bf2c7261ed976be516a2fa070c7818?s=96&d=mm&r=g","url":"https:\/\/secure.gravatar.com\/avatar\/febfbdfb3d0eb2745e648590e83d2c5144bf2c7261ed976be516a2fa070c7818?s=96&d=mm&r=g","contentUrl":"https:\/\/secure.gravatar.com\/avatar\/febfbdfb3d0eb2745e648590e83d2c5144bf2c7261ed976be516a2fa070c7818?s=96&d=mm&r=g","caption":"vacances-villas"},"sameAs":["https:\/\/www.facebook.com\/Agence-Atlantique-106373688301129"],"url":"https:\/\/www.vacances-villas.com\/blog\/author\/vacances-villas\/"}]}},"_links":{"self":[{"href":"https:\/\/www.vacances-villas.com\/blog\/wp-json\/wp\/v2\/posts\/387","targetHints":{"allow":["GET"]}}],"collection":[{"href":"https:\/\/www.vacances-villas.com\/blog\/wp-json\/wp\/v2\/posts"}],"about":[{"href":"https:\/\/www.vacances-villas.com\/blog\/wp-json\/wp\/v2\/types\/post"}],"author":[{"embeddable":true,"href":"https:\/\/www.vacances-villas.com\/blog\/wp-json\/wp\/v2\/users\/2"}],"replies":[{"embeddable":true,"href":"https:\/\/www.vacances-villas.com\/blog\/wp-json\/wp\/v2\/comments?post=387"}],"version-history":[{"count":21,"href":"https:\/\/www.vacances-villas.com\/blog\/wp-json\/wp\/v2\/posts\/387\/revisions"}],"predecessor-version":[{"id":415,"href":"https:\/\/www.vacances-villas.com\/blog\/wp-json\/wp\/v2\/posts\/387\/revisions\/415"}],"wp:featuredmedia":[{"embeddable":true,"href":"https:\/\/www.vacances-villas.com\/blog\/wp-json\/wp\/v2\/media\/356"}],"wp:attachment":[{"href":"https:\/\/www.vacances-villas.com\/blog\/wp-json\/wp\/v2\/media?parent=387"}],"wp:term":[{"taxonomy":"category","embeddable":true,"href":"https:\/\/www.vacances-villas.com\/blog\/wp-json\/wp\/v2\/categories?post=387"},{"taxonomy":"post_tag","embeddable":true,"href":"https:\/\/www.vacances-villas.com\/blog\/wp-json\/wp\/v2\/tags?post=387"}],"curies":[{"name":"wp","href":"https:\/\/api.w.org\/{rel}","templated":true}]}}