{"id":557,"date":"2024-07-03T20:10:13","date_gmt":"2024-07-03T20:10:13","guid":{"rendered":"https:\/\/www.vacances-villas.com\/blog\/?p=557"},"modified":"2024-07-30T12:05:30","modified_gmt":"2024-07-30T12:05:30","slug":"venez-assister-a-la-projection-video-sur-leglise-saint-cornely-a-carnac","status":"publish","type":"post","link":"https:\/\/www.vacances-villas.com\/blog\/venez-assister-a-la-projection-video-sur-leglise-saint-cornely-a-carnac\/","title":{"rendered":"Venez assister \u00e0 la projection vid\u00e9o sur l\u2019\u00e9glise Saint Corn\u00e9ly \u00e0 Carnac !"},"content":{"rendered":"\n<h2 class=\"wp-block-heading\"><strong>Rendez-vous du 31 mai au 16 ao\u00fbt 2024<\/strong><\/h2>\n\n\n\n<p>\u00c0 la tomb\u00e9e de la nuit, le bourg de Carnac se transforme en un th\u00e9\u00e2tre en plein air pour un spectacle de projections. Du 31 mai au 16 ao\u00fbt 2024, l\u2019\u00e9glise Saint Corn\u00e9ly sera le canevas d\u2019un spectacle \u00e9blouissant qui illuminera vos soir\u00e9es.<\/p>\n\n\n\n<p><strong>Calendrier des projections :<\/strong><\/p>\n\n\n\n<ul class=\"wp-block-list\"><li><strong>Du 31 mai au 6 juillet :<\/strong> tous les vendredis et samedis \u00e0 23h.<\/li><li><strong>Du 8 juillet au 16 ao\u00fbt :<\/strong> tous les lundis, mercredis et vendredis \u00e0 22h45 et 23h15 (sauf le 14 ao\u00fbt).<\/li><\/ul>\n\n\n\n<p><strong>Notez bien les dates et heures<\/strong> pour ne pas manquer ce spectacle magique.<\/p>\n\n\n\n<div class=\"wp-block-image\"><figure class=\"aligncenter size-full is-resized\"><img loading=\"lazy\" decoding=\"async\" src=\"https:\/\/www.vacances-villas.com\/blog\/wp-content\/uploads\/2024\/07\/lumiliz-ACTE-VII_1.jpg\" alt=\"\" class=\"wp-image-561\" width=\"1860\" height=\"1520\" srcset=\"https:\/\/www.vacances-villas.com\/blog\/wp-content\/uploads\/2024\/07\/lumiliz-ACTE-VII_1.jpg 1860w, https:\/\/www.vacances-villas.com\/blog\/wp-content\/uploads\/2024\/07\/lumiliz-ACTE-VII_1-768x628.jpg 768w, https:\/\/www.vacances-villas.com\/blog\/wp-content\/uploads\/2024\/07\/lumiliz-ACTE-VII_1-1536x1255.jpg 1536w\" sizes=\"auto, (max-width: 1860px) 100vw, 1860px\" \/><\/figure><\/div>\n\n\n\n<h2 class=\"wp-block-heading\"><strong>Un spectacle monumental et gratuit<\/strong><\/h2>\n\n\n\n<p>Durant 20 minutes, laissez-vous emporter par la beaut\u00e9 de la \u00ab L\u00e9gende de Saint-Corn\u00e9ly \u00bb, une projection qui sublime l\u2019architecture de l\u2019\u00e9glise Saint-Corn\u00e9ly tout en racontant l\u2019histoire captivante de Saint Corn\u00e9ly. Cette l\u00e9gende relate comment le pape Corn\u00e9lius (ou Corn\u00e9ly) aurait transform\u00e9 une horde de soldats en pierre, donnant naissance aux c\u00e9l\u00e8bres alignements de Carnac.<\/p>\n\n\n\n<h2 class=\"wp-block-heading\"><strong>Un m\u00e9lange de l\u00e9gende et d\u2019histoire<\/strong><\/h2>\n\n\n\n<p>Le spectacle, imagin\u00e9 et r\u00e9alis\u00e9 par <strong>Spectaculaires, Allumeurs d\u2019images<\/strong>, vous emm\u00e8ne depuis Rome jusqu\u2019\u00e0 Carnac, suivant les traces du bon pape Corn\u00e9ly. Entre histoire et fantaisie, le r\u00e9cit est ponctu\u00e9 de surprises et d\u2019absurdit\u00e9s sign\u00e9es par Fred Renno, cr\u00e9ateur et conteur d\u2019images.<\/p>\n\n\n\n<h2 class=\"wp-block-heading\"><strong>Une exp\u00e9rience visuelle et sonore<\/strong><\/h2>\n\n\n\n<p>Avec des techniques de projection de pointe, <strong>Spectaculaires<\/strong> fait vibrer la l\u00e9gende \u00e0 travers des images et des sons qui habillent l\u2019\u00e9glise de couleurs vives et d\u2019animations captivantes. Le spectacle promet de plaire autant aux petits qu\u2019aux grands, offrant une exp\u00e9rience culturelle unique et accessible \u00e0 tous.<\/p>\n\n\n\n<div class=\"wp-block-columns is-layout-flex wp-container-core-columns-is-layout-9d6595d7 wp-block-columns-is-layout-flex\">\n<div class=\"wp-block-column is-layout-flow wp-block-column-is-layout-flow\" style=\"flex-basis:100%\">\n<div class=\"wp-block-group\"><div class=\"wp-block-group__inner-container is-layout-flow wp-block-group-is-layout-flow\">\n<div class=\"wp-block-image\"><figure class=\"aligncenter size-full is-resized\"><img loading=\"lazy\" decoding=\"async\" src=\"https:\/\/www.vacances-villas.com\/blog\/wp-content\/uploads\/2024\/07\/nico-8862.jpg\" alt=\"\" class=\"wp-image-573\" width=\"1200\" height=\"905\" srcset=\"https:\/\/www.vacances-villas.com\/blog\/wp-content\/uploads\/2024\/07\/nico-8862.jpg 1200w, https:\/\/www.vacances-villas.com\/blog\/wp-content\/uploads\/2024\/07\/nico-8862-768x579.jpg 768w\" sizes=\"auto, (max-width: 1200px) 100vw, 1200px\" \/><\/figure><\/div>\n<\/div><\/div>\n<\/div>\n<\/div>\n\n\n\n<h2 class=\"wp-block-heading\"><strong>Informations pratiques<\/strong><\/h2>\n\n\n\n<p>L\u2019Office de tourisme de Carnac, \u00e0 l\u2019origine de cet \u00e9v\u00e9nement, a veill\u00e9 \u00e0 ce que tout soit en place pour accueillir les visiteurs dans les meilleures conditions.<\/p>\n\n\n\n<p><strong><a href=\"https:\/\/www.ot-carnac.fr\/content\/uploads\/2024\/06\/guide-stationnement-carnac-2024.pdf\" target=\"_blank\" rel=\"noreferrer noopener\">Parkings \u00e0 proximit\u00e9<\/a><\/strong><\/p>\n\n\n\n<ul class=\"wp-block-list\"><li>Place du march\u00e9 (parking Saint-Fiacre)<\/li><li>Parking des Lucioles<\/li><li>Parking du Mus\u00e9e<\/li><li>Parking devant la chapelle de la Congr\u00e9gation<\/li><\/ul>\n\n\n\n<p>Ne manquez pas cette occasion de red\u00e9couvrir Carnac et son patrimoine sous un nouvel angle. Venez nombreux et profitez de ce spectacle gratuit et grand public, une c\u00e9l\u00e9bration lumineuse de notre histoire et de notre culture bretonne.<\/p>\n\n\n\n<p>Pour plus d\u2019informations, visitez le site de l\u2019<a href=\"https:\/\/www.ot-carnac.fr\/\" target=\"_blank\" rel=\"noreferrer noopener\">Office de tourisme de Carnac<\/a>. \u00c0 tr\u00e8s bient\u00f4t sous les lumi\u00e8res de Saint Corn\u00e9ly !<\/p>\n","protected":false},"excerpt":{"rendered":"<p>\u00c0 la tomb\u00e9e de la nuit, le bourg de Carnac se transforme en un th\u00e9\u00e2tre en plein air pour un spectacle de projections. Du 31 mai au 16 ao\u00fbt 2024, l\u2019\u00e9glise Saint Corn\u00e9ly sera le canevas d\u2019un spectacle \u00e9blouissant qui illuminera vos soir\u00e9es.<\/p>\n","protected":false},"author":2,"featured_media":569,"comment_status":"open","ping_status":"closed","sticky":false,"template":"","format":"standard","meta":{"footnotes":""},"categories":[6,3,4,2],"tags":[],"class_list":["post-557","post","type-post","status-publish","format-standard","has-post-thumbnail","hentry","category-bouger","category-carnacetsesenvirons","category-evenements","category-non-classifiee"],"yoast_head":"<!-- This site is optimized with the Yoast SEO plugin v27.4 - https:\/\/yoast.com\/product\/yoast-seo-wordpress\/ -->\n<title>Projection vid\u00e9o sur l\u2019\u00e9glise Saint Corn\u00e9ly \u00e0 Carnac, vacances en Bretagne Sud<\/title>\n<meta name=\"description\" content=\"Du 31 mai au 16 ao\u00fbt, assistez \u00e0 la projection vid\u00e9o sur l\u2019\u00e9glise Saint Corn\u00e9ly \u00e0 Carnac, spectacle qui illuminera vos vacances en Bretagne Sud.\" \/>\n<meta name=\"robots\" content=\"index, follow, max-snippet:-1, max-image-preview:large, max-video-preview:-1\" \/>\n<link rel=\"canonical\" href=\"https:\/\/www.vacances-villas.com\/blog\/venez-assister-a-la-projection-video-sur-leglise-saint-cornely-a-carnac\/\" \/>\n<meta property=\"og:locale\" content=\"fr_FR\" \/>\n<meta property=\"og:type\" content=\"article\" \/>\n<meta property=\"og:title\" content=\"Projection vid\u00e9o sur l\u2019\u00e9glise Saint Corn\u00e9ly \u00e0 Carnac, vacances en Bretagne Sud\" \/>\n<meta property=\"og:description\" content=\"Du 31 mai au 16 ao\u00fbt, assistez \u00e0 la projection vid\u00e9o sur l\u2019\u00e9glise Saint Corn\u00e9ly \u00e0 Carnac, spectacle qui illuminera vos vacances en Bretagne Sud.\" \/>\n<meta property=\"og:url\" content=\"https:\/\/www.vacances-villas.com\/blog\/venez-assister-a-la-projection-video-sur-leglise-saint-cornely-a-carnac\/\" \/>\n<meta property=\"og:site_name\" content=\"Blog\" \/>\n<meta property=\"article:publisher\" content=\"https:\/\/www.facebook.com\/profile.php?id=100068103702281\" \/>\n<meta property=\"article:author\" content=\"https:\/\/www.facebook.com\/Agence-Atlantique-106373688301129\" \/>\n<meta property=\"article:published_time\" content=\"2024-07-03T20:10:13+00:00\" \/>\n<meta property=\"article:modified_time\" content=\"2024-07-30T12:05:30+00:00\" \/>\n<meta property=\"og:image\" content=\"https:\/\/www.vacances-villas.com\/blog\/wp-content\/uploads\/2024\/07\/DSF7240.jpg\" \/>\n\t<meta property=\"og:image:width\" content=\"1200\" \/>\n\t<meta property=\"og:image:height\" content=\"800\" \/>\n\t<meta property=\"og:image:type\" content=\"image\/jpeg\" \/>\n<meta name=\"author\" content=\"vacances-villas\" \/>\n<meta name=\"twitter:card\" content=\"summary_large_image\" \/>\n<meta name=\"twitter:label1\" content=\"\u00c9crit par\" \/>\n\t<meta name=\"twitter:data1\" content=\"vacances-villas\" \/>\n\t<meta name=\"twitter:label2\" content=\"Dur\u00e9e de lecture estim\u00e9e\" \/>\n\t<meta name=\"twitter:data2\" content=\"3 minutes\" \/>\n<script type=\"application\/ld+json\" class=\"yoast-schema-graph\">{\"@context\":\"https:\\\/\\\/schema.org\",\"@graph\":[{\"@type\":\"Article\",\"@id\":\"https:\\\/\\\/www.vacances-villas.com\\\/blog\\\/venez-assister-a-la-projection-video-sur-leglise-saint-cornely-a-carnac\\\/#article\",\"isPartOf\":{\"@id\":\"https:\\\/\\\/www.vacances-villas.com\\\/blog\\\/venez-assister-a-la-projection-video-sur-leglise-saint-cornely-a-carnac\\\/\"},\"author\":{\"name\":\"vacances-villas\",\"@id\":\"https:\\\/\\\/www.vacances-villas.com\\\/blog\\\/#\\\/schema\\\/person\\\/bbb0831c81e3c27edfe3425d99c758c7\"},\"headline\":\"Venez assister \u00e0 la projection vid\u00e9o sur l\u2019\u00e9glise Saint Corn\u00e9ly \u00e0 Carnac !\",\"datePublished\":\"2024-07-03T20:10:13+00:00\",\"dateModified\":\"2024-07-30T12:05:30+00:00\",\"mainEntityOfPage\":{\"@id\":\"https:\\\/\\\/www.vacances-villas.com\\\/blog\\\/venez-assister-a-la-projection-video-sur-leglise-saint-cornely-a-carnac\\\/\"},\"wordCount\":413,\"commentCount\":0,\"publisher\":{\"@id\":\"https:\\\/\\\/www.vacances-villas.com\\\/blog\\\/#organization\"},\"image\":{\"@id\":\"https:\\\/\\\/www.vacances-villas.com\\\/blog\\\/venez-assister-a-la-projection-video-sur-leglise-saint-cornely-a-carnac\\\/#primaryimage\"},\"thumbnailUrl\":\"https:\\\/\\\/www.vacances-villas.com\\\/blog\\\/wp-content\\\/uploads\\\/2024\\\/07\\\/DSF7240.jpg\",\"articleSection\":[\"Bouger\",\"Carnac et ses environs\",\"Ev\u00e9nements\",\"Non classifi\u00e9(e)\"],\"inLanguage\":\"fr-FR\",\"potentialAction\":[{\"@type\":\"CommentAction\",\"name\":\"Comment\",\"target\":[\"https:\\\/\\\/www.vacances-villas.com\\\/blog\\\/venez-assister-a-la-projection-video-sur-leglise-saint-cornely-a-carnac\\\/#respond\"]}]},{\"@type\":\"WebPage\",\"@id\":\"https:\\\/\\\/www.vacances-villas.com\\\/blog\\\/venez-assister-a-la-projection-video-sur-leglise-saint-cornely-a-carnac\\\/\",\"url\":\"https:\\\/\\\/www.vacances-villas.com\\\/blog\\\/venez-assister-a-la-projection-video-sur-leglise-saint-cornely-a-carnac\\\/\",\"name\":\"Projection vid\u00e9o sur l\u2019\u00e9glise Saint Corn\u00e9ly \u00e0 Carnac, vacances en Bretagne Sud\",\"isPartOf\":{\"@id\":\"https:\\\/\\\/www.vacances-villas.com\\\/blog\\\/#website\"},\"primaryImageOfPage\":{\"@id\":\"https:\\\/\\\/www.vacances-villas.com\\\/blog\\\/venez-assister-a-la-projection-video-sur-leglise-saint-cornely-a-carnac\\\/#primaryimage\"},\"image\":{\"@id\":\"https:\\\/\\\/www.vacances-villas.com\\\/blog\\\/venez-assister-a-la-projection-video-sur-leglise-saint-cornely-a-carnac\\\/#primaryimage\"},\"thumbnailUrl\":\"https:\\\/\\\/www.vacances-villas.com\\\/blog\\\/wp-content\\\/uploads\\\/2024\\\/07\\\/DSF7240.jpg\",\"datePublished\":\"2024-07-03T20:10:13+00:00\",\"dateModified\":\"2024-07-30T12:05:30+00:00\",\"description\":\"Du 31 mai au 16 ao\u00fbt, assistez \u00e0 la projection vid\u00e9o sur l\u2019\u00e9glise Saint Corn\u00e9ly \u00e0 Carnac, spectacle qui illuminera vos vacances en Bretagne Sud.\",\"breadcrumb\":{\"@id\":\"https:\\\/\\\/www.vacances-villas.com\\\/blog\\\/venez-assister-a-la-projection-video-sur-leglise-saint-cornely-a-carnac\\\/#breadcrumb\"},\"inLanguage\":\"fr-FR\",\"potentialAction\":[{\"@type\":\"ReadAction\",\"target\":[\"https:\\\/\\\/www.vacances-villas.com\\\/blog\\\/venez-assister-a-la-projection-video-sur-leglise-saint-cornely-a-carnac\\\/\"]}]},{\"@type\":\"ImageObject\",\"inLanguage\":\"fr-FR\",\"@id\":\"https:\\\/\\\/www.vacances-villas.com\\\/blog\\\/venez-assister-a-la-projection-video-sur-leglise-saint-cornely-a-carnac\\\/#primaryimage\",\"url\":\"https:\\\/\\\/www.vacances-villas.com\\\/blog\\\/wp-content\\\/uploads\\\/2024\\\/07\\\/DSF7240.jpg\",\"contentUrl\":\"https:\\\/\\\/www.vacances-villas.com\\\/blog\\\/wp-content\\\/uploads\\\/2024\\\/07\\\/DSF7240.jpg\",\"width\":1200,\"height\":800},{\"@type\":\"BreadcrumbList\",\"@id\":\"https:\\\/\\\/www.vacances-villas.com\\\/blog\\\/venez-assister-a-la-projection-video-sur-leglise-saint-cornely-a-carnac\\\/#breadcrumb\",\"itemListElement\":[{\"@type\":\"ListItem\",\"position\":1,\"name\":\"Home\",\"item\":\"https:\\\/\\\/www.vacances-villas.com\\\/blog\\\/\"},{\"@type\":\"ListItem\",\"position\":2,\"name\":\"Venez assister \u00e0 la projection vid\u00e9o sur l\u2019\u00e9glise Saint Corn\u00e9ly \u00e0 Carnac !\"}]},{\"@type\":\"WebSite\",\"@id\":\"https:\\\/\\\/www.vacances-villas.com\\\/blog\\\/#website\",\"url\":\"https:\\\/\\\/www.vacances-villas.com\\\/blog\\\/\",\"name\":\"Blog\",\"description\":\"vacances-villas\",\"publisher\":{\"@id\":\"https:\\\/\\\/www.vacances-villas.com\\\/blog\\\/#organization\"},\"potentialAction\":[{\"@type\":\"SearchAction\",\"target\":{\"@type\":\"EntryPoint\",\"urlTemplate\":\"https:\\\/\\\/www.vacances-villas.com\\\/blog\\\/?s={search_term_string}\"},\"query-input\":{\"@type\":\"PropertyValueSpecification\",\"valueRequired\":true,\"valueName\":\"search_term_string\"}}],\"inLanguage\":\"fr-FR\"},{\"@type\":\"Organization\",\"@id\":\"https:\\\/\\\/www.vacances-villas.com\\\/blog\\\/#organization\",\"name\":\"Vacances Villas\",\"url\":\"https:\\\/\\\/www.vacances-villas.com\\\/blog\\\/\",\"logo\":{\"@type\":\"ImageObject\",\"inLanguage\":\"fr-FR\",\"@id\":\"https:\\\/\\\/www.vacances-villas.com\\\/blog\\\/#\\\/schema\\\/logo\\\/image\\\/\",\"url\":\"https:\\\/\\\/www.vacances-villas.com\\\/blog\\\/wp-content\\\/uploads\\\/2024\\\/07\\\/logo.png\",\"contentUrl\":\"https:\\\/\\\/www.vacances-villas.com\\\/blog\\\/wp-content\\\/uploads\\\/2024\\\/07\\\/logo.png\",\"width\":1140,\"height\":488,\"caption\":\"Vacances Villas\"},\"image\":{\"@id\":\"https:\\\/\\\/www.vacances-villas.com\\\/blog\\\/#\\\/schema\\\/logo\\\/image\\\/\"},\"sameAs\":[\"https:\\\/\\\/www.facebook.com\\\/profile.php?id=100068103702281\"]},{\"@type\":\"Person\",\"@id\":\"https:\\\/\\\/www.vacances-villas.com\\\/blog\\\/#\\\/schema\\\/person\\\/bbb0831c81e3c27edfe3425d99c758c7\",\"name\":\"vacances-villas\",\"image\":{\"@type\":\"ImageObject\",\"inLanguage\":\"fr-FR\",\"@id\":\"https:\\\/\\\/secure.gravatar.com\\\/avatar\\\/febfbdfb3d0eb2745e648590e83d2c5144bf2c7261ed976be516a2fa070c7818?s=96&d=mm&r=g\",\"url\":\"https:\\\/\\\/secure.gravatar.com\\\/avatar\\\/febfbdfb3d0eb2745e648590e83d2c5144bf2c7261ed976be516a2fa070c7818?s=96&d=mm&r=g\",\"contentUrl\":\"https:\\\/\\\/secure.gravatar.com\\\/avatar\\\/febfbdfb3d0eb2745e648590e83d2c5144bf2c7261ed976be516a2fa070c7818?s=96&d=mm&r=g\",\"caption\":\"vacances-villas\"},\"sameAs\":[\"https:\\\/\\\/www.facebook.com\\\/Agence-Atlantique-106373688301129\"],\"url\":\"https:\\\/\\\/www.vacances-villas.com\\\/blog\\\/author\\\/vacances-villas\\\/\"}]}<\/script>\n<!-- \/ Yoast SEO plugin. -->","yoast_head_json":{"title":"Projection vid\u00e9o sur l\u2019\u00e9glise Saint Corn\u00e9ly \u00e0 Carnac, vacances en Bretagne Sud","description":"Du 31 mai au 16 ao\u00fbt, assistez \u00e0 la projection vid\u00e9o sur l\u2019\u00e9glise Saint Corn\u00e9ly \u00e0 Carnac, spectacle qui illuminera vos vacances en Bretagne Sud.","robots":{"index":"index","follow":"follow","max-snippet":"max-snippet:-1","max-image-preview":"max-image-preview:large","max-video-preview":"max-video-preview:-1"},"canonical":"https:\/\/www.vacances-villas.com\/blog\/venez-assister-a-la-projection-video-sur-leglise-saint-cornely-a-carnac\/","og_locale":"fr_FR","og_type":"article","og_title":"Projection vid\u00e9o sur l\u2019\u00e9glise Saint Corn\u00e9ly \u00e0 Carnac, vacances en Bretagne Sud","og_description":"Du 31 mai au 16 ao\u00fbt, assistez \u00e0 la projection vid\u00e9o sur l\u2019\u00e9glise Saint Corn\u00e9ly \u00e0 Carnac, spectacle qui illuminera vos vacances en Bretagne Sud.","og_url":"https:\/\/www.vacances-villas.com\/blog\/venez-assister-a-la-projection-video-sur-leglise-saint-cornely-a-carnac\/","og_site_name":"Blog","article_publisher":"https:\/\/www.facebook.com\/profile.php?id=100068103702281","article_author":"https:\/\/www.facebook.com\/Agence-Atlantique-106373688301129","article_published_time":"2024-07-03T20:10:13+00:00","article_modified_time":"2024-07-30T12:05:30+00:00","og_image":[{"width":1200,"height":800,"url":"https:\/\/www.vacances-villas.com\/blog\/wp-content\/uploads\/2024\/07\/DSF7240.jpg","type":"image\/jpeg"}],"author":"vacances-villas","twitter_card":"summary_large_image","twitter_misc":{"\u00c9crit par":"vacances-villas","Dur\u00e9e de lecture estim\u00e9e":"3 minutes"},"schema":{"@context":"https:\/\/schema.org","@graph":[{"@type":"Article","@id":"https:\/\/www.vacances-villas.com\/blog\/venez-assister-a-la-projection-video-sur-leglise-saint-cornely-a-carnac\/#article","isPartOf":{"@id":"https:\/\/www.vacances-villas.com\/blog\/venez-assister-a-la-projection-video-sur-leglise-saint-cornely-a-carnac\/"},"author":{"name":"vacances-villas","@id":"https:\/\/www.vacances-villas.com\/blog\/#\/schema\/person\/bbb0831c81e3c27edfe3425d99c758c7"},"headline":"Venez assister \u00e0 la projection vid\u00e9o sur l\u2019\u00e9glise Saint Corn\u00e9ly \u00e0 Carnac !","datePublished":"2024-07-03T20:10:13+00:00","dateModified":"2024-07-30T12:05:30+00:00","mainEntityOfPage":{"@id":"https:\/\/www.vacances-villas.com\/blog\/venez-assister-a-la-projection-video-sur-leglise-saint-cornely-a-carnac\/"},"wordCount":413,"commentCount":0,"publisher":{"@id":"https:\/\/www.vacances-villas.com\/blog\/#organization"},"image":{"@id":"https:\/\/www.vacances-villas.com\/blog\/venez-assister-a-la-projection-video-sur-leglise-saint-cornely-a-carnac\/#primaryimage"},"thumbnailUrl":"https:\/\/www.vacances-villas.com\/blog\/wp-content\/uploads\/2024\/07\/DSF7240.jpg","articleSection":["Bouger","Carnac et ses environs","Ev\u00e9nements","Non classifi\u00e9(e)"],"inLanguage":"fr-FR","potentialAction":[{"@type":"CommentAction","name":"Comment","target":["https:\/\/www.vacances-villas.com\/blog\/venez-assister-a-la-projection-video-sur-leglise-saint-cornely-a-carnac\/#respond"]}]},{"@type":"WebPage","@id":"https:\/\/www.vacances-villas.com\/blog\/venez-assister-a-la-projection-video-sur-leglise-saint-cornely-a-carnac\/","url":"https:\/\/www.vacances-villas.com\/blog\/venez-assister-a-la-projection-video-sur-leglise-saint-cornely-a-carnac\/","name":"Projection vid\u00e9o sur l\u2019\u00e9glise Saint Corn\u00e9ly \u00e0 Carnac, vacances en Bretagne Sud","isPartOf":{"@id":"https:\/\/www.vacances-villas.com\/blog\/#website"},"primaryImageOfPage":{"@id":"https:\/\/www.vacances-villas.com\/blog\/venez-assister-a-la-projection-video-sur-leglise-saint-cornely-a-carnac\/#primaryimage"},"image":{"@id":"https:\/\/www.vacances-villas.com\/blog\/venez-assister-a-la-projection-video-sur-leglise-saint-cornely-a-carnac\/#primaryimage"},"thumbnailUrl":"https:\/\/www.vacances-villas.com\/blog\/wp-content\/uploads\/2024\/07\/DSF7240.jpg","datePublished":"2024-07-03T20:10:13+00:00","dateModified":"2024-07-30T12:05:30+00:00","description":"Du 31 mai au 16 ao\u00fbt, assistez \u00e0 la projection vid\u00e9o sur l\u2019\u00e9glise Saint Corn\u00e9ly \u00e0 Carnac, spectacle qui illuminera vos vacances en Bretagne Sud.","breadcrumb":{"@id":"https:\/\/www.vacances-villas.com\/blog\/venez-assister-a-la-projection-video-sur-leglise-saint-cornely-a-carnac\/#breadcrumb"},"inLanguage":"fr-FR","potentialAction":[{"@type":"ReadAction","target":["https:\/\/www.vacances-villas.com\/blog\/venez-assister-a-la-projection-video-sur-leglise-saint-cornely-a-carnac\/"]}]},{"@type":"ImageObject","inLanguage":"fr-FR","@id":"https:\/\/www.vacances-villas.com\/blog\/venez-assister-a-la-projection-video-sur-leglise-saint-cornely-a-carnac\/#primaryimage","url":"https:\/\/www.vacances-villas.com\/blog\/wp-content\/uploads\/2024\/07\/DSF7240.jpg","contentUrl":"https:\/\/www.vacances-villas.com\/blog\/wp-content\/uploads\/2024\/07\/DSF7240.jpg","width":1200,"height":800},{"@type":"BreadcrumbList","@id":"https:\/\/www.vacances-villas.com\/blog\/venez-assister-a-la-projection-video-sur-leglise-saint-cornely-a-carnac\/#breadcrumb","itemListElement":[{"@type":"ListItem","position":1,"name":"Home","item":"https:\/\/www.vacances-villas.com\/blog\/"},{"@type":"ListItem","position":2,"name":"Venez assister \u00e0 la projection vid\u00e9o sur l\u2019\u00e9glise Saint Corn\u00e9ly \u00e0 Carnac !"}]},{"@type":"WebSite","@id":"https:\/\/www.vacances-villas.com\/blog\/#website","url":"https:\/\/www.vacances-villas.com\/blog\/","name":"Blog","description":"vacances-villas","publisher":{"@id":"https:\/\/www.vacances-villas.com\/blog\/#organization"},"potentialAction":[{"@type":"SearchAction","target":{"@type":"EntryPoint","urlTemplate":"https:\/\/www.vacances-villas.com\/blog\/?s={search_term_string}"},"query-input":{"@type":"PropertyValueSpecification","valueRequired":true,"valueName":"search_term_string"}}],"inLanguage":"fr-FR"},{"@type":"Organization","@id":"https:\/\/www.vacances-villas.com\/blog\/#organization","name":"Vacances Villas","url":"https:\/\/www.vacances-villas.com\/blog\/","logo":{"@type":"ImageObject","inLanguage":"fr-FR","@id":"https:\/\/www.vacances-villas.com\/blog\/#\/schema\/logo\/image\/","url":"https:\/\/www.vacances-villas.com\/blog\/wp-content\/uploads\/2024\/07\/logo.png","contentUrl":"https:\/\/www.vacances-villas.com\/blog\/wp-content\/uploads\/2024\/07\/logo.png","width":1140,"height":488,"caption":"Vacances Villas"},"image":{"@id":"https:\/\/www.vacances-villas.com\/blog\/#\/schema\/logo\/image\/"},"sameAs":["https:\/\/www.facebook.com\/profile.php?id=100068103702281"]},{"@type":"Person","@id":"https:\/\/www.vacances-villas.com\/blog\/#\/schema\/person\/bbb0831c81e3c27edfe3425d99c758c7","name":"vacances-villas","image":{"@type":"ImageObject","inLanguage":"fr-FR","@id":"https:\/\/secure.gravatar.com\/avatar\/febfbdfb3d0eb2745e648590e83d2c5144bf2c7261ed976be516a2fa070c7818?s=96&d=mm&r=g","url":"https:\/\/secure.gravatar.com\/avatar\/febfbdfb3d0eb2745e648590e83d2c5144bf2c7261ed976be516a2fa070c7818?s=96&d=mm&r=g","contentUrl":"https:\/\/secure.gravatar.com\/avatar\/febfbdfb3d0eb2745e648590e83d2c5144bf2c7261ed976be516a2fa070c7818?s=96&d=mm&r=g","caption":"vacances-villas"},"sameAs":["https:\/\/www.facebook.com\/Agence-Atlantique-106373688301129"],"url":"https:\/\/www.vacances-villas.com\/blog\/author\/vacances-villas\/"}]}},"_links":{"self":[{"href":"https:\/\/www.vacances-villas.com\/blog\/wp-json\/wp\/v2\/posts\/557","targetHints":{"allow":["GET"]}}],"collection":[{"href":"https:\/\/www.vacances-villas.com\/blog\/wp-json\/wp\/v2\/posts"}],"about":[{"href":"https:\/\/www.vacances-villas.com\/blog\/wp-json\/wp\/v2\/types\/post"}],"author":[{"embeddable":true,"href":"https:\/\/www.vacances-villas.com\/blog\/wp-json\/wp\/v2\/users\/2"}],"replies":[{"embeddable":true,"href":"https:\/\/www.vacances-villas.com\/blog\/wp-json\/wp\/v2\/comments?post=557"}],"version-history":[{"count":10,"href":"https:\/\/www.vacances-villas.com\/blog\/wp-json\/wp\/v2\/posts\/557\/revisions"}],"predecessor-version":[{"id":584,"href":"https:\/\/www.vacances-villas.com\/blog\/wp-json\/wp\/v2\/posts\/557\/revisions\/584"}],"wp:featuredmedia":[{"embeddable":true,"href":"https:\/\/www.vacances-villas.com\/blog\/wp-json\/wp\/v2\/media\/569"}],"wp:attachment":[{"href":"https:\/\/www.vacances-villas.com\/blog\/wp-json\/wp\/v2\/media?parent=557"}],"wp:term":[{"taxonomy":"category","embeddable":true,"href":"https:\/\/www.vacances-villas.com\/blog\/wp-json\/wp\/v2\/categories?post=557"},{"taxonomy":"post_tag","embeddable":true,"href":"https:\/\/www.vacances-villas.com\/blog\/wp-json\/wp\/v2\/tags?post=557"}],"curies":[{"name":"wp","href":"https:\/\/api.w.org\/{rel}","templated":true}]}}