{"id":586,"date":"2024-07-10T19:28:00","date_gmt":"2024-07-10T19:28:00","guid":{"rendered":"https:\/\/www.vacances-villas.com\/blog\/?p=586"},"modified":"2024-07-30T12:01:45","modified_gmt":"2024-07-30T12:01:45","slug":"3-expositions-du-moment-en-bretagne-sud","status":"publish","type":"post","link":"https:\/\/www.vacances-villas.com\/blog\/3-expositions-du-moment-en-bretagne-sud\/","title":{"rendered":"3 expositions du moment en Bretagne Sud"},"content":{"rendered":"\n<h2 class=\"wp-block-heading\">Exposition Henri Cartier-Bresson \u00e0 Landerneau : r\u00e9trospective in\u00e9dite jusqu&rsquo;au 5 janvier 2025<\/h2>\n\n\n\n<p>L&rsquo;exposition <a href=\"https:\/\/www.fonds-culturel-leclerc.fr\/actualit%C3%A9s-d%C3%A9couvrez-l-exposition-henri-cartier-bresson-893-338-0-0.html\" target=\"_blank\" rel=\"noreferrer noopener\">\u00ab\u00a0Henri Cartier-Bresson\u00a0\u00bb<\/a> se tient au Fonds H\u00e9l\u00e8ne et \u00c9douard Leclerc pour la Culture \u00e0 Landerneau jusqu&rsquo;au 5 janvier 2025. Cette r\u00e9trospective, la premi\u00e8re en Bretagne, a \u00e9t\u00e9 con\u00e7ue par Cl\u00e9ment Ch\u00e9roux, commissaire et directeur de la Fondation Henri Cartier-Bresson. Elle pr\u00e9sente pr\u00e8s de 300 \u0153uvres embl\u00e9matiques de Cartier-Bresson, ainsi que des d\u00e9couvertes in\u00e9dites, offrant un panorama complet de l&rsquo;\u0153uvre de ce photographe incontournable et de l&rsquo;histoire du XXe si\u00e8cle. L&rsquo;exposition est r\u00e9alis\u00e9e en partenariat avec la Fondation Henri Cartier-Bresson et en collaboration avec Manifesto Expo.<\/p>\n\n\n\n<h2 class=\"wp-block-heading\">\u00ab&nbsp;Femmes chez les Nabis de fil en aiguille&nbsp;\u00bb au Mus\u00e9e de Pont-Aven du 22 juin au 3 novembre 2024<\/h2>\n\n\n\n<p>Le <a href=\"https:\/\/www.museepontaven.fr\/fr\/\" target=\"_blank\" rel=\"noreferrer noopener\">Mus\u00e9e de Pont-Aven<\/a> pr\u00e9sente l\u2019exposition \u00ab Femmes chez les Nabis de fil en aiguille \u00bb du 22 juin au 3 novembre 2024, en partenariat avec le mus\u00e9e d\u2019Orsay. Cette exposition explore le r\u00f4le crucial des femmes dans la vie et l\u2019\u0153uvre des artistes du groupe des Nabis, actif \u00e0 la fin du XIXe si\u00e8cle. Les femmes mises en lumi\u00e8re incluent \u00e9pouses, amantes, m\u00e8res et s\u0153urs de membres illustres des Nabis comme Paul S\u00e9rusier, Maurice Denis et \u00c9douard Vuillard. Ces femmes, bien qu&rsquo;elles ne soient pas des artistes du groupe, ont \u00e9t\u00e9 des collaboratrices essentielles et des soutiens affectifs et financiers, influen\u00e7ant profond\u00e9ment les cr\u00e9ations artistiques des Nabis. L&rsquo;exposition offre une nouvelle perspective sur les conditions de cr\u00e9ation et les dynamiques d\u2019influence au sein du collectif.<\/p>\n\n\n\n<h2 class=\"wp-block-heading\">Festival photo La Gacilly du 21 juin au 3 novembre 2024 : l\u2019Australie \u00e0 l\u2019honneur et engagement \u00e9cologique<\/h2>\n\n\n\n<p>Le <a href=\"https:\/\/www.festivalphoto-lagacilly.com\/\" target=\"_blank\" rel=\"noreferrer noopener\">Festival Photo La Gacilly<\/a>, lanc\u00e9 en 2004, attire chaque ann\u00e9e environ 300 000 visiteurs gr\u00e2ce \u00e0 ses galeries en plein air, transformant le village en un \u00ab village dans les images \u00bb avec plus de 800 photographies grand format. L&rsquo;\u00e9dition 2024 met en avant l&rsquo;Australie, en pr\u00e9sentant les d\u00e9fis environnementaux et soci\u00e9taux \u00e0 travers les \u0153uvres de photographes tels que Bobby Lockyer et Adam Ferguson. Des expositions sur des th\u00e8mes globaux comme l&rsquo;exploitation mini\u00e8re en Am\u00e9rique du Sud et les d\u00e9fis de l&rsquo;alimentation mondiale sont \u00e9galement incluses. Soutenu par la Fondation Yves Rocher, le festival pr\u00e9sente des projets sur la biodiversit\u00e9, comme celui de Ga\u00ebl Turine sur les for\u00eats sacr\u00e9es du B\u00e9nin, \u00e9tablissant La Gacilly comme un carrefour entre l&rsquo;art, la nature et l&rsquo;engagement social.<\/p>\n\n\n\n<p><\/p>\n","protected":false},"excerpt":{"rendered":"<p>Le Mus\u00e9e de Pont-Aven vous invite \u00e0 explorer l\u2019exposition \u00ab\u00a0Femmes chez les Nabis de fil en aiguille\u00a0\u00bb, qui se tiendra du 22 juin au 3 novembre 2024. Cette exposition d\u2019int\u00e9r\u00eat national est organis\u00e9e en partenariat exceptionnel avec le mus\u00e9e d\u2019Orsay.<\/p>\n","protected":false},"author":2,"featured_media":587,"comment_status":"open","ping_status":"closed","sticky":false,"template":"","format":"standard","meta":{"footnotes":""},"categories":[4],"tags":[],"class_list":["post-586","post","type-post","status-publish","format-standard","has-post-thumbnail","hentry","category-evenements"],"yoast_head":"<!-- This site is optimized with the Yoast SEO plugin v27.4 - https:\/\/yoast.com\/product\/yoast-seo-wordpress\/ -->\n<title>Expositions photos \/ peinture proche Carnac, visites en Bretagne Sud<\/title>\n<meta name=\"description\" content=\"3 expositions photos \/ peinture proche de Carnac en Bretagne Sud : expo Henri Cartier-Bresson Landerneau, festival photo La Gacilly, Mus\u00e9e Pont-Aven...\" \/>\n<meta name=\"robots\" content=\"index, follow, max-snippet:-1, max-image-preview:large, max-video-preview:-1\" \/>\n<link rel=\"canonical\" href=\"https:\/\/www.vacances-villas.com\/blog\/3-expositions-du-moment-en-bretagne-sud\/\" \/>\n<meta property=\"og:locale\" content=\"fr_FR\" \/>\n<meta property=\"og:type\" content=\"article\" \/>\n<meta property=\"og:title\" content=\"Expositions photos \/ peinture proche Carnac, visites en Bretagne Sud\" \/>\n<meta property=\"og:description\" content=\"3 expositions photos \/ peinture proche de Carnac en Bretagne Sud : expo Henri Cartier-Bresson Landerneau, festival photo La Gacilly, Mus\u00e9e Pont-Aven...\" \/>\n<meta property=\"og:url\" content=\"https:\/\/www.vacances-villas.com\/blog\/3-expositions-du-moment-en-bretagne-sud\/\" \/>\n<meta property=\"og:site_name\" content=\"Blog\" \/>\n<meta property=\"article:publisher\" content=\"https:\/\/www.facebook.com\/profile.php?id=100068103702281\" \/>\n<meta property=\"article:author\" content=\"https:\/\/www.facebook.com\/Agence-Atlantique-106373688301129\" \/>\n<meta property=\"article:published_time\" content=\"2024-07-10T19:28:00+00:00\" \/>\n<meta property=\"article:modified_time\" content=\"2024-07-30T12:01:45+00:00\" \/>\n<meta property=\"og:image\" content=\"https:\/\/www.vacances-villas.com\/blog\/wp-content\/uploads\/2024\/07\/crtb-ae07190_LAMOUREUX-Alexandre.jpg\" \/>\n\t<meta property=\"og:image:width\" content=\"2000\" \/>\n\t<meta property=\"og:image:height\" content=\"1333\" \/>\n\t<meta property=\"og:image:type\" content=\"image\/jpeg\" \/>\n<meta name=\"author\" content=\"vacances-villas\" \/>\n<meta name=\"twitter:card\" content=\"summary_large_image\" \/>\n<meta name=\"twitter:label1\" content=\"\u00c9crit par\" \/>\n\t<meta name=\"twitter:data1\" content=\"vacances-villas\" \/>\n\t<meta name=\"twitter:label2\" content=\"Dur\u00e9e de lecture estim\u00e9e\" \/>\n\t<meta name=\"twitter:data2\" content=\"2 minutes\" \/>\n<script type=\"application\/ld+json\" class=\"yoast-schema-graph\">{\"@context\":\"https:\\\/\\\/schema.org\",\"@graph\":[{\"@type\":\"Article\",\"@id\":\"https:\\\/\\\/www.vacances-villas.com\\\/blog\\\/3-expositions-du-moment-en-bretagne-sud\\\/#article\",\"isPartOf\":{\"@id\":\"https:\\\/\\\/www.vacances-villas.com\\\/blog\\\/3-expositions-du-moment-en-bretagne-sud\\\/\"},\"author\":{\"name\":\"vacances-villas\",\"@id\":\"https:\\\/\\\/www.vacances-villas.com\\\/blog\\\/#\\\/schema\\\/person\\\/bbb0831c81e3c27edfe3425d99c758c7\"},\"headline\":\"3 expositions du moment en Bretagne Sud\",\"datePublished\":\"2024-07-10T19:28:00+00:00\",\"dateModified\":\"2024-07-30T12:01:45+00:00\",\"mainEntityOfPage\":{\"@id\":\"https:\\\/\\\/www.vacances-villas.com\\\/blog\\\/3-expositions-du-moment-en-bretagne-sud\\\/\"},\"wordCount\":429,\"commentCount\":0,\"publisher\":{\"@id\":\"https:\\\/\\\/www.vacances-villas.com\\\/blog\\\/#organization\"},\"image\":{\"@id\":\"https:\\\/\\\/www.vacances-villas.com\\\/blog\\\/3-expositions-du-moment-en-bretagne-sud\\\/#primaryimage\"},\"thumbnailUrl\":\"https:\\\/\\\/www.vacances-villas.com\\\/blog\\\/wp-content\\\/uploads\\\/2024\\\/07\\\/crtb-ae07190_LAMOUREUX-Alexandre.jpg\",\"articleSection\":[\"Ev\u00e9nements\"],\"inLanguage\":\"fr-FR\",\"potentialAction\":[{\"@type\":\"CommentAction\",\"name\":\"Comment\",\"target\":[\"https:\\\/\\\/www.vacances-villas.com\\\/blog\\\/3-expositions-du-moment-en-bretagne-sud\\\/#respond\"]}]},{\"@type\":\"WebPage\",\"@id\":\"https:\\\/\\\/www.vacances-villas.com\\\/blog\\\/3-expositions-du-moment-en-bretagne-sud\\\/\",\"url\":\"https:\\\/\\\/www.vacances-villas.com\\\/blog\\\/3-expositions-du-moment-en-bretagne-sud\\\/\",\"name\":\"Expositions photos \\\/ peinture proche Carnac, visites en Bretagne Sud\",\"isPartOf\":{\"@id\":\"https:\\\/\\\/www.vacances-villas.com\\\/blog\\\/#website\"},\"primaryImageOfPage\":{\"@id\":\"https:\\\/\\\/www.vacances-villas.com\\\/blog\\\/3-expositions-du-moment-en-bretagne-sud\\\/#primaryimage\"},\"image\":{\"@id\":\"https:\\\/\\\/www.vacances-villas.com\\\/blog\\\/3-expositions-du-moment-en-bretagne-sud\\\/#primaryimage\"},\"thumbnailUrl\":\"https:\\\/\\\/www.vacances-villas.com\\\/blog\\\/wp-content\\\/uploads\\\/2024\\\/07\\\/crtb-ae07190_LAMOUREUX-Alexandre.jpg\",\"datePublished\":\"2024-07-10T19:28:00+00:00\",\"dateModified\":\"2024-07-30T12:01:45+00:00\",\"description\":\"3 expositions photos \\\/ peinture proche de Carnac en Bretagne Sud : expo Henri Cartier-Bresson Landerneau, festival photo La Gacilly, Mus\u00e9e Pont-Aven...\",\"breadcrumb\":{\"@id\":\"https:\\\/\\\/www.vacances-villas.com\\\/blog\\\/3-expositions-du-moment-en-bretagne-sud\\\/#breadcrumb\"},\"inLanguage\":\"fr-FR\",\"potentialAction\":[{\"@type\":\"ReadAction\",\"target\":[\"https:\\\/\\\/www.vacances-villas.com\\\/blog\\\/3-expositions-du-moment-en-bretagne-sud\\\/\"]}]},{\"@type\":\"ImageObject\",\"inLanguage\":\"fr-FR\",\"@id\":\"https:\\\/\\\/www.vacances-villas.com\\\/blog\\\/3-expositions-du-moment-en-bretagne-sud\\\/#primaryimage\",\"url\":\"https:\\\/\\\/www.vacances-villas.com\\\/blog\\\/wp-content\\\/uploads\\\/2024\\\/07\\\/crtb-ae07190_LAMOUREUX-Alexandre.jpg\",\"contentUrl\":\"https:\\\/\\\/www.vacances-villas.com\\\/blog\\\/wp-content\\\/uploads\\\/2024\\\/07\\\/crtb-ae07190_LAMOUREUX-Alexandre.jpg\",\"width\":2000,\"height\":1333},{\"@type\":\"BreadcrumbList\",\"@id\":\"https:\\\/\\\/www.vacances-villas.com\\\/blog\\\/3-expositions-du-moment-en-bretagne-sud\\\/#breadcrumb\",\"itemListElement\":[{\"@type\":\"ListItem\",\"position\":1,\"name\":\"Home\",\"item\":\"https:\\\/\\\/www.vacances-villas.com\\\/blog\\\/\"},{\"@type\":\"ListItem\",\"position\":2,\"name\":\"3 expositions du moment en Bretagne Sud\"}]},{\"@type\":\"WebSite\",\"@id\":\"https:\\\/\\\/www.vacances-villas.com\\\/blog\\\/#website\",\"url\":\"https:\\\/\\\/www.vacances-villas.com\\\/blog\\\/\",\"name\":\"Blog\",\"description\":\"vacances-villas\",\"publisher\":{\"@id\":\"https:\\\/\\\/www.vacances-villas.com\\\/blog\\\/#organization\"},\"potentialAction\":[{\"@type\":\"SearchAction\",\"target\":{\"@type\":\"EntryPoint\",\"urlTemplate\":\"https:\\\/\\\/www.vacances-villas.com\\\/blog\\\/?s={search_term_string}\"},\"query-input\":{\"@type\":\"PropertyValueSpecification\",\"valueRequired\":true,\"valueName\":\"search_term_string\"}}],\"inLanguage\":\"fr-FR\"},{\"@type\":\"Organization\",\"@id\":\"https:\\\/\\\/www.vacances-villas.com\\\/blog\\\/#organization\",\"name\":\"Vacances Villas\",\"url\":\"https:\\\/\\\/www.vacances-villas.com\\\/blog\\\/\",\"logo\":{\"@type\":\"ImageObject\",\"inLanguage\":\"fr-FR\",\"@id\":\"https:\\\/\\\/www.vacances-villas.com\\\/blog\\\/#\\\/schema\\\/logo\\\/image\\\/\",\"url\":\"https:\\\/\\\/www.vacances-villas.com\\\/blog\\\/wp-content\\\/uploads\\\/2024\\\/07\\\/logo.png\",\"contentUrl\":\"https:\\\/\\\/www.vacances-villas.com\\\/blog\\\/wp-content\\\/uploads\\\/2024\\\/07\\\/logo.png\",\"width\":1140,\"height\":488,\"caption\":\"Vacances Villas\"},\"image\":{\"@id\":\"https:\\\/\\\/www.vacances-villas.com\\\/blog\\\/#\\\/schema\\\/logo\\\/image\\\/\"},\"sameAs\":[\"https:\\\/\\\/www.facebook.com\\\/profile.php?id=100068103702281\"]},{\"@type\":\"Person\",\"@id\":\"https:\\\/\\\/www.vacances-villas.com\\\/blog\\\/#\\\/schema\\\/person\\\/bbb0831c81e3c27edfe3425d99c758c7\",\"name\":\"vacances-villas\",\"image\":{\"@type\":\"ImageObject\",\"inLanguage\":\"fr-FR\",\"@id\":\"https:\\\/\\\/secure.gravatar.com\\\/avatar\\\/febfbdfb3d0eb2745e648590e83d2c5144bf2c7261ed976be516a2fa070c7818?s=96&d=mm&r=g\",\"url\":\"https:\\\/\\\/secure.gravatar.com\\\/avatar\\\/febfbdfb3d0eb2745e648590e83d2c5144bf2c7261ed976be516a2fa070c7818?s=96&d=mm&r=g\",\"contentUrl\":\"https:\\\/\\\/secure.gravatar.com\\\/avatar\\\/febfbdfb3d0eb2745e648590e83d2c5144bf2c7261ed976be516a2fa070c7818?s=96&d=mm&r=g\",\"caption\":\"vacances-villas\"},\"sameAs\":[\"https:\\\/\\\/www.facebook.com\\\/Agence-Atlantique-106373688301129\"],\"url\":\"https:\\\/\\\/www.vacances-villas.com\\\/blog\\\/author\\\/vacances-villas\\\/\"}]}<\/script>\n<!-- \/ Yoast SEO plugin. -->","yoast_head_json":{"title":"Expositions photos \/ peinture proche Carnac, visites en Bretagne Sud","description":"3 expositions photos \/ peinture proche de Carnac en Bretagne Sud : expo Henri Cartier-Bresson Landerneau, festival photo La Gacilly, Mus\u00e9e Pont-Aven...","robots":{"index":"index","follow":"follow","max-snippet":"max-snippet:-1","max-image-preview":"max-image-preview:large","max-video-preview":"max-video-preview:-1"},"canonical":"https:\/\/www.vacances-villas.com\/blog\/3-expositions-du-moment-en-bretagne-sud\/","og_locale":"fr_FR","og_type":"article","og_title":"Expositions photos \/ peinture proche Carnac, visites en Bretagne Sud","og_description":"3 expositions photos \/ peinture proche de Carnac en Bretagne Sud : expo Henri Cartier-Bresson Landerneau, festival photo La Gacilly, Mus\u00e9e Pont-Aven...","og_url":"https:\/\/www.vacances-villas.com\/blog\/3-expositions-du-moment-en-bretagne-sud\/","og_site_name":"Blog","article_publisher":"https:\/\/www.facebook.com\/profile.php?id=100068103702281","article_author":"https:\/\/www.facebook.com\/Agence-Atlantique-106373688301129","article_published_time":"2024-07-10T19:28:00+00:00","article_modified_time":"2024-07-30T12:01:45+00:00","og_image":[{"width":2000,"height":1333,"url":"https:\/\/www.vacances-villas.com\/blog\/wp-content\/uploads\/2024\/07\/crtb-ae07190_LAMOUREUX-Alexandre.jpg","type":"image\/jpeg"}],"author":"vacances-villas","twitter_card":"summary_large_image","twitter_misc":{"\u00c9crit par":"vacances-villas","Dur\u00e9e de lecture estim\u00e9e":"2 minutes"},"schema":{"@context":"https:\/\/schema.org","@graph":[{"@type":"Article","@id":"https:\/\/www.vacances-villas.com\/blog\/3-expositions-du-moment-en-bretagne-sud\/#article","isPartOf":{"@id":"https:\/\/www.vacances-villas.com\/blog\/3-expositions-du-moment-en-bretagne-sud\/"},"author":{"name":"vacances-villas","@id":"https:\/\/www.vacances-villas.com\/blog\/#\/schema\/person\/bbb0831c81e3c27edfe3425d99c758c7"},"headline":"3 expositions du moment en Bretagne Sud","datePublished":"2024-07-10T19:28:00+00:00","dateModified":"2024-07-30T12:01:45+00:00","mainEntityOfPage":{"@id":"https:\/\/www.vacances-villas.com\/blog\/3-expositions-du-moment-en-bretagne-sud\/"},"wordCount":429,"commentCount":0,"publisher":{"@id":"https:\/\/www.vacances-villas.com\/blog\/#organization"},"image":{"@id":"https:\/\/www.vacances-villas.com\/blog\/3-expositions-du-moment-en-bretagne-sud\/#primaryimage"},"thumbnailUrl":"https:\/\/www.vacances-villas.com\/blog\/wp-content\/uploads\/2024\/07\/crtb-ae07190_LAMOUREUX-Alexandre.jpg","articleSection":["Ev\u00e9nements"],"inLanguage":"fr-FR","potentialAction":[{"@type":"CommentAction","name":"Comment","target":["https:\/\/www.vacances-villas.com\/blog\/3-expositions-du-moment-en-bretagne-sud\/#respond"]}]},{"@type":"WebPage","@id":"https:\/\/www.vacances-villas.com\/blog\/3-expositions-du-moment-en-bretagne-sud\/","url":"https:\/\/www.vacances-villas.com\/blog\/3-expositions-du-moment-en-bretagne-sud\/","name":"Expositions photos \/ peinture proche Carnac, visites en Bretagne Sud","isPartOf":{"@id":"https:\/\/www.vacances-villas.com\/blog\/#website"},"primaryImageOfPage":{"@id":"https:\/\/www.vacances-villas.com\/blog\/3-expositions-du-moment-en-bretagne-sud\/#primaryimage"},"image":{"@id":"https:\/\/www.vacances-villas.com\/blog\/3-expositions-du-moment-en-bretagne-sud\/#primaryimage"},"thumbnailUrl":"https:\/\/www.vacances-villas.com\/blog\/wp-content\/uploads\/2024\/07\/crtb-ae07190_LAMOUREUX-Alexandre.jpg","datePublished":"2024-07-10T19:28:00+00:00","dateModified":"2024-07-30T12:01:45+00:00","description":"3 expositions photos \/ peinture proche de Carnac en Bretagne Sud : expo Henri Cartier-Bresson Landerneau, festival photo La Gacilly, Mus\u00e9e Pont-Aven...","breadcrumb":{"@id":"https:\/\/www.vacances-villas.com\/blog\/3-expositions-du-moment-en-bretagne-sud\/#breadcrumb"},"inLanguage":"fr-FR","potentialAction":[{"@type":"ReadAction","target":["https:\/\/www.vacances-villas.com\/blog\/3-expositions-du-moment-en-bretagne-sud\/"]}]},{"@type":"ImageObject","inLanguage":"fr-FR","@id":"https:\/\/www.vacances-villas.com\/blog\/3-expositions-du-moment-en-bretagne-sud\/#primaryimage","url":"https:\/\/www.vacances-villas.com\/blog\/wp-content\/uploads\/2024\/07\/crtb-ae07190_LAMOUREUX-Alexandre.jpg","contentUrl":"https:\/\/www.vacances-villas.com\/blog\/wp-content\/uploads\/2024\/07\/crtb-ae07190_LAMOUREUX-Alexandre.jpg","width":2000,"height":1333},{"@type":"BreadcrumbList","@id":"https:\/\/www.vacances-villas.com\/blog\/3-expositions-du-moment-en-bretagne-sud\/#breadcrumb","itemListElement":[{"@type":"ListItem","position":1,"name":"Home","item":"https:\/\/www.vacances-villas.com\/blog\/"},{"@type":"ListItem","position":2,"name":"3 expositions du moment en Bretagne Sud"}]},{"@type":"WebSite","@id":"https:\/\/www.vacances-villas.com\/blog\/#website","url":"https:\/\/www.vacances-villas.com\/blog\/","name":"Blog","description":"vacances-villas","publisher":{"@id":"https:\/\/www.vacances-villas.com\/blog\/#organization"},"potentialAction":[{"@type":"SearchAction","target":{"@type":"EntryPoint","urlTemplate":"https:\/\/www.vacances-villas.com\/blog\/?s={search_term_string}"},"query-input":{"@type":"PropertyValueSpecification","valueRequired":true,"valueName":"search_term_string"}}],"inLanguage":"fr-FR"},{"@type":"Organization","@id":"https:\/\/www.vacances-villas.com\/blog\/#organization","name":"Vacances Villas","url":"https:\/\/www.vacances-villas.com\/blog\/","logo":{"@type":"ImageObject","inLanguage":"fr-FR","@id":"https:\/\/www.vacances-villas.com\/blog\/#\/schema\/logo\/image\/","url":"https:\/\/www.vacances-villas.com\/blog\/wp-content\/uploads\/2024\/07\/logo.png","contentUrl":"https:\/\/www.vacances-villas.com\/blog\/wp-content\/uploads\/2024\/07\/logo.png","width":1140,"height":488,"caption":"Vacances Villas"},"image":{"@id":"https:\/\/www.vacances-villas.com\/blog\/#\/schema\/logo\/image\/"},"sameAs":["https:\/\/www.facebook.com\/profile.php?id=100068103702281"]},{"@type":"Person","@id":"https:\/\/www.vacances-villas.com\/blog\/#\/schema\/person\/bbb0831c81e3c27edfe3425d99c758c7","name":"vacances-villas","image":{"@type":"ImageObject","inLanguage":"fr-FR","@id":"https:\/\/secure.gravatar.com\/avatar\/febfbdfb3d0eb2745e648590e83d2c5144bf2c7261ed976be516a2fa070c7818?s=96&d=mm&r=g","url":"https:\/\/secure.gravatar.com\/avatar\/febfbdfb3d0eb2745e648590e83d2c5144bf2c7261ed976be516a2fa070c7818?s=96&d=mm&r=g","contentUrl":"https:\/\/secure.gravatar.com\/avatar\/febfbdfb3d0eb2745e648590e83d2c5144bf2c7261ed976be516a2fa070c7818?s=96&d=mm&r=g","caption":"vacances-villas"},"sameAs":["https:\/\/www.facebook.com\/Agence-Atlantique-106373688301129"],"url":"https:\/\/www.vacances-villas.com\/blog\/author\/vacances-villas\/"}]}},"_links":{"self":[{"href":"https:\/\/www.vacances-villas.com\/blog\/wp-json\/wp\/v2\/posts\/586","targetHints":{"allow":["GET"]}}],"collection":[{"href":"https:\/\/www.vacances-villas.com\/blog\/wp-json\/wp\/v2\/posts"}],"about":[{"href":"https:\/\/www.vacances-villas.com\/blog\/wp-json\/wp\/v2\/types\/post"}],"author":[{"embeddable":true,"href":"https:\/\/www.vacances-villas.com\/blog\/wp-json\/wp\/v2\/users\/2"}],"replies":[{"embeddable":true,"href":"https:\/\/www.vacances-villas.com\/blog\/wp-json\/wp\/v2\/comments?post=586"}],"version-history":[{"count":8,"href":"https:\/\/www.vacances-villas.com\/blog\/wp-json\/wp\/v2\/posts\/586\/revisions"}],"predecessor-version":[{"id":632,"href":"https:\/\/www.vacances-villas.com\/blog\/wp-json\/wp\/v2\/posts\/586\/revisions\/632"}],"wp:featuredmedia":[{"embeddable":true,"href":"https:\/\/www.vacances-villas.com\/blog\/wp-json\/wp\/v2\/media\/587"}],"wp:attachment":[{"href":"https:\/\/www.vacances-villas.com\/blog\/wp-json\/wp\/v2\/media?parent=586"}],"wp:term":[{"taxonomy":"category","embeddable":true,"href":"https:\/\/www.vacances-villas.com\/blog\/wp-json\/wp\/v2\/categories?post=586"},{"taxonomy":"post_tag","embeddable":true,"href":"https:\/\/www.vacances-villas.com\/blog\/wp-json\/wp\/v2\/tags?post=586"}],"curies":[{"name":"wp","href":"https:\/\/api.w.org\/{rel}","templated":true}]}}