{"id":591,"date":"2024-07-17T13:40:00","date_gmt":"2024-07-17T13:40:00","guid":{"rendered":"https:\/\/www.vacances-villas.com\/blog\/?p=591"},"modified":"2024-07-30T11:59:11","modified_gmt":"2024-07-30T11:59:11","slug":"les-festivals-de-lete-en-bretagne-sud","status":"publish","type":"post","link":"https:\/\/www.vacances-villas.com\/blog\/les-festivals-de-lete-en-bretagne-sud\/","title":{"rendered":"Les festivals de l&rsquo;\u00e9t\u00e9 en Bretagne Sud"},"content":{"rendered":"\n<h2 class=\"wp-block-heading\">Festival les Filets Bleus \u00e0 Concarneau du 7 au 11 Ao\u00fbt 2024<\/h2>\n\n\n\n<p>Le <a href=\"https:\/\/www.festivaldesfiletsbleus.bzh\/\" target=\"_blank\" rel=\"noreferrer noopener\">Festival des Filets Bleus<\/a> se tiendra du mercredi 7 au dimanche 11 ao\u00fbt 2024. Les concerts gratuits en plein air auront lieu Quai Carnot, face aux remparts de la Ville Close de Concarneau.<\/p>\n\n\n\n<p>Fond\u00e9 en 1905, ce festival se distingue par son histoire et son fonctionnement atypiques. Il est devenu un \u00e9v\u00e9nement festif incontournable de l&rsquo;\u00e9t\u00e9 breton. Les quais et la Ville Close mettent en avant la richesse et la diversit\u00e9 de la culture bretonne ainsi que d&rsquo;autres cultures. Le Village de la mer offre \u00e9galement une opportunit\u00e9 au grand public de d\u00e9couvrir le monde de la p\u00eache et ses m\u00e9tiers.<\/p>\n\n\n\n<h2 class=\"wp-block-heading\">Festival Interceltique de Lorient 2024 : un rendez-vous culturel incontournable du 12 au 18 Ao\u00fbt<\/h2>\n\n\n\n<p>Le <a href=\"https:\/\/www.festival-interceltique.bzh\/\" target=\"_blank\" rel=\"noreferrer noopener\">Festival Interceltique de Lorient<\/a> se tiendra du 12 au 18 ao\u00fbt 2024, c\u00e9l\u00e9brant les cultures celtiques avec une \u00e9dition riche en \u00e9v\u00e9nements. Des artistes comme Matmatah et Soldat Louis seront \u00e0 l&rsquo;honneur cette ann\u00e9. La Grande Parade des Nations Celtes inaugurera le festival le 12 ao\u00fbt, r\u00e9unissant des participants de divers pays celtiques. En plus des concerts, des ateliers de danse bretonne, des fest-noz, des expositions et un village celtique avec des produits artisanaux seront propos\u00e9s. La gastronomie celtique sera \u00e9galement mise en avant avec des sp\u00e9cialit\u00e9s r\u00e9gionales. Les billets sont disponibles sur le site officiel du festival.<\/p>\n\n\n\n<h2 class=\"wp-block-heading\">Festival International Bretagne Sud \u00e0 Damgan&nbsp;les 7 et 8 septembre 2024<\/h2>\n\n\n\n<p>Le <a href=\"https:\/\/www.damgan-festival.com\/\" target=\"_blank\" rel=\"noreferrer noopener\">Festival International Bretagne Sud<\/a> se tiendra \u00e0 Damgan les 7 et 8 septembre 2024 pour sa 6e \u00e9dition. Ce festival de musique bretonne propose une vari\u00e9t\u00e9 d&rsquo;animations : orgues de Barbarie, bagads, fanfares, chants de rue et spectacles animeront les rues et le front de mer. Cette ann\u00e9e, \u00e0 l&rsquo;occasion des 200 ans de Damgan, le Bagad de Lann-Bihou\u00e9, musiciens de la Marine Nationale, sera pr\u00e9sent, ajoutant un temps fort unique \u00e0 l&rsquo;\u00e9v\u00e9nement. Le festival, qui se d\u00e9roule tous les deux ans, promet une ambiance conviviale et joyeuse dans la tradition bretonne.<\/p>\n","protected":false},"excerpt":{"rendered":"<p>Festival les Filets Bleus \u00e0 Concarneau du 7 au 11 Ao\u00fbt 2024 Le Festival des Filets Bleus se tiendra du&#8230;<\/p>\n","protected":false},"author":2,"featured_media":607,"comment_status":"open","ping_status":"closed","sticky":false,"template":"","format":"standard","meta":{"footnotes":""},"categories":[4],"tags":[],"class_list":["post-591","post","type-post","status-publish","format-standard","has-post-thumbnail","hentry","category-evenements"],"yoast_head":"<!-- This site is optimized with the Yoast SEO plugin v27.4 - https:\/\/yoast.com\/product\/yoast-seo-wordpress\/ -->\n<title>Festivals de musique proche de Carnac, vacances en Bretagne Sud<\/title>\n<meta name=\"description\" content=\"D\u00e9couvrez les festivals de l&#039;\u00e9t\u00e9 proche Carnac : festival interceltique Lorient, les filets bleus Concarneau, festival international Bretagne Sud Damgan.\" \/>\n<meta name=\"robots\" content=\"index, follow, max-snippet:-1, max-image-preview:large, max-video-preview:-1\" \/>\n<link rel=\"canonical\" href=\"https:\/\/www.vacances-villas.com\/blog\/les-festivals-de-lete-en-bretagne-sud\/\" \/>\n<meta property=\"og:locale\" content=\"fr_FR\" \/>\n<meta property=\"og:type\" content=\"article\" \/>\n<meta property=\"og:title\" content=\"Festivals de musique proche de Carnac, vacances en Bretagne Sud\" \/>\n<meta property=\"og:description\" content=\"D\u00e9couvrez les festivals de l&#039;\u00e9t\u00e9 proche Carnac : festival interceltique Lorient, les filets bleus Concarneau, festival international Bretagne Sud Damgan.\" \/>\n<meta property=\"og:url\" content=\"https:\/\/www.vacances-villas.com\/blog\/les-festivals-de-lete-en-bretagne-sud\/\" \/>\n<meta property=\"og:site_name\" content=\"Blog\" \/>\n<meta property=\"article:publisher\" content=\"https:\/\/www.facebook.com\/profile.php?id=100068103702281\" \/>\n<meta property=\"article:author\" content=\"https:\/\/www.facebook.com\/Agence-Atlantique-106373688301129\" \/>\n<meta property=\"article:published_time\" content=\"2024-07-17T13:40:00+00:00\" \/>\n<meta property=\"article:modified_time\" content=\"2024-07-30T11:59:11+00:00\" \/>\n<meta property=\"og:image\" content=\"https:\/\/www.vacances-villas.com\/blog\/wp-content\/uploads\/2024\/07\/festival-interceltique-lorient.jpg\" \/>\n\t<meta property=\"og:image:width\" content=\"500\" \/>\n\t<meta property=\"og:image:height\" content=\"750\" \/>\n\t<meta property=\"og:image:type\" content=\"image\/jpeg\" \/>\n<meta name=\"author\" content=\"vacances-villas\" \/>\n<meta name=\"twitter:card\" content=\"summary_large_image\" \/>\n<meta name=\"twitter:label1\" content=\"\u00c9crit par\" \/>\n\t<meta name=\"twitter:data1\" content=\"vacances-villas\" \/>\n\t<meta name=\"twitter:label2\" content=\"Dur\u00e9e de lecture estim\u00e9e\" \/>\n\t<meta name=\"twitter:data2\" content=\"2 minutes\" \/>\n<script type=\"application\/ld+json\" class=\"yoast-schema-graph\">{\"@context\":\"https:\\\/\\\/schema.org\",\"@graph\":[{\"@type\":\"Article\",\"@id\":\"https:\\\/\\\/www.vacances-villas.com\\\/blog\\\/les-festivals-de-lete-en-bretagne-sud\\\/#article\",\"isPartOf\":{\"@id\":\"https:\\\/\\\/www.vacances-villas.com\\\/blog\\\/les-festivals-de-lete-en-bretagne-sud\\\/\"},\"author\":{\"name\":\"vacances-villas\",\"@id\":\"https:\\\/\\\/www.vacances-villas.com\\\/blog\\\/#\\\/schema\\\/person\\\/bbb0831c81e3c27edfe3425d99c758c7\"},\"headline\":\"Les festivals de l&rsquo;\u00e9t\u00e9 en Bretagne Sud\",\"datePublished\":\"2024-07-17T13:40:00+00:00\",\"dateModified\":\"2024-07-30T11:59:11+00:00\",\"mainEntityOfPage\":{\"@id\":\"https:\\\/\\\/www.vacances-villas.com\\\/blog\\\/les-festivals-de-lete-en-bretagne-sud\\\/\"},\"wordCount\":341,\"commentCount\":0,\"publisher\":{\"@id\":\"https:\\\/\\\/www.vacances-villas.com\\\/blog\\\/#organization\"},\"image\":{\"@id\":\"https:\\\/\\\/www.vacances-villas.com\\\/blog\\\/les-festivals-de-lete-en-bretagne-sud\\\/#primaryimage\"},\"thumbnailUrl\":\"https:\\\/\\\/www.vacances-villas.com\\\/blog\\\/wp-content\\\/uploads\\\/2024\\\/07\\\/festival-interceltique-lorient.jpg\",\"articleSection\":[\"Ev\u00e9nements\"],\"inLanguage\":\"fr-FR\",\"potentialAction\":[{\"@type\":\"CommentAction\",\"name\":\"Comment\",\"target\":[\"https:\\\/\\\/www.vacances-villas.com\\\/blog\\\/les-festivals-de-lete-en-bretagne-sud\\\/#respond\"]}]},{\"@type\":\"WebPage\",\"@id\":\"https:\\\/\\\/www.vacances-villas.com\\\/blog\\\/les-festivals-de-lete-en-bretagne-sud\\\/\",\"url\":\"https:\\\/\\\/www.vacances-villas.com\\\/blog\\\/les-festivals-de-lete-en-bretagne-sud\\\/\",\"name\":\"Festivals de musique proche de Carnac, vacances en Bretagne Sud\",\"isPartOf\":{\"@id\":\"https:\\\/\\\/www.vacances-villas.com\\\/blog\\\/#website\"},\"primaryImageOfPage\":{\"@id\":\"https:\\\/\\\/www.vacances-villas.com\\\/blog\\\/les-festivals-de-lete-en-bretagne-sud\\\/#primaryimage\"},\"image\":{\"@id\":\"https:\\\/\\\/www.vacances-villas.com\\\/blog\\\/les-festivals-de-lete-en-bretagne-sud\\\/#primaryimage\"},\"thumbnailUrl\":\"https:\\\/\\\/www.vacances-villas.com\\\/blog\\\/wp-content\\\/uploads\\\/2024\\\/07\\\/festival-interceltique-lorient.jpg\",\"datePublished\":\"2024-07-17T13:40:00+00:00\",\"dateModified\":\"2024-07-30T11:59:11+00:00\",\"description\":\"D\u00e9couvrez les festivals de l'\u00e9t\u00e9 proche Carnac : festival interceltique Lorient, les filets bleus Concarneau, festival international Bretagne Sud Damgan.\",\"breadcrumb\":{\"@id\":\"https:\\\/\\\/www.vacances-villas.com\\\/blog\\\/les-festivals-de-lete-en-bretagne-sud\\\/#breadcrumb\"},\"inLanguage\":\"fr-FR\",\"potentialAction\":[{\"@type\":\"ReadAction\",\"target\":[\"https:\\\/\\\/www.vacances-villas.com\\\/blog\\\/les-festivals-de-lete-en-bretagne-sud\\\/\"]}]},{\"@type\":\"ImageObject\",\"inLanguage\":\"fr-FR\",\"@id\":\"https:\\\/\\\/www.vacances-villas.com\\\/blog\\\/les-festivals-de-lete-en-bretagne-sud\\\/#primaryimage\",\"url\":\"https:\\\/\\\/www.vacances-villas.com\\\/blog\\\/wp-content\\\/uploads\\\/2024\\\/07\\\/festival-interceltique-lorient.jpg\",\"contentUrl\":\"https:\\\/\\\/www.vacances-villas.com\\\/blog\\\/wp-content\\\/uploads\\\/2024\\\/07\\\/festival-interceltique-lorient.jpg\",\"width\":500,\"height\":750},{\"@type\":\"BreadcrumbList\",\"@id\":\"https:\\\/\\\/www.vacances-villas.com\\\/blog\\\/les-festivals-de-lete-en-bretagne-sud\\\/#breadcrumb\",\"itemListElement\":[{\"@type\":\"ListItem\",\"position\":1,\"name\":\"Home\",\"item\":\"https:\\\/\\\/www.vacances-villas.com\\\/blog\\\/\"},{\"@type\":\"ListItem\",\"position\":2,\"name\":\"Les festivals de l&rsquo;\u00e9t\u00e9 en Bretagne Sud\"}]},{\"@type\":\"WebSite\",\"@id\":\"https:\\\/\\\/www.vacances-villas.com\\\/blog\\\/#website\",\"url\":\"https:\\\/\\\/www.vacances-villas.com\\\/blog\\\/\",\"name\":\"Blog\",\"description\":\"vacances-villas\",\"publisher\":{\"@id\":\"https:\\\/\\\/www.vacances-villas.com\\\/blog\\\/#organization\"},\"potentialAction\":[{\"@type\":\"SearchAction\",\"target\":{\"@type\":\"EntryPoint\",\"urlTemplate\":\"https:\\\/\\\/www.vacances-villas.com\\\/blog\\\/?s={search_term_string}\"},\"query-input\":{\"@type\":\"PropertyValueSpecification\",\"valueRequired\":true,\"valueName\":\"search_term_string\"}}],\"inLanguage\":\"fr-FR\"},{\"@type\":\"Organization\",\"@id\":\"https:\\\/\\\/www.vacances-villas.com\\\/blog\\\/#organization\",\"name\":\"Vacances Villas\",\"url\":\"https:\\\/\\\/www.vacances-villas.com\\\/blog\\\/\",\"logo\":{\"@type\":\"ImageObject\",\"inLanguage\":\"fr-FR\",\"@id\":\"https:\\\/\\\/www.vacances-villas.com\\\/blog\\\/#\\\/schema\\\/logo\\\/image\\\/\",\"url\":\"https:\\\/\\\/www.vacances-villas.com\\\/blog\\\/wp-content\\\/uploads\\\/2024\\\/07\\\/logo.png\",\"contentUrl\":\"https:\\\/\\\/www.vacances-villas.com\\\/blog\\\/wp-content\\\/uploads\\\/2024\\\/07\\\/logo.png\",\"width\":1140,\"height\":488,\"caption\":\"Vacances Villas\"},\"image\":{\"@id\":\"https:\\\/\\\/www.vacances-villas.com\\\/blog\\\/#\\\/schema\\\/logo\\\/image\\\/\"},\"sameAs\":[\"https:\\\/\\\/www.facebook.com\\\/profile.php?id=100068103702281\"]},{\"@type\":\"Person\",\"@id\":\"https:\\\/\\\/www.vacances-villas.com\\\/blog\\\/#\\\/schema\\\/person\\\/bbb0831c81e3c27edfe3425d99c758c7\",\"name\":\"vacances-villas\",\"image\":{\"@type\":\"ImageObject\",\"inLanguage\":\"fr-FR\",\"@id\":\"https:\\\/\\\/secure.gravatar.com\\\/avatar\\\/febfbdfb3d0eb2745e648590e83d2c5144bf2c7261ed976be516a2fa070c7818?s=96&d=mm&r=g\",\"url\":\"https:\\\/\\\/secure.gravatar.com\\\/avatar\\\/febfbdfb3d0eb2745e648590e83d2c5144bf2c7261ed976be516a2fa070c7818?s=96&d=mm&r=g\",\"contentUrl\":\"https:\\\/\\\/secure.gravatar.com\\\/avatar\\\/febfbdfb3d0eb2745e648590e83d2c5144bf2c7261ed976be516a2fa070c7818?s=96&d=mm&r=g\",\"caption\":\"vacances-villas\"},\"sameAs\":[\"https:\\\/\\\/www.facebook.com\\\/Agence-Atlantique-106373688301129\"],\"url\":\"https:\\\/\\\/www.vacances-villas.com\\\/blog\\\/author\\\/vacances-villas\\\/\"}]}<\/script>\n<!-- \/ Yoast SEO plugin. -->","yoast_head_json":{"title":"Festivals de musique proche de Carnac, vacances en Bretagne Sud","description":"D\u00e9couvrez les festivals de l'\u00e9t\u00e9 proche Carnac : festival interceltique Lorient, les filets bleus Concarneau, festival international Bretagne Sud Damgan.","robots":{"index":"index","follow":"follow","max-snippet":"max-snippet:-1","max-image-preview":"max-image-preview:large","max-video-preview":"max-video-preview:-1"},"canonical":"https:\/\/www.vacances-villas.com\/blog\/les-festivals-de-lete-en-bretagne-sud\/","og_locale":"fr_FR","og_type":"article","og_title":"Festivals de musique proche de Carnac, vacances en Bretagne Sud","og_description":"D\u00e9couvrez les festivals de l'\u00e9t\u00e9 proche Carnac : festival interceltique Lorient, les filets bleus Concarneau, festival international Bretagne Sud Damgan.","og_url":"https:\/\/www.vacances-villas.com\/blog\/les-festivals-de-lete-en-bretagne-sud\/","og_site_name":"Blog","article_publisher":"https:\/\/www.facebook.com\/profile.php?id=100068103702281","article_author":"https:\/\/www.facebook.com\/Agence-Atlantique-106373688301129","article_published_time":"2024-07-17T13:40:00+00:00","article_modified_time":"2024-07-30T11:59:11+00:00","og_image":[{"width":500,"height":750,"url":"https:\/\/www.vacances-villas.com\/blog\/wp-content\/uploads\/2024\/07\/festival-interceltique-lorient.jpg","type":"image\/jpeg"}],"author":"vacances-villas","twitter_card":"summary_large_image","twitter_misc":{"\u00c9crit par":"vacances-villas","Dur\u00e9e de lecture estim\u00e9e":"2 minutes"},"schema":{"@context":"https:\/\/schema.org","@graph":[{"@type":"Article","@id":"https:\/\/www.vacances-villas.com\/blog\/les-festivals-de-lete-en-bretagne-sud\/#article","isPartOf":{"@id":"https:\/\/www.vacances-villas.com\/blog\/les-festivals-de-lete-en-bretagne-sud\/"},"author":{"name":"vacances-villas","@id":"https:\/\/www.vacances-villas.com\/blog\/#\/schema\/person\/bbb0831c81e3c27edfe3425d99c758c7"},"headline":"Les festivals de l&rsquo;\u00e9t\u00e9 en Bretagne Sud","datePublished":"2024-07-17T13:40:00+00:00","dateModified":"2024-07-30T11:59:11+00:00","mainEntityOfPage":{"@id":"https:\/\/www.vacances-villas.com\/blog\/les-festivals-de-lete-en-bretagne-sud\/"},"wordCount":341,"commentCount":0,"publisher":{"@id":"https:\/\/www.vacances-villas.com\/blog\/#organization"},"image":{"@id":"https:\/\/www.vacances-villas.com\/blog\/les-festivals-de-lete-en-bretagne-sud\/#primaryimage"},"thumbnailUrl":"https:\/\/www.vacances-villas.com\/blog\/wp-content\/uploads\/2024\/07\/festival-interceltique-lorient.jpg","articleSection":["Ev\u00e9nements"],"inLanguage":"fr-FR","potentialAction":[{"@type":"CommentAction","name":"Comment","target":["https:\/\/www.vacances-villas.com\/blog\/les-festivals-de-lete-en-bretagne-sud\/#respond"]}]},{"@type":"WebPage","@id":"https:\/\/www.vacances-villas.com\/blog\/les-festivals-de-lete-en-bretagne-sud\/","url":"https:\/\/www.vacances-villas.com\/blog\/les-festivals-de-lete-en-bretagne-sud\/","name":"Festivals de musique proche de Carnac, vacances en Bretagne Sud","isPartOf":{"@id":"https:\/\/www.vacances-villas.com\/blog\/#website"},"primaryImageOfPage":{"@id":"https:\/\/www.vacances-villas.com\/blog\/les-festivals-de-lete-en-bretagne-sud\/#primaryimage"},"image":{"@id":"https:\/\/www.vacances-villas.com\/blog\/les-festivals-de-lete-en-bretagne-sud\/#primaryimage"},"thumbnailUrl":"https:\/\/www.vacances-villas.com\/blog\/wp-content\/uploads\/2024\/07\/festival-interceltique-lorient.jpg","datePublished":"2024-07-17T13:40:00+00:00","dateModified":"2024-07-30T11:59:11+00:00","description":"D\u00e9couvrez les festivals de l'\u00e9t\u00e9 proche Carnac : festival interceltique Lorient, les filets bleus Concarneau, festival international Bretagne Sud Damgan.","breadcrumb":{"@id":"https:\/\/www.vacances-villas.com\/blog\/les-festivals-de-lete-en-bretagne-sud\/#breadcrumb"},"inLanguage":"fr-FR","potentialAction":[{"@type":"ReadAction","target":["https:\/\/www.vacances-villas.com\/blog\/les-festivals-de-lete-en-bretagne-sud\/"]}]},{"@type":"ImageObject","inLanguage":"fr-FR","@id":"https:\/\/www.vacances-villas.com\/blog\/les-festivals-de-lete-en-bretagne-sud\/#primaryimage","url":"https:\/\/www.vacances-villas.com\/blog\/wp-content\/uploads\/2024\/07\/festival-interceltique-lorient.jpg","contentUrl":"https:\/\/www.vacances-villas.com\/blog\/wp-content\/uploads\/2024\/07\/festival-interceltique-lorient.jpg","width":500,"height":750},{"@type":"BreadcrumbList","@id":"https:\/\/www.vacances-villas.com\/blog\/les-festivals-de-lete-en-bretagne-sud\/#breadcrumb","itemListElement":[{"@type":"ListItem","position":1,"name":"Home","item":"https:\/\/www.vacances-villas.com\/blog\/"},{"@type":"ListItem","position":2,"name":"Les festivals de l&rsquo;\u00e9t\u00e9 en Bretagne Sud"}]},{"@type":"WebSite","@id":"https:\/\/www.vacances-villas.com\/blog\/#website","url":"https:\/\/www.vacances-villas.com\/blog\/","name":"Blog","description":"vacances-villas","publisher":{"@id":"https:\/\/www.vacances-villas.com\/blog\/#organization"},"potentialAction":[{"@type":"SearchAction","target":{"@type":"EntryPoint","urlTemplate":"https:\/\/www.vacances-villas.com\/blog\/?s={search_term_string}"},"query-input":{"@type":"PropertyValueSpecification","valueRequired":true,"valueName":"search_term_string"}}],"inLanguage":"fr-FR"},{"@type":"Organization","@id":"https:\/\/www.vacances-villas.com\/blog\/#organization","name":"Vacances Villas","url":"https:\/\/www.vacances-villas.com\/blog\/","logo":{"@type":"ImageObject","inLanguage":"fr-FR","@id":"https:\/\/www.vacances-villas.com\/blog\/#\/schema\/logo\/image\/","url":"https:\/\/www.vacances-villas.com\/blog\/wp-content\/uploads\/2024\/07\/logo.png","contentUrl":"https:\/\/www.vacances-villas.com\/blog\/wp-content\/uploads\/2024\/07\/logo.png","width":1140,"height":488,"caption":"Vacances Villas"},"image":{"@id":"https:\/\/www.vacances-villas.com\/blog\/#\/schema\/logo\/image\/"},"sameAs":["https:\/\/www.facebook.com\/profile.php?id=100068103702281"]},{"@type":"Person","@id":"https:\/\/www.vacances-villas.com\/blog\/#\/schema\/person\/bbb0831c81e3c27edfe3425d99c758c7","name":"vacances-villas","image":{"@type":"ImageObject","inLanguage":"fr-FR","@id":"https:\/\/secure.gravatar.com\/avatar\/febfbdfb3d0eb2745e648590e83d2c5144bf2c7261ed976be516a2fa070c7818?s=96&d=mm&r=g","url":"https:\/\/secure.gravatar.com\/avatar\/febfbdfb3d0eb2745e648590e83d2c5144bf2c7261ed976be516a2fa070c7818?s=96&d=mm&r=g","contentUrl":"https:\/\/secure.gravatar.com\/avatar\/febfbdfb3d0eb2745e648590e83d2c5144bf2c7261ed976be516a2fa070c7818?s=96&d=mm&r=g","caption":"vacances-villas"},"sameAs":["https:\/\/www.facebook.com\/Agence-Atlantique-106373688301129"],"url":"https:\/\/www.vacances-villas.com\/blog\/author\/vacances-villas\/"}]}},"_links":{"self":[{"href":"https:\/\/www.vacances-villas.com\/blog\/wp-json\/wp\/v2\/posts\/591","targetHints":{"allow":["GET"]}}],"collection":[{"href":"https:\/\/www.vacances-villas.com\/blog\/wp-json\/wp\/v2\/posts"}],"about":[{"href":"https:\/\/www.vacances-villas.com\/blog\/wp-json\/wp\/v2\/types\/post"}],"author":[{"embeddable":true,"href":"https:\/\/www.vacances-villas.com\/blog\/wp-json\/wp\/v2\/users\/2"}],"replies":[{"embeddable":true,"href":"https:\/\/www.vacances-villas.com\/blog\/wp-json\/wp\/v2\/comments?post=591"}],"version-history":[{"count":6,"href":"https:\/\/www.vacances-villas.com\/blog\/wp-json\/wp\/v2\/posts\/591\/revisions"}],"predecessor-version":[{"id":631,"href":"https:\/\/www.vacances-villas.com\/blog\/wp-json\/wp\/v2\/posts\/591\/revisions\/631"}],"wp:featuredmedia":[{"embeddable":true,"href":"https:\/\/www.vacances-villas.com\/blog\/wp-json\/wp\/v2\/media\/607"}],"wp:attachment":[{"href":"https:\/\/www.vacances-villas.com\/blog\/wp-json\/wp\/v2\/media?parent=591"}],"wp:term":[{"taxonomy":"category","embeddable":true,"href":"https:\/\/www.vacances-villas.com\/blog\/wp-json\/wp\/v2\/categories?post=591"},{"taxonomy":"post_tag","embeddable":true,"href":"https:\/\/www.vacances-villas.com\/blog\/wp-json\/wp\/v2\/tags?post=591"}],"curies":[{"name":"wp","href":"https:\/\/api.w.org\/{rel}","templated":true}]}}