{"id":614,"date":"2024-07-27T13:14:22","date_gmt":"2024-07-27T13:14:22","guid":{"rendered":"https:\/\/www.vacances-villas.com\/blog\/?p=614"},"modified":"2024-07-30T11:52:50","modified_gmt":"2024-07-30T11:52:50","slug":"location-de-velo-a-carnac-et-la-trinite-sur-mer-circuits-et-itineraires-cyclables-autour-des-megalithes","status":"publish","type":"post","link":"https:\/\/www.vacances-villas.com\/blog\/location-de-velo-a-carnac-et-la-trinite-sur-mer-circuits-et-itineraires-cyclables-autour-des-megalithes\/","title":{"rendered":"Location de v\u00e9lo \u00e0 Carnac et la Trinit\u00e9-sur-Mer : circuits et itin\u00e9raires cyclables autour des M\u00e9galithes"},"content":{"rendered":"\n<p>Carnac et la Trinit\u00e9-sur-Mer sont des destinations incontournables pour les amateurs de v\u00e9lo. Ces deux charmantes villes bretonnes offrent des paysages pittoresques, des monuments historiques et une vari\u00e9t\u00e9 de circuits cyclables adapt\u00e9s \u00e0 tous les niveaux. Que vous soyez un cycliste d\u00e9butant ou exp\u00e9riment\u00e9, voici un guide complet pour louer des v\u00e9los et explorer les itin\u00e9raires de piste cyclable autour des c\u00e9l\u00e8bres m\u00e9galithes de Carnac.<\/p>\n\n\n\n<h2 class=\"wp-block-heading\"><strong>Pourquoi choisir Carnac et la Trinit\u00e9-sur-Mer pour le v\u00e9lo ?<\/strong><\/h2>\n\n\n\n<p>Carnac est mondialement connue pour ses alignements de menhirs, des sites m\u00e9galithiques datant de la pr\u00e9histoire. La Trinit\u00e9-sur-Mer, avec son port pittoresque et ses plages de sable fin, est \u00e9galement un endroit id\u00e9al pour des balades \u00e0 v\u00e9lo. Ces deux localit\u00e9s offrent une combinaison parfaite de culture, de nature et de loisirs.<\/p>\n\n\n\n<h2 class=\"wp-block-heading\"><strong>O\u00f9 louer un v\u00e9lo \u00e0 Carnac et la Trinit\u00e9-sur-Mer ?<\/strong><\/h2>\n\n\n\n<p>Plusieurs boutiques de location de v\u00e9los sont disponibles \u00e0 Carnac et la Trinit\u00e9-sur-Mer. Voici quelques-unes des options les plus populaires :<\/p>\n\n\n\n<ul class=\"wp-block-list\"><li><strong>V\u00e9loc\u2019Ouest<\/strong> \u00e0 Carnac : location de v\u00e9los classiques, \u00e9lectriques, VTT, accessoires pour enfants. Tarifs et informations sur <a href=\"https:\/\/www.velocouest.fr\/location-de-velos-a-carnac\/\" target=\"_blank\" rel=\"noreferrer noopener\">https:\/\/www.velocouest.fr\/location-de-velos-a-carnac\/<\/a>.<\/li><li><strong>Beach Bikes<\/strong> \u00e0 Carnac et la Trinit\u00e9-sur-Mer : VTT, Fat Bike, v\u00e9los \u00e9lectriques, v\u00e9los pour enfants&#8230; Tarifs et informations sur <a href=\"https:\/\/www.beachbikes.fr\/\">https:\/\/www.beachbikes.fr\/<\/a><\/li><li><strong>Le v\u00e9lo Trinitain<\/strong> \u00e0 la Trinit\u00e9-sur-Mer : v\u00e9los tout-terrain, Gravel, v\u00e9los \u00e9lectriques, v\u00e9los pour enfants,&#8230; Tarifs et informations sur <a href=\"https:\/\/www.letrinitain.bzh\/\" target=\"_blank\" rel=\"noreferrer noopener\">https:\/\/www.letrinitain.bzh\/<\/a><\/li><\/ul>\n\n\n\n<h2 class=\"wp-block-heading\"><strong>Les meilleurs circuits et itin\u00e9raires cyclables autour de Carnac<\/strong><\/h2>\n\n\n\n<h3 class=\"wp-block-heading\"><strong>1. Circuit des M\u00e9galithes<\/strong><\/h3>\n\n\n\n<ul class=\"wp-block-list\"><li><strong>Distance<\/strong> : 20 km<\/li><li><strong>Dur\u00e9e<\/strong> : 2 heures<\/li><li><strong>Description<\/strong> : ce circuit vous fait d\u00e9couvrir les principaux sites m\u00e9galithiques de Carnac, y compris les c\u00e9l\u00e8bres alignements de Kermario et de M\u00e9nec. Le parcours est principalement plat et accessible \u00e0 tous les niveaux.<\/li><\/ul>\n\n\n\n<h3 class=\"wp-block-heading\"><strong>2. Balade le long de la c\u00f4te<\/strong><\/h3>\n\n\n\n<ul class=\"wp-block-list\"><li><strong>Distance<\/strong> : 15 km<\/li><li><strong>Dur\u00e9e<\/strong> : 1h30<\/li><li><strong>Description<\/strong> : ce circuit longe la c\u00f4te atlantique, offrant des vues spectaculaires sur la mer et les plages de Carnac. Vous passerez par la plage de L\u00e9gen\u00e8se, id\u00e9ale pour une pause baignade.<\/li><\/ul>\n\n\n\n<h3 class=\"wp-block-heading\"><strong>3. De Carnac \u00e0 la Trinit\u00e9-sur-Mer<\/strong><\/h3>\n\n\n\n<ul class=\"wp-block-list\"><li><strong>Distance<\/strong> : 10 km<\/li><li><strong>Dur\u00e9e<\/strong> : 1 heure<\/li><li><strong>Description<\/strong> : cet itin\u00e9raire relie Carnac \u00e0 la Trinit\u00e9-sur-Mer en passant par des chemins tranquilles. Vous pourrez profiter du port anim\u00e9 de la Trinit\u00e9-sur-Mer et de ses restaurants de fruits de mer.<\/li><\/ul>\n\n\n\n<p>Louer un v\u00e9lo \u00e0 Carnac ou \u00e0 la Trinit\u00e9-sur-Mer est une excellente fa\u00e7on de d\u00e9couvrir la beaut\u00e9 naturelle et historique de la r\u00e9gion. Avec des itin\u00e9raires adapt\u00e9s \u00e0 tous les niveaux, vous pouvez explorer les m\u00e9galithes, la c\u00f4te atlantique et bien plus encore. Alors, pr\u00e9parez vos v\u00e9los et partez \u00e0 l\u2019aventure !<\/p>\n","protected":false},"excerpt":{"rendered":"<p>Carnac et la Trinit\u00e9-sur-Mer sont des destinations incontournables pour les amateurs de v\u00e9lo. Ces deux charmantes villes bretonnes offrent des&#8230;<\/p>\n","protected":false},"author":2,"featured_media":621,"comment_status":"open","ping_status":"closed","sticky":false,"template":"","format":"standard","meta":{"footnotes":""},"categories":[6,3],"tags":[],"class_list":["post-614","post","type-post","status-publish","format-standard","has-post-thumbnail","hentry","category-bouger","category-carnacetsesenvirons"],"yoast_head":"<!-- This site is optimized with the Yoast SEO plugin v27.4 - https:\/\/yoast.com\/product\/yoast-seo-wordpress\/ -->\n<title>Location de v\u00e9lo \u00e0 Carnac et la Trinit\u00e9-sur-Mer, vacances en Bretagne Sud<\/title>\n<meta name=\"description\" content=\"Location de v\u00e9los \u00e0 Carnac et \u00e0 la Trinit\u00e9-sur-Mer, d\u00e9couvrez les meilleurs circuits et itin\u00e9raires cyclables autour des m\u00e9galithes en Bretagne Sud.\" \/>\n<meta name=\"robots\" content=\"index, follow, max-snippet:-1, max-image-preview:large, max-video-preview:-1\" \/>\n<link rel=\"canonical\" href=\"https:\/\/www.vacances-villas.com\/blog\/location-de-velo-a-carnac-et-la-trinite-sur-mer-circuits-et-itineraires-cyclables-autour-des-megalithes\/\" \/>\n<meta property=\"og:locale\" content=\"fr_FR\" \/>\n<meta property=\"og:type\" content=\"article\" \/>\n<meta property=\"og:title\" content=\"Location de v\u00e9lo \u00e0 Carnac et la Trinit\u00e9-sur-Mer, vacances en Bretagne Sud\" \/>\n<meta property=\"og:description\" content=\"Location de v\u00e9los \u00e0 Carnac et \u00e0 la Trinit\u00e9-sur-Mer, d\u00e9couvrez les meilleurs circuits et itin\u00e9raires cyclables autour des m\u00e9galithes en Bretagne Sud.\" \/>\n<meta property=\"og:url\" content=\"https:\/\/www.vacances-villas.com\/blog\/location-de-velo-a-carnac-et-la-trinite-sur-mer-circuits-et-itineraires-cyclables-autour-des-megalithes\/\" \/>\n<meta property=\"og:site_name\" content=\"Blog\" \/>\n<meta property=\"article:publisher\" content=\"https:\/\/www.facebook.com\/profile.php?id=100068103702281\" \/>\n<meta property=\"article:author\" content=\"https:\/\/www.facebook.com\/Agence-Atlantique-106373688301129\" \/>\n<meta property=\"article:published_time\" content=\"2024-07-27T13:14:22+00:00\" \/>\n<meta property=\"article:modified_time\" content=\"2024-07-30T11:52:50+00:00\" \/>\n<meta property=\"og:image\" content=\"https:\/\/www.vacances-villas.com\/blog\/wp-content\/uploads\/2024\/07\/crtb-ab8415_BERTHIER-Emmanuel.jpg\" \/>\n\t<meta property=\"og:image:width\" content=\"2000\" \/>\n\t<meta property=\"og:image:height\" content=\"675\" \/>\n\t<meta property=\"og:image:type\" content=\"image\/jpeg\" \/>\n<meta name=\"author\" content=\"vacances-villas\" \/>\n<meta name=\"twitter:card\" content=\"summary_large_image\" \/>\n<meta name=\"twitter:label1\" content=\"\u00c9crit par\" \/>\n\t<meta name=\"twitter:data1\" content=\"vacances-villas\" \/>\n\t<meta name=\"twitter:label2\" content=\"Dur\u00e9e de lecture estim\u00e9e\" \/>\n\t<meta name=\"twitter:data2\" content=\"2 minutes\" \/>\n<script type=\"application\/ld+json\" class=\"yoast-schema-graph\">{\"@context\":\"https:\\\/\\\/schema.org\",\"@graph\":[{\"@type\":\"Article\",\"@id\":\"https:\\\/\\\/www.vacances-villas.com\\\/blog\\\/location-de-velo-a-carnac-et-la-trinite-sur-mer-circuits-et-itineraires-cyclables-autour-des-megalithes\\\/#article\",\"isPartOf\":{\"@id\":\"https:\\\/\\\/www.vacances-villas.com\\\/blog\\\/location-de-velo-a-carnac-et-la-trinite-sur-mer-circuits-et-itineraires-cyclables-autour-des-megalithes\\\/\"},\"author\":{\"name\":\"vacances-villas\",\"@id\":\"https:\\\/\\\/www.vacances-villas.com\\\/blog\\\/#\\\/schema\\\/person\\\/bbb0831c81e3c27edfe3425d99c758c7\"},\"headline\":\"Location de v\u00e9lo \u00e0 Carnac et la Trinit\u00e9-sur-Mer : circuits et itin\u00e9raires cyclables autour des M\u00e9galithes\",\"datePublished\":\"2024-07-27T13:14:22+00:00\",\"dateModified\":\"2024-07-30T11:52:50+00:00\",\"mainEntityOfPage\":{\"@id\":\"https:\\\/\\\/www.vacances-villas.com\\\/blog\\\/location-de-velo-a-carnac-et-la-trinite-sur-mer-circuits-et-itineraires-cyclables-autour-des-megalithes\\\/\"},\"wordCount\":471,\"commentCount\":0,\"publisher\":{\"@id\":\"https:\\\/\\\/www.vacances-villas.com\\\/blog\\\/#organization\"},\"image\":{\"@id\":\"https:\\\/\\\/www.vacances-villas.com\\\/blog\\\/location-de-velo-a-carnac-et-la-trinite-sur-mer-circuits-et-itineraires-cyclables-autour-des-megalithes\\\/#primaryimage\"},\"thumbnailUrl\":\"https:\\\/\\\/www.vacances-villas.com\\\/blog\\\/wp-content\\\/uploads\\\/2024\\\/07\\\/crtb-ab8415_BERTHIER-Emmanuel.jpg\",\"articleSection\":[\"Bouger\",\"Carnac et ses environs\"],\"inLanguage\":\"fr-FR\",\"potentialAction\":[{\"@type\":\"CommentAction\",\"name\":\"Comment\",\"target\":[\"https:\\\/\\\/www.vacances-villas.com\\\/blog\\\/location-de-velo-a-carnac-et-la-trinite-sur-mer-circuits-et-itineraires-cyclables-autour-des-megalithes\\\/#respond\"]}]},{\"@type\":\"WebPage\",\"@id\":\"https:\\\/\\\/www.vacances-villas.com\\\/blog\\\/location-de-velo-a-carnac-et-la-trinite-sur-mer-circuits-et-itineraires-cyclables-autour-des-megalithes\\\/\",\"url\":\"https:\\\/\\\/www.vacances-villas.com\\\/blog\\\/location-de-velo-a-carnac-et-la-trinite-sur-mer-circuits-et-itineraires-cyclables-autour-des-megalithes\\\/\",\"name\":\"Location de v\u00e9lo \u00e0 Carnac et la Trinit\u00e9-sur-Mer, vacances en Bretagne Sud\",\"isPartOf\":{\"@id\":\"https:\\\/\\\/www.vacances-villas.com\\\/blog\\\/#website\"},\"primaryImageOfPage\":{\"@id\":\"https:\\\/\\\/www.vacances-villas.com\\\/blog\\\/location-de-velo-a-carnac-et-la-trinite-sur-mer-circuits-et-itineraires-cyclables-autour-des-megalithes\\\/#primaryimage\"},\"image\":{\"@id\":\"https:\\\/\\\/www.vacances-villas.com\\\/blog\\\/location-de-velo-a-carnac-et-la-trinite-sur-mer-circuits-et-itineraires-cyclables-autour-des-megalithes\\\/#primaryimage\"},\"thumbnailUrl\":\"https:\\\/\\\/www.vacances-villas.com\\\/blog\\\/wp-content\\\/uploads\\\/2024\\\/07\\\/crtb-ab8415_BERTHIER-Emmanuel.jpg\",\"datePublished\":\"2024-07-27T13:14:22+00:00\",\"dateModified\":\"2024-07-30T11:52:50+00:00\",\"description\":\"Location de v\u00e9los \u00e0 Carnac et \u00e0 la Trinit\u00e9-sur-Mer, d\u00e9couvrez les meilleurs circuits et itin\u00e9raires cyclables autour des m\u00e9galithes en Bretagne Sud.\",\"breadcrumb\":{\"@id\":\"https:\\\/\\\/www.vacances-villas.com\\\/blog\\\/location-de-velo-a-carnac-et-la-trinite-sur-mer-circuits-et-itineraires-cyclables-autour-des-megalithes\\\/#breadcrumb\"},\"inLanguage\":\"fr-FR\",\"potentialAction\":[{\"@type\":\"ReadAction\",\"target\":[\"https:\\\/\\\/www.vacances-villas.com\\\/blog\\\/location-de-velo-a-carnac-et-la-trinite-sur-mer-circuits-et-itineraires-cyclables-autour-des-megalithes\\\/\"]}]},{\"@type\":\"ImageObject\",\"inLanguage\":\"fr-FR\",\"@id\":\"https:\\\/\\\/www.vacances-villas.com\\\/blog\\\/location-de-velo-a-carnac-et-la-trinite-sur-mer-circuits-et-itineraires-cyclables-autour-des-megalithes\\\/#primaryimage\",\"url\":\"https:\\\/\\\/www.vacances-villas.com\\\/blog\\\/wp-content\\\/uploads\\\/2024\\\/07\\\/crtb-ab8415_BERTHIER-Emmanuel.jpg\",\"contentUrl\":\"https:\\\/\\\/www.vacances-villas.com\\\/blog\\\/wp-content\\\/uploads\\\/2024\\\/07\\\/crtb-ab8415_BERTHIER-Emmanuel.jpg\",\"width\":2000,\"height\":675,\"caption\":\"France, Morbihan (56) Carnac, alignements megalithique de Kermario\"},{\"@type\":\"BreadcrumbList\",\"@id\":\"https:\\\/\\\/www.vacances-villas.com\\\/blog\\\/location-de-velo-a-carnac-et-la-trinite-sur-mer-circuits-et-itineraires-cyclables-autour-des-megalithes\\\/#breadcrumb\",\"itemListElement\":[{\"@type\":\"ListItem\",\"position\":1,\"name\":\"Home\",\"item\":\"https:\\\/\\\/www.vacances-villas.com\\\/blog\\\/\"},{\"@type\":\"ListItem\",\"position\":2,\"name\":\"Location de v\u00e9lo \u00e0 Carnac et la Trinit\u00e9-sur-Mer : circuits et itin\u00e9raires cyclables autour des M\u00e9galithes\"}]},{\"@type\":\"WebSite\",\"@id\":\"https:\\\/\\\/www.vacances-villas.com\\\/blog\\\/#website\",\"url\":\"https:\\\/\\\/www.vacances-villas.com\\\/blog\\\/\",\"name\":\"Blog\",\"description\":\"vacances-villas\",\"publisher\":{\"@id\":\"https:\\\/\\\/www.vacances-villas.com\\\/blog\\\/#organization\"},\"potentialAction\":[{\"@type\":\"SearchAction\",\"target\":{\"@type\":\"EntryPoint\",\"urlTemplate\":\"https:\\\/\\\/www.vacances-villas.com\\\/blog\\\/?s={search_term_string}\"},\"query-input\":{\"@type\":\"PropertyValueSpecification\",\"valueRequired\":true,\"valueName\":\"search_term_string\"}}],\"inLanguage\":\"fr-FR\"},{\"@type\":\"Organization\",\"@id\":\"https:\\\/\\\/www.vacances-villas.com\\\/blog\\\/#organization\",\"name\":\"Vacances Villas\",\"url\":\"https:\\\/\\\/www.vacances-villas.com\\\/blog\\\/\",\"logo\":{\"@type\":\"ImageObject\",\"inLanguage\":\"fr-FR\",\"@id\":\"https:\\\/\\\/www.vacances-villas.com\\\/blog\\\/#\\\/schema\\\/logo\\\/image\\\/\",\"url\":\"https:\\\/\\\/www.vacances-villas.com\\\/blog\\\/wp-content\\\/uploads\\\/2024\\\/07\\\/logo.png\",\"contentUrl\":\"https:\\\/\\\/www.vacances-villas.com\\\/blog\\\/wp-content\\\/uploads\\\/2024\\\/07\\\/logo.png\",\"width\":1140,\"height\":488,\"caption\":\"Vacances Villas\"},\"image\":{\"@id\":\"https:\\\/\\\/www.vacances-villas.com\\\/blog\\\/#\\\/schema\\\/logo\\\/image\\\/\"},\"sameAs\":[\"https:\\\/\\\/www.facebook.com\\\/profile.php?id=100068103702281\"]},{\"@type\":\"Person\",\"@id\":\"https:\\\/\\\/www.vacances-villas.com\\\/blog\\\/#\\\/schema\\\/person\\\/bbb0831c81e3c27edfe3425d99c758c7\",\"name\":\"vacances-villas\",\"image\":{\"@type\":\"ImageObject\",\"inLanguage\":\"fr-FR\",\"@id\":\"https:\\\/\\\/secure.gravatar.com\\\/avatar\\\/febfbdfb3d0eb2745e648590e83d2c5144bf2c7261ed976be516a2fa070c7818?s=96&d=mm&r=g\",\"url\":\"https:\\\/\\\/secure.gravatar.com\\\/avatar\\\/febfbdfb3d0eb2745e648590e83d2c5144bf2c7261ed976be516a2fa070c7818?s=96&d=mm&r=g\",\"contentUrl\":\"https:\\\/\\\/secure.gravatar.com\\\/avatar\\\/febfbdfb3d0eb2745e648590e83d2c5144bf2c7261ed976be516a2fa070c7818?s=96&d=mm&r=g\",\"caption\":\"vacances-villas\"},\"sameAs\":[\"https:\\\/\\\/www.facebook.com\\\/Agence-Atlantique-106373688301129\"],\"url\":\"https:\\\/\\\/www.vacances-villas.com\\\/blog\\\/author\\\/vacances-villas\\\/\"}]}<\/script>\n<!-- \/ Yoast SEO plugin. -->","yoast_head_json":{"title":"Location de v\u00e9lo \u00e0 Carnac et la Trinit\u00e9-sur-Mer, vacances en Bretagne Sud","description":"Location de v\u00e9los \u00e0 Carnac et \u00e0 la Trinit\u00e9-sur-Mer, d\u00e9couvrez les meilleurs circuits et itin\u00e9raires cyclables autour des m\u00e9galithes en Bretagne Sud.","robots":{"index":"index","follow":"follow","max-snippet":"max-snippet:-1","max-image-preview":"max-image-preview:large","max-video-preview":"max-video-preview:-1"},"canonical":"https:\/\/www.vacances-villas.com\/blog\/location-de-velo-a-carnac-et-la-trinite-sur-mer-circuits-et-itineraires-cyclables-autour-des-megalithes\/","og_locale":"fr_FR","og_type":"article","og_title":"Location de v\u00e9lo \u00e0 Carnac et la Trinit\u00e9-sur-Mer, vacances en Bretagne Sud","og_description":"Location de v\u00e9los \u00e0 Carnac et \u00e0 la Trinit\u00e9-sur-Mer, d\u00e9couvrez les meilleurs circuits et itin\u00e9raires cyclables autour des m\u00e9galithes en Bretagne Sud.","og_url":"https:\/\/www.vacances-villas.com\/blog\/location-de-velo-a-carnac-et-la-trinite-sur-mer-circuits-et-itineraires-cyclables-autour-des-megalithes\/","og_site_name":"Blog","article_publisher":"https:\/\/www.facebook.com\/profile.php?id=100068103702281","article_author":"https:\/\/www.facebook.com\/Agence-Atlantique-106373688301129","article_published_time":"2024-07-27T13:14:22+00:00","article_modified_time":"2024-07-30T11:52:50+00:00","og_image":[{"width":2000,"height":675,"url":"https:\/\/www.vacances-villas.com\/blog\/wp-content\/uploads\/2024\/07\/crtb-ab8415_BERTHIER-Emmanuel.jpg","type":"image\/jpeg"}],"author":"vacances-villas","twitter_card":"summary_large_image","twitter_misc":{"\u00c9crit par":"vacances-villas","Dur\u00e9e de lecture estim\u00e9e":"2 minutes"},"schema":{"@context":"https:\/\/schema.org","@graph":[{"@type":"Article","@id":"https:\/\/www.vacances-villas.com\/blog\/location-de-velo-a-carnac-et-la-trinite-sur-mer-circuits-et-itineraires-cyclables-autour-des-megalithes\/#article","isPartOf":{"@id":"https:\/\/www.vacances-villas.com\/blog\/location-de-velo-a-carnac-et-la-trinite-sur-mer-circuits-et-itineraires-cyclables-autour-des-megalithes\/"},"author":{"name":"vacances-villas","@id":"https:\/\/www.vacances-villas.com\/blog\/#\/schema\/person\/bbb0831c81e3c27edfe3425d99c758c7"},"headline":"Location de v\u00e9lo \u00e0 Carnac et la Trinit\u00e9-sur-Mer : circuits et itin\u00e9raires cyclables autour des M\u00e9galithes","datePublished":"2024-07-27T13:14:22+00:00","dateModified":"2024-07-30T11:52:50+00:00","mainEntityOfPage":{"@id":"https:\/\/www.vacances-villas.com\/blog\/location-de-velo-a-carnac-et-la-trinite-sur-mer-circuits-et-itineraires-cyclables-autour-des-megalithes\/"},"wordCount":471,"commentCount":0,"publisher":{"@id":"https:\/\/www.vacances-villas.com\/blog\/#organization"},"image":{"@id":"https:\/\/www.vacances-villas.com\/blog\/location-de-velo-a-carnac-et-la-trinite-sur-mer-circuits-et-itineraires-cyclables-autour-des-megalithes\/#primaryimage"},"thumbnailUrl":"https:\/\/www.vacances-villas.com\/blog\/wp-content\/uploads\/2024\/07\/crtb-ab8415_BERTHIER-Emmanuel.jpg","articleSection":["Bouger","Carnac et ses environs"],"inLanguage":"fr-FR","potentialAction":[{"@type":"CommentAction","name":"Comment","target":["https:\/\/www.vacances-villas.com\/blog\/location-de-velo-a-carnac-et-la-trinite-sur-mer-circuits-et-itineraires-cyclables-autour-des-megalithes\/#respond"]}]},{"@type":"WebPage","@id":"https:\/\/www.vacances-villas.com\/blog\/location-de-velo-a-carnac-et-la-trinite-sur-mer-circuits-et-itineraires-cyclables-autour-des-megalithes\/","url":"https:\/\/www.vacances-villas.com\/blog\/location-de-velo-a-carnac-et-la-trinite-sur-mer-circuits-et-itineraires-cyclables-autour-des-megalithes\/","name":"Location de v\u00e9lo \u00e0 Carnac et la Trinit\u00e9-sur-Mer, vacances en Bretagne Sud","isPartOf":{"@id":"https:\/\/www.vacances-villas.com\/blog\/#website"},"primaryImageOfPage":{"@id":"https:\/\/www.vacances-villas.com\/blog\/location-de-velo-a-carnac-et-la-trinite-sur-mer-circuits-et-itineraires-cyclables-autour-des-megalithes\/#primaryimage"},"image":{"@id":"https:\/\/www.vacances-villas.com\/blog\/location-de-velo-a-carnac-et-la-trinite-sur-mer-circuits-et-itineraires-cyclables-autour-des-megalithes\/#primaryimage"},"thumbnailUrl":"https:\/\/www.vacances-villas.com\/blog\/wp-content\/uploads\/2024\/07\/crtb-ab8415_BERTHIER-Emmanuel.jpg","datePublished":"2024-07-27T13:14:22+00:00","dateModified":"2024-07-30T11:52:50+00:00","description":"Location de v\u00e9los \u00e0 Carnac et \u00e0 la Trinit\u00e9-sur-Mer, d\u00e9couvrez les meilleurs circuits et itin\u00e9raires cyclables autour des m\u00e9galithes en Bretagne Sud.","breadcrumb":{"@id":"https:\/\/www.vacances-villas.com\/blog\/location-de-velo-a-carnac-et-la-trinite-sur-mer-circuits-et-itineraires-cyclables-autour-des-megalithes\/#breadcrumb"},"inLanguage":"fr-FR","potentialAction":[{"@type":"ReadAction","target":["https:\/\/www.vacances-villas.com\/blog\/location-de-velo-a-carnac-et-la-trinite-sur-mer-circuits-et-itineraires-cyclables-autour-des-megalithes\/"]}]},{"@type":"ImageObject","inLanguage":"fr-FR","@id":"https:\/\/www.vacances-villas.com\/blog\/location-de-velo-a-carnac-et-la-trinite-sur-mer-circuits-et-itineraires-cyclables-autour-des-megalithes\/#primaryimage","url":"https:\/\/www.vacances-villas.com\/blog\/wp-content\/uploads\/2024\/07\/crtb-ab8415_BERTHIER-Emmanuel.jpg","contentUrl":"https:\/\/www.vacances-villas.com\/blog\/wp-content\/uploads\/2024\/07\/crtb-ab8415_BERTHIER-Emmanuel.jpg","width":2000,"height":675,"caption":"France, Morbihan (56) Carnac, alignements megalithique de Kermario"},{"@type":"BreadcrumbList","@id":"https:\/\/www.vacances-villas.com\/blog\/location-de-velo-a-carnac-et-la-trinite-sur-mer-circuits-et-itineraires-cyclables-autour-des-megalithes\/#breadcrumb","itemListElement":[{"@type":"ListItem","position":1,"name":"Home","item":"https:\/\/www.vacances-villas.com\/blog\/"},{"@type":"ListItem","position":2,"name":"Location de v\u00e9lo \u00e0 Carnac et la Trinit\u00e9-sur-Mer : circuits et itin\u00e9raires cyclables autour des M\u00e9galithes"}]},{"@type":"WebSite","@id":"https:\/\/www.vacances-villas.com\/blog\/#website","url":"https:\/\/www.vacances-villas.com\/blog\/","name":"Blog","description":"vacances-villas","publisher":{"@id":"https:\/\/www.vacances-villas.com\/blog\/#organization"},"potentialAction":[{"@type":"SearchAction","target":{"@type":"EntryPoint","urlTemplate":"https:\/\/www.vacances-villas.com\/blog\/?s={search_term_string}"},"query-input":{"@type":"PropertyValueSpecification","valueRequired":true,"valueName":"search_term_string"}}],"inLanguage":"fr-FR"},{"@type":"Organization","@id":"https:\/\/www.vacances-villas.com\/blog\/#organization","name":"Vacances Villas","url":"https:\/\/www.vacances-villas.com\/blog\/","logo":{"@type":"ImageObject","inLanguage":"fr-FR","@id":"https:\/\/www.vacances-villas.com\/blog\/#\/schema\/logo\/image\/","url":"https:\/\/www.vacances-villas.com\/blog\/wp-content\/uploads\/2024\/07\/logo.png","contentUrl":"https:\/\/www.vacances-villas.com\/blog\/wp-content\/uploads\/2024\/07\/logo.png","width":1140,"height":488,"caption":"Vacances Villas"},"image":{"@id":"https:\/\/www.vacances-villas.com\/blog\/#\/schema\/logo\/image\/"},"sameAs":["https:\/\/www.facebook.com\/profile.php?id=100068103702281"]},{"@type":"Person","@id":"https:\/\/www.vacances-villas.com\/blog\/#\/schema\/person\/bbb0831c81e3c27edfe3425d99c758c7","name":"vacances-villas","image":{"@type":"ImageObject","inLanguage":"fr-FR","@id":"https:\/\/secure.gravatar.com\/avatar\/febfbdfb3d0eb2745e648590e83d2c5144bf2c7261ed976be516a2fa070c7818?s=96&d=mm&r=g","url":"https:\/\/secure.gravatar.com\/avatar\/febfbdfb3d0eb2745e648590e83d2c5144bf2c7261ed976be516a2fa070c7818?s=96&d=mm&r=g","contentUrl":"https:\/\/secure.gravatar.com\/avatar\/febfbdfb3d0eb2745e648590e83d2c5144bf2c7261ed976be516a2fa070c7818?s=96&d=mm&r=g","caption":"vacances-villas"},"sameAs":["https:\/\/www.facebook.com\/Agence-Atlantique-106373688301129"],"url":"https:\/\/www.vacances-villas.com\/blog\/author\/vacances-villas\/"}]}},"_links":{"self":[{"href":"https:\/\/www.vacances-villas.com\/blog\/wp-json\/wp\/v2\/posts\/614","targetHints":{"allow":["GET"]}}],"collection":[{"href":"https:\/\/www.vacances-villas.com\/blog\/wp-json\/wp\/v2\/posts"}],"about":[{"href":"https:\/\/www.vacances-villas.com\/blog\/wp-json\/wp\/v2\/types\/post"}],"author":[{"embeddable":true,"href":"https:\/\/www.vacances-villas.com\/blog\/wp-json\/wp\/v2\/users\/2"}],"replies":[{"embeddable":true,"href":"https:\/\/www.vacances-villas.com\/blog\/wp-json\/wp\/v2\/comments?post=614"}],"version-history":[{"count":4,"href":"https:\/\/www.vacances-villas.com\/blog\/wp-json\/wp\/v2\/posts\/614\/revisions"}],"predecessor-version":[{"id":624,"href":"https:\/\/www.vacances-villas.com\/blog\/wp-json\/wp\/v2\/posts\/614\/revisions\/624"}],"wp:featuredmedia":[{"embeddable":true,"href":"https:\/\/www.vacances-villas.com\/blog\/wp-json\/wp\/v2\/media\/621"}],"wp:attachment":[{"href":"https:\/\/www.vacances-villas.com\/blog\/wp-json\/wp\/v2\/media?parent=614"}],"wp:term":[{"taxonomy":"category","embeddable":true,"href":"https:\/\/www.vacances-villas.com\/blog\/wp-json\/wp\/v2\/categories?post=614"},{"taxonomy":"post_tag","embeddable":true,"href":"https:\/\/www.vacances-villas.com\/blog\/wp-json\/wp\/v2\/tags?post=614"}],"curies":[{"name":"wp","href":"https:\/\/api.w.org\/{rel}","templated":true}]}}