{"id":625,"date":"2024-07-30T08:00:00","date_gmt":"2024-07-30T08:00:00","guid":{"rendered":"https:\/\/www.vacances-villas.com\/blog\/?p=625"},"modified":"2024-07-30T11:45:03","modified_gmt":"2024-07-30T11:45:03","slug":"les-meilleurs-sentiers-de-randonnees-et-pedestres-en-bretagne-sud-proche-de-carnac","status":"publish","type":"post","link":"https:\/\/www.vacances-villas.com\/blog\/les-meilleurs-sentiers-de-randonnees-et-pedestres-en-bretagne-sud-proche-de-carnac\/","title":{"rendered":"Les meilleurs sentiers de randonn\u00e9es et p\u00e9destres en Bretagne Sud proche de Carnac"},"content":{"rendered":"\n<p>Situ\u00e9e en Bretagne Sud, Carnac est une destination pris\u00e9e pour ses plages magnifiques et ses c\u00e9l\u00e8bres alignements de menhirs. Mais saviez-vous que cette r\u00e9gion offre \u00e9galement une multitude de sentiers de randonn\u00e9e exceptionnels ? Que vous soyez un randonneur aguerri ou un marcheur du dimanche, les chemins autour de Carnac sauront vous s\u00e9duire par leur diversit\u00e9 et leur beaut\u00e9 naturelle. Dans cet article, d\u00e9couvrez les meilleurs sentiers de randonn\u00e9es et p\u00e9destres \u00e0 explorer en Bretagne Sud, proche de Carnac.<\/p>\n\n\n\n<h3 class=\"wp-block-heading\">Les sentiers incontournables<\/h3>\n\n\n\n<h4 class=\"wp-block-heading\">1. <strong>Le circuit des Alignements<\/strong><\/h4>\n\n\n\n<p><strong>Distance<\/strong> : 8 km<br><strong>Difficult\u00e9<\/strong> : Facile<br><strong>Description<\/strong> : ce sentier vous permet de d\u00e9couvrir les c\u00e9l\u00e8bres alignements de menhirs de Carnac. Le parcours est bien balis\u00e9 et offre des vues imprenables sur ces structures m\u00e9galithiques impressionnantes. Id\u00e9al pour une promenade en famille, ce circuit vous plonge dans l\u2019histoire fascinante de la r\u00e9gion.<\/p>\n\n\n\n<h4 class=\"wp-block-heading\">2. <strong>Le sentier des Marais Salants<\/strong><\/h4>\n\n\n\n<p><strong>Distance<\/strong> : 12 km<br><strong>Difficult\u00e9<\/strong> : Moyenne<br><strong>Description<\/strong>: partez \u00e0 la d\u00e9couverte des marais salants de la Trinit\u00e9-sur-Mer. Ce sentier offre une exp\u00e9rience unique, entre terre et mer, o\u00f9 vous pourrez observer une faune et une flore diversifi\u00e9es. Les amateurs de photographie seront ravis par les paysages changeants au fil des mar\u00e9es.<\/p>\n\n\n\n<h4 class=\"wp-block-heading\">3. <strong>Le chemin du Patrimoine<\/strong><\/h4>\n\n\n\n<p><strong>Distance<\/strong> : 10 km<br><strong>Difficult\u00e9<\/strong> : Facile<br><strong>Description<\/strong> : ce circuit vous emm\u00e8ne \u00e0 travers les villages pittoresques autour de Carnac. Vous d\u00e9couvrirez des chapelles, des fontaines et des moulins, t\u00e9moins du riche patrimoine breton. Une randonn\u00e9e culturelle qui ravira les passionn\u00e9s d\u2019histoire et d\u2019architecture.<\/p>\n\n\n\n<h3 class=\"wp-block-heading\">Conseils pratiques pour une randonn\u00e9e r\u00e9ussie<\/h3>\n\n\n\n<ul class=\"wp-block-list\"><li><strong>\u00c9quipement<\/strong> : pr\u00e9voyez des chaussures de randonn\u00e9e confortables et adapt\u00e9es aux terrains vari\u00e9s. Un chapeau et de la cr\u00e8me solaire sont indispensables en \u00e9t\u00e9.<\/li><li><strong>Hydratation et nourriture<\/strong> : emportez suffisamment d\u2019eau et des encas \u00e9nerg\u00e9tiques, surtout pour les randonn\u00e9es de plus de 10 km.<\/li><li><strong>Respect de la nature<\/strong> : restez sur les sentiers balis\u00e9s et respectez la flore et la faune locales. Ramassez vos d\u00e9chets pour pr\u00e9server la beaut\u00e9 naturelle de la r\u00e9gion.<\/li><\/ul>\n\n\n\n<h3 class=\"wp-block-heading\">Pourquoi choisir la Bretagne Sud pour la randonn\u00e9e?<\/h3>\n\n\n\n<p>La Bretagne Sud, et notamment la r\u00e9gion autour de Carnac, offre un cadre idyllique pour les amateurs de randonn\u00e9es. Entre littoral sauvage, for\u00eats enchant\u00e9es et patrimoine historique, chaque randonn\u00e9e est une nouvelle aventure. Les sentiers sont bien entretenus et adapt\u00e9s \u00e0 tous les niveaux, des d\u00e9butants aux randonneurs exp\u00e9riment\u00e9s.<\/p>\n\n\n\n<p>Carnac et ses environs regorgent de sentiers de randonn\u00e9es et p\u00e9destres qui n\u2019attendent qu\u2019\u00e0 \u00eatre explor\u00e9s. Que vous soyez attir\u00e9 par les myst\u00e8res des menhirs, la tranquillit\u00e9 des marais salants ou la richesse culturelle des villages bretons, vous trouverez forc\u00e9ment un parcours \u00e0 votre go\u00fbt. Alors, enfilez vos chaussures de marche et partez \u00e0 la d\u00e9couverte de la Bretagne Sud!<\/p>\n\n\n\n<p>Pour plus d\u2019informations sur les sentiers de randonn\u00e9e en Bretagne Sud, n\u2019h\u00e9sitez pas \u00e0 consulter les offices de tourisme locaux ou \u00e0 rejoindre des groupes de randonn\u00e9e qui organisent r\u00e9guli\u00e8rement des sorties. Bonne randonn\u00e9e !<\/p>\n","protected":false},"excerpt":{"rendered":"<p>Situ\u00e9e en Bretagne Sud, Carnac est une destination pris\u00e9e pour ses plages magnifiques et ses c\u00e9l\u00e8bres alignements de menhirs. Mais&#8230;<\/p>\n","protected":false},"author":2,"featured_media":627,"comment_status":"open","ping_status":"closed","sticky":false,"template":"","format":"standard","meta":{"footnotes":""},"categories":[6,3],"tags":[],"class_list":["post-625","post","type-post","status-publish","format-standard","has-post-thumbnail","hentry","category-bouger","category-carnacetsesenvirons"],"yoast_head":"<!-- This site is optimized with the Yoast SEO plugin v27.4 - https:\/\/yoast.com\/product\/yoast-seo-wordpress\/ -->\n<title>Sentiers de randonn\u00e9es p\u00e9destres proche Carnac, vacances en Bretagne Sud<\/title>\n<meta name=\"description\" content=\"D\u00e9couvrez les sentiers randonn\u00e9es \/ p\u00e9destres proche Carnac Bretagne Sud, destination pris\u00e9e pour ses plages magnifiques et ses alignements de menhirs.\" \/>\n<meta name=\"robots\" content=\"index, follow, max-snippet:-1, max-image-preview:large, max-video-preview:-1\" \/>\n<link rel=\"canonical\" href=\"https:\/\/www.vacances-villas.com\/blog\/les-meilleurs-sentiers-de-randonnees-et-pedestres-en-bretagne-sud-proche-de-carnac\/\" \/>\n<meta property=\"og:locale\" content=\"fr_FR\" \/>\n<meta property=\"og:type\" content=\"article\" \/>\n<meta property=\"og:title\" content=\"Sentiers de randonn\u00e9es p\u00e9destres proche Carnac, vacances en Bretagne Sud\" \/>\n<meta property=\"og:description\" content=\"D\u00e9couvrez les sentiers randonn\u00e9es \/ p\u00e9destres proche Carnac Bretagne Sud, destination pris\u00e9e pour ses plages magnifiques et ses alignements de menhirs.\" \/>\n<meta property=\"og:url\" content=\"https:\/\/www.vacances-villas.com\/blog\/les-meilleurs-sentiers-de-randonnees-et-pedestres-en-bretagne-sud-proche-de-carnac\/\" \/>\n<meta property=\"og:site_name\" content=\"Blog\" \/>\n<meta property=\"article:publisher\" content=\"https:\/\/www.facebook.com\/profile.php?id=100068103702281\" \/>\n<meta property=\"article:author\" content=\"https:\/\/www.facebook.com\/Agence-Atlantique-106373688301129\" \/>\n<meta property=\"article:published_time\" content=\"2024-07-30T08:00:00+00:00\" \/>\n<meta property=\"article:modified_time\" content=\"2024-07-30T11:45:03+00:00\" \/>\n<meta property=\"og:image\" content=\"https:\/\/www.vacances-villas.com\/blog\/wp-content\/uploads\/2024\/07\/crtb-ae05826_Marta-Goikoetxea.jpg\" \/>\n\t<meta property=\"og:image:width\" content=\"2000\" \/>\n\t<meta property=\"og:image:height\" content=\"1335\" \/>\n\t<meta property=\"og:image:type\" content=\"image\/jpeg\" \/>\n<meta name=\"author\" content=\"vacances-villas\" \/>\n<meta name=\"twitter:card\" content=\"summary_large_image\" \/>\n<meta name=\"twitter:label1\" content=\"\u00c9crit par\" \/>\n\t<meta name=\"twitter:data1\" content=\"vacances-villas\" \/>\n\t<meta name=\"twitter:label2\" content=\"Dur\u00e9e de lecture estim\u00e9e\" \/>\n\t<meta name=\"twitter:data2\" content=\"3 minutes\" \/>\n<script type=\"application\/ld+json\" class=\"yoast-schema-graph\">{\"@context\":\"https:\\\/\\\/schema.org\",\"@graph\":[{\"@type\":\"Article\",\"@id\":\"https:\\\/\\\/www.vacances-villas.com\\\/blog\\\/les-meilleurs-sentiers-de-randonnees-et-pedestres-en-bretagne-sud-proche-de-carnac\\\/#article\",\"isPartOf\":{\"@id\":\"https:\\\/\\\/www.vacances-villas.com\\\/blog\\\/les-meilleurs-sentiers-de-randonnees-et-pedestres-en-bretagne-sud-proche-de-carnac\\\/\"},\"author\":{\"name\":\"vacances-villas\",\"@id\":\"https:\\\/\\\/www.vacances-villas.com\\\/blog\\\/#\\\/schema\\\/person\\\/bbb0831c81e3c27edfe3425d99c758c7\"},\"headline\":\"Les meilleurs sentiers de randonn\u00e9es et p\u00e9destres en Bretagne Sud proche de Carnac\",\"datePublished\":\"2024-07-30T08:00:00+00:00\",\"dateModified\":\"2024-07-30T11:45:03+00:00\",\"mainEntityOfPage\":{\"@id\":\"https:\\\/\\\/www.vacances-villas.com\\\/blog\\\/les-meilleurs-sentiers-de-randonnees-et-pedestres-en-bretagne-sud-proche-de-carnac\\\/\"},\"wordCount\":535,\"commentCount\":0,\"publisher\":{\"@id\":\"https:\\\/\\\/www.vacances-villas.com\\\/blog\\\/#organization\"},\"image\":{\"@id\":\"https:\\\/\\\/www.vacances-villas.com\\\/blog\\\/les-meilleurs-sentiers-de-randonnees-et-pedestres-en-bretagne-sud-proche-de-carnac\\\/#primaryimage\"},\"thumbnailUrl\":\"https:\\\/\\\/www.vacances-villas.com\\\/blog\\\/wp-content\\\/uploads\\\/2024\\\/07\\\/crtb-ae05826_Marta-Goikoetxea.jpg\",\"articleSection\":[\"Bouger\",\"Carnac et ses environs\"],\"inLanguage\":\"fr-FR\",\"potentialAction\":[{\"@type\":\"CommentAction\",\"name\":\"Comment\",\"target\":[\"https:\\\/\\\/www.vacances-villas.com\\\/blog\\\/les-meilleurs-sentiers-de-randonnees-et-pedestres-en-bretagne-sud-proche-de-carnac\\\/#respond\"]}]},{\"@type\":\"WebPage\",\"@id\":\"https:\\\/\\\/www.vacances-villas.com\\\/blog\\\/les-meilleurs-sentiers-de-randonnees-et-pedestres-en-bretagne-sud-proche-de-carnac\\\/\",\"url\":\"https:\\\/\\\/www.vacances-villas.com\\\/blog\\\/les-meilleurs-sentiers-de-randonnees-et-pedestres-en-bretagne-sud-proche-de-carnac\\\/\",\"name\":\"Sentiers de randonn\u00e9es p\u00e9destres proche Carnac, vacances en Bretagne Sud\",\"isPartOf\":{\"@id\":\"https:\\\/\\\/www.vacances-villas.com\\\/blog\\\/#website\"},\"primaryImageOfPage\":{\"@id\":\"https:\\\/\\\/www.vacances-villas.com\\\/blog\\\/les-meilleurs-sentiers-de-randonnees-et-pedestres-en-bretagne-sud-proche-de-carnac\\\/#primaryimage\"},\"image\":{\"@id\":\"https:\\\/\\\/www.vacances-villas.com\\\/blog\\\/les-meilleurs-sentiers-de-randonnees-et-pedestres-en-bretagne-sud-proche-de-carnac\\\/#primaryimage\"},\"thumbnailUrl\":\"https:\\\/\\\/www.vacances-villas.com\\\/blog\\\/wp-content\\\/uploads\\\/2024\\\/07\\\/crtb-ae05826_Marta-Goikoetxea.jpg\",\"datePublished\":\"2024-07-30T08:00:00+00:00\",\"dateModified\":\"2024-07-30T11:45:03+00:00\",\"description\":\"D\u00e9couvrez les sentiers randonn\u00e9es \\\/ p\u00e9destres proche Carnac Bretagne Sud, destination pris\u00e9e pour ses plages magnifiques et ses alignements de menhirs.\",\"breadcrumb\":{\"@id\":\"https:\\\/\\\/www.vacances-villas.com\\\/blog\\\/les-meilleurs-sentiers-de-randonnees-et-pedestres-en-bretagne-sud-proche-de-carnac\\\/#breadcrumb\"},\"inLanguage\":\"fr-FR\",\"potentialAction\":[{\"@type\":\"ReadAction\",\"target\":[\"https:\\\/\\\/www.vacances-villas.com\\\/blog\\\/les-meilleurs-sentiers-de-randonnees-et-pedestres-en-bretagne-sud-proche-de-carnac\\\/\"]}]},{\"@type\":\"ImageObject\",\"inLanguage\":\"fr-FR\",\"@id\":\"https:\\\/\\\/www.vacances-villas.com\\\/blog\\\/les-meilleurs-sentiers-de-randonnees-et-pedestres-en-bretagne-sud-proche-de-carnac\\\/#primaryimage\",\"url\":\"https:\\\/\\\/www.vacances-villas.com\\\/blog\\\/wp-content\\\/uploads\\\/2024\\\/07\\\/crtb-ae05826_Marta-Goikoetxea.jpg\",\"contentUrl\":\"https:\\\/\\\/www.vacances-villas.com\\\/blog\\\/wp-content\\\/uploads\\\/2024\\\/07\\\/crtb-ae05826_Marta-Goikoetxea.jpg\",\"width\":2000,\"height\":1335,\"caption\":\"\u00a9 Marta Goikoetxea\"},{\"@type\":\"BreadcrumbList\",\"@id\":\"https:\\\/\\\/www.vacances-villas.com\\\/blog\\\/les-meilleurs-sentiers-de-randonnees-et-pedestres-en-bretagne-sud-proche-de-carnac\\\/#breadcrumb\",\"itemListElement\":[{\"@type\":\"ListItem\",\"position\":1,\"name\":\"Home\",\"item\":\"https:\\\/\\\/www.vacances-villas.com\\\/blog\\\/\"},{\"@type\":\"ListItem\",\"position\":2,\"name\":\"Les meilleurs sentiers de randonn\u00e9es et p\u00e9destres en Bretagne Sud proche de Carnac\"}]},{\"@type\":\"WebSite\",\"@id\":\"https:\\\/\\\/www.vacances-villas.com\\\/blog\\\/#website\",\"url\":\"https:\\\/\\\/www.vacances-villas.com\\\/blog\\\/\",\"name\":\"Blog\",\"description\":\"vacances-villas\",\"publisher\":{\"@id\":\"https:\\\/\\\/www.vacances-villas.com\\\/blog\\\/#organization\"},\"potentialAction\":[{\"@type\":\"SearchAction\",\"target\":{\"@type\":\"EntryPoint\",\"urlTemplate\":\"https:\\\/\\\/www.vacances-villas.com\\\/blog\\\/?s={search_term_string}\"},\"query-input\":{\"@type\":\"PropertyValueSpecification\",\"valueRequired\":true,\"valueName\":\"search_term_string\"}}],\"inLanguage\":\"fr-FR\"},{\"@type\":\"Organization\",\"@id\":\"https:\\\/\\\/www.vacances-villas.com\\\/blog\\\/#organization\",\"name\":\"Vacances Villas\",\"url\":\"https:\\\/\\\/www.vacances-villas.com\\\/blog\\\/\",\"logo\":{\"@type\":\"ImageObject\",\"inLanguage\":\"fr-FR\",\"@id\":\"https:\\\/\\\/www.vacances-villas.com\\\/blog\\\/#\\\/schema\\\/logo\\\/image\\\/\",\"url\":\"https:\\\/\\\/www.vacances-villas.com\\\/blog\\\/wp-content\\\/uploads\\\/2024\\\/07\\\/logo.png\",\"contentUrl\":\"https:\\\/\\\/www.vacances-villas.com\\\/blog\\\/wp-content\\\/uploads\\\/2024\\\/07\\\/logo.png\",\"width\":1140,\"height\":488,\"caption\":\"Vacances Villas\"},\"image\":{\"@id\":\"https:\\\/\\\/www.vacances-villas.com\\\/blog\\\/#\\\/schema\\\/logo\\\/image\\\/\"},\"sameAs\":[\"https:\\\/\\\/www.facebook.com\\\/profile.php?id=100068103702281\"]},{\"@type\":\"Person\",\"@id\":\"https:\\\/\\\/www.vacances-villas.com\\\/blog\\\/#\\\/schema\\\/person\\\/bbb0831c81e3c27edfe3425d99c758c7\",\"name\":\"vacances-villas\",\"image\":{\"@type\":\"ImageObject\",\"inLanguage\":\"fr-FR\",\"@id\":\"https:\\\/\\\/secure.gravatar.com\\\/avatar\\\/febfbdfb3d0eb2745e648590e83d2c5144bf2c7261ed976be516a2fa070c7818?s=96&d=mm&r=g\",\"url\":\"https:\\\/\\\/secure.gravatar.com\\\/avatar\\\/febfbdfb3d0eb2745e648590e83d2c5144bf2c7261ed976be516a2fa070c7818?s=96&d=mm&r=g\",\"contentUrl\":\"https:\\\/\\\/secure.gravatar.com\\\/avatar\\\/febfbdfb3d0eb2745e648590e83d2c5144bf2c7261ed976be516a2fa070c7818?s=96&d=mm&r=g\",\"caption\":\"vacances-villas\"},\"sameAs\":[\"https:\\\/\\\/www.facebook.com\\\/Agence-Atlantique-106373688301129\"],\"url\":\"https:\\\/\\\/www.vacances-villas.com\\\/blog\\\/author\\\/vacances-villas\\\/\"}]}<\/script>\n<!-- \/ Yoast SEO plugin. -->","yoast_head_json":{"title":"Sentiers de randonn\u00e9es p\u00e9destres proche Carnac, vacances en Bretagne Sud","description":"D\u00e9couvrez les sentiers randonn\u00e9es \/ p\u00e9destres proche Carnac Bretagne Sud, destination pris\u00e9e pour ses plages magnifiques et ses alignements de menhirs.","robots":{"index":"index","follow":"follow","max-snippet":"max-snippet:-1","max-image-preview":"max-image-preview:large","max-video-preview":"max-video-preview:-1"},"canonical":"https:\/\/www.vacances-villas.com\/blog\/les-meilleurs-sentiers-de-randonnees-et-pedestres-en-bretagne-sud-proche-de-carnac\/","og_locale":"fr_FR","og_type":"article","og_title":"Sentiers de randonn\u00e9es p\u00e9destres proche Carnac, vacances en Bretagne Sud","og_description":"D\u00e9couvrez les sentiers randonn\u00e9es \/ p\u00e9destres proche Carnac Bretagne Sud, destination pris\u00e9e pour ses plages magnifiques et ses alignements de menhirs.","og_url":"https:\/\/www.vacances-villas.com\/blog\/les-meilleurs-sentiers-de-randonnees-et-pedestres-en-bretagne-sud-proche-de-carnac\/","og_site_name":"Blog","article_publisher":"https:\/\/www.facebook.com\/profile.php?id=100068103702281","article_author":"https:\/\/www.facebook.com\/Agence-Atlantique-106373688301129","article_published_time":"2024-07-30T08:00:00+00:00","article_modified_time":"2024-07-30T11:45:03+00:00","og_image":[{"width":2000,"height":1335,"url":"https:\/\/www.vacances-villas.com\/blog\/wp-content\/uploads\/2024\/07\/crtb-ae05826_Marta-Goikoetxea.jpg","type":"image\/jpeg"}],"author":"vacances-villas","twitter_card":"summary_large_image","twitter_misc":{"\u00c9crit par":"vacances-villas","Dur\u00e9e de lecture estim\u00e9e":"3 minutes"},"schema":{"@context":"https:\/\/schema.org","@graph":[{"@type":"Article","@id":"https:\/\/www.vacances-villas.com\/blog\/les-meilleurs-sentiers-de-randonnees-et-pedestres-en-bretagne-sud-proche-de-carnac\/#article","isPartOf":{"@id":"https:\/\/www.vacances-villas.com\/blog\/les-meilleurs-sentiers-de-randonnees-et-pedestres-en-bretagne-sud-proche-de-carnac\/"},"author":{"name":"vacances-villas","@id":"https:\/\/www.vacances-villas.com\/blog\/#\/schema\/person\/bbb0831c81e3c27edfe3425d99c758c7"},"headline":"Les meilleurs sentiers de randonn\u00e9es et p\u00e9destres en Bretagne Sud proche de Carnac","datePublished":"2024-07-30T08:00:00+00:00","dateModified":"2024-07-30T11:45:03+00:00","mainEntityOfPage":{"@id":"https:\/\/www.vacances-villas.com\/blog\/les-meilleurs-sentiers-de-randonnees-et-pedestres-en-bretagne-sud-proche-de-carnac\/"},"wordCount":535,"commentCount":0,"publisher":{"@id":"https:\/\/www.vacances-villas.com\/blog\/#organization"},"image":{"@id":"https:\/\/www.vacances-villas.com\/blog\/les-meilleurs-sentiers-de-randonnees-et-pedestres-en-bretagne-sud-proche-de-carnac\/#primaryimage"},"thumbnailUrl":"https:\/\/www.vacances-villas.com\/blog\/wp-content\/uploads\/2024\/07\/crtb-ae05826_Marta-Goikoetxea.jpg","articleSection":["Bouger","Carnac et ses environs"],"inLanguage":"fr-FR","potentialAction":[{"@type":"CommentAction","name":"Comment","target":["https:\/\/www.vacances-villas.com\/blog\/les-meilleurs-sentiers-de-randonnees-et-pedestres-en-bretagne-sud-proche-de-carnac\/#respond"]}]},{"@type":"WebPage","@id":"https:\/\/www.vacances-villas.com\/blog\/les-meilleurs-sentiers-de-randonnees-et-pedestres-en-bretagne-sud-proche-de-carnac\/","url":"https:\/\/www.vacances-villas.com\/blog\/les-meilleurs-sentiers-de-randonnees-et-pedestres-en-bretagne-sud-proche-de-carnac\/","name":"Sentiers de randonn\u00e9es p\u00e9destres proche Carnac, vacances en Bretagne Sud","isPartOf":{"@id":"https:\/\/www.vacances-villas.com\/blog\/#website"},"primaryImageOfPage":{"@id":"https:\/\/www.vacances-villas.com\/blog\/les-meilleurs-sentiers-de-randonnees-et-pedestres-en-bretagne-sud-proche-de-carnac\/#primaryimage"},"image":{"@id":"https:\/\/www.vacances-villas.com\/blog\/les-meilleurs-sentiers-de-randonnees-et-pedestres-en-bretagne-sud-proche-de-carnac\/#primaryimage"},"thumbnailUrl":"https:\/\/www.vacances-villas.com\/blog\/wp-content\/uploads\/2024\/07\/crtb-ae05826_Marta-Goikoetxea.jpg","datePublished":"2024-07-30T08:00:00+00:00","dateModified":"2024-07-30T11:45:03+00:00","description":"D\u00e9couvrez les sentiers randonn\u00e9es \/ p\u00e9destres proche Carnac Bretagne Sud, destination pris\u00e9e pour ses plages magnifiques et ses alignements de menhirs.","breadcrumb":{"@id":"https:\/\/www.vacances-villas.com\/blog\/les-meilleurs-sentiers-de-randonnees-et-pedestres-en-bretagne-sud-proche-de-carnac\/#breadcrumb"},"inLanguage":"fr-FR","potentialAction":[{"@type":"ReadAction","target":["https:\/\/www.vacances-villas.com\/blog\/les-meilleurs-sentiers-de-randonnees-et-pedestres-en-bretagne-sud-proche-de-carnac\/"]}]},{"@type":"ImageObject","inLanguage":"fr-FR","@id":"https:\/\/www.vacances-villas.com\/blog\/les-meilleurs-sentiers-de-randonnees-et-pedestres-en-bretagne-sud-proche-de-carnac\/#primaryimage","url":"https:\/\/www.vacances-villas.com\/blog\/wp-content\/uploads\/2024\/07\/crtb-ae05826_Marta-Goikoetxea.jpg","contentUrl":"https:\/\/www.vacances-villas.com\/blog\/wp-content\/uploads\/2024\/07\/crtb-ae05826_Marta-Goikoetxea.jpg","width":2000,"height":1335,"caption":"\u00a9 Marta Goikoetxea"},{"@type":"BreadcrumbList","@id":"https:\/\/www.vacances-villas.com\/blog\/les-meilleurs-sentiers-de-randonnees-et-pedestres-en-bretagne-sud-proche-de-carnac\/#breadcrumb","itemListElement":[{"@type":"ListItem","position":1,"name":"Home","item":"https:\/\/www.vacances-villas.com\/blog\/"},{"@type":"ListItem","position":2,"name":"Les meilleurs sentiers de randonn\u00e9es et p\u00e9destres en Bretagne Sud proche de Carnac"}]},{"@type":"WebSite","@id":"https:\/\/www.vacances-villas.com\/blog\/#website","url":"https:\/\/www.vacances-villas.com\/blog\/","name":"Blog","description":"vacances-villas","publisher":{"@id":"https:\/\/www.vacances-villas.com\/blog\/#organization"},"potentialAction":[{"@type":"SearchAction","target":{"@type":"EntryPoint","urlTemplate":"https:\/\/www.vacances-villas.com\/blog\/?s={search_term_string}"},"query-input":{"@type":"PropertyValueSpecification","valueRequired":true,"valueName":"search_term_string"}}],"inLanguage":"fr-FR"},{"@type":"Organization","@id":"https:\/\/www.vacances-villas.com\/blog\/#organization","name":"Vacances Villas","url":"https:\/\/www.vacances-villas.com\/blog\/","logo":{"@type":"ImageObject","inLanguage":"fr-FR","@id":"https:\/\/www.vacances-villas.com\/blog\/#\/schema\/logo\/image\/","url":"https:\/\/www.vacances-villas.com\/blog\/wp-content\/uploads\/2024\/07\/logo.png","contentUrl":"https:\/\/www.vacances-villas.com\/blog\/wp-content\/uploads\/2024\/07\/logo.png","width":1140,"height":488,"caption":"Vacances Villas"},"image":{"@id":"https:\/\/www.vacances-villas.com\/blog\/#\/schema\/logo\/image\/"},"sameAs":["https:\/\/www.facebook.com\/profile.php?id=100068103702281"]},{"@type":"Person","@id":"https:\/\/www.vacances-villas.com\/blog\/#\/schema\/person\/bbb0831c81e3c27edfe3425d99c758c7","name":"vacances-villas","image":{"@type":"ImageObject","inLanguage":"fr-FR","@id":"https:\/\/secure.gravatar.com\/avatar\/febfbdfb3d0eb2745e648590e83d2c5144bf2c7261ed976be516a2fa070c7818?s=96&d=mm&r=g","url":"https:\/\/secure.gravatar.com\/avatar\/febfbdfb3d0eb2745e648590e83d2c5144bf2c7261ed976be516a2fa070c7818?s=96&d=mm&r=g","contentUrl":"https:\/\/secure.gravatar.com\/avatar\/febfbdfb3d0eb2745e648590e83d2c5144bf2c7261ed976be516a2fa070c7818?s=96&d=mm&r=g","caption":"vacances-villas"},"sameAs":["https:\/\/www.facebook.com\/Agence-Atlantique-106373688301129"],"url":"https:\/\/www.vacances-villas.com\/blog\/author\/vacances-villas\/"}]}},"_links":{"self":[{"href":"https:\/\/www.vacances-villas.com\/blog\/wp-json\/wp\/v2\/posts\/625","targetHints":{"allow":["GET"]}}],"collection":[{"href":"https:\/\/www.vacances-villas.com\/blog\/wp-json\/wp\/v2\/posts"}],"about":[{"href":"https:\/\/www.vacances-villas.com\/blog\/wp-json\/wp\/v2\/types\/post"}],"author":[{"embeddable":true,"href":"https:\/\/www.vacances-villas.com\/blog\/wp-json\/wp\/v2\/users\/2"}],"replies":[{"embeddable":true,"href":"https:\/\/www.vacances-villas.com\/blog\/wp-json\/wp\/v2\/comments?post=625"}],"version-history":[{"count":1,"href":"https:\/\/www.vacances-villas.com\/blog\/wp-json\/wp\/v2\/posts\/625\/revisions"}],"predecessor-version":[{"id":626,"href":"https:\/\/www.vacances-villas.com\/blog\/wp-json\/wp\/v2\/posts\/625\/revisions\/626"}],"wp:featuredmedia":[{"embeddable":true,"href":"https:\/\/www.vacances-villas.com\/blog\/wp-json\/wp\/v2\/media\/627"}],"wp:attachment":[{"href":"https:\/\/www.vacances-villas.com\/blog\/wp-json\/wp\/v2\/media?parent=625"}],"wp:term":[{"taxonomy":"category","embeddable":true,"href":"https:\/\/www.vacances-villas.com\/blog\/wp-json\/wp\/v2\/categories?post=625"},{"taxonomy":"post_tag","embeddable":true,"href":"https:\/\/www.vacances-villas.com\/blog\/wp-json\/wp\/v2\/tags?post=625"}],"curies":[{"name":"wp","href":"https:\/\/api.w.org\/{rel}","templated":true}]}}