{"id":634,"date":"2024-08-01T08:00:31","date_gmt":"2024-08-01T08:00:31","guid":{"rendered":"https:\/\/www.vacances-villas.com\/blog\/?p=634"},"modified":"2024-07-30T16:21:05","modified_gmt":"2024-07-30T16:21:05","slug":"decouvrez-les-marches-de-carnac-tradition-fraicheur-et-convivialite","status":"publish","type":"post","link":"https:\/\/www.vacances-villas.com\/blog\/decouvrez-les-marches-de-carnac-tradition-fraicheur-et-convivialite\/","title":{"rendered":"D\u00e9couvrez les march\u00e9s de Carnac : tradition, fra\u00eecheur et convivialit\u00e9"},"content":{"rendered":"\n<p>Bienvenue \u00e0 Carnac, o\u00f9 les march\u00e9s traditionnels vous invitent \u00e0 d\u00e9couvrir le c\u0153ur battant de la gastronomie locale et de l&rsquo;artisanat breton. Chaque semaine, plusieurs march\u00e9s animent la ville et ses environs, offrant une exp\u00e9rience o\u00f9 se m\u00ealent saveurs locales et ambiance conviviale.<\/p>\n\n\n\n<h2 class=\"wp-block-heading\">March\u00e9s traditionnels<\/h2>\n\n\n\n<h3 class=\"wp-block-heading\"><strong>Bourg de Carnac<\/strong><\/h3>\n\n\n\n<ul class=\"wp-block-list\"><li>Tous les mercredis et dimanches matin, le Bourg de Carnac s&rsquo;anime au rythme de son march\u00e9 traditionnel. Venez d\u00e9couvrir des produits frais et locaux au c\u0153ur m\u00eame de la ville.<\/li><\/ul>\n\n\n\n<h3 class=\"wp-block-heading\"><strong>Aux alentours de Carnac<\/strong><\/h3>\n\n\n\n<ul class=\"wp-block-list\"><li>Chaque semaine, les march\u00e9s s&rsquo;\u00e9tendent aux communes voisines :<ul><li>Lundi \u00e0 Auray,<\/li><li>Mardi \u00e0 La Trinit\u00e9-sur-Mer, Locmariaquer et \u00c9tel,<\/li><li>Jeudi \u00e0 Saint-Pierre-Quiberon,<\/li><li>Vendredi \u00e0 La Trinit\u00e9-sur-Mer et Plouharnel,<\/li><li>Samedi \u00e0 Quiberon, Locmariaquer et Erdeven.<\/li><\/ul><\/li><\/ul>\n\n\n\n<p>Ces rendez-vous hebdomadaires sont l&rsquo;occasion parfaite pour explorer la richesse des produits r\u00e9gionaux et rencontrer les producteurs locaux.<\/p>\n\n\n\n<h2 class=\"wp-block-heading\">March\u00e9 des producteurs et du bio<\/h2>\n\n\n\n<h3 class=\"wp-block-heading\"><strong>Parc Levavasseur, Carnac Plage<\/strong><\/h3>\n\n\n\n<ul class=\"wp-block-list\"><li>Du 9 juillet au 27 ao\u00fbt, chaque mardi de 9h \u00e0 13h30, plongez dans l&rsquo;univers bio et artisanal au march\u00e9 des producteurs. D\u00e9gustez des l\u00e9gumes fra\u00eechement r\u00e9colt\u00e9s et d\u00e9couvrez d&rsquo;autres cr\u00e9ations artisanales de qualit\u00e9.<\/li><\/ul>\n\n\n\n<h2 class=\"wp-block-heading\">March\u00e9 nocturne<\/h2>\n\n\n\n<h3 class=\"wp-block-heading\"><strong>Place de l\u2019\u00c9glise et Rue St-Corn\u00e9ly<\/strong><\/h3>\n\n\n\n<ul class=\"wp-block-list\"><li>Du 4 juillet au 29 ao\u00fbt, tous les jeudis \u00e0 partir de 18h, vivez une soir\u00e9e anim\u00e9e au march\u00e9 nocturne de Carnac. Profitez de l&rsquo;artisanat local et des produits du terroir tout en vous impr\u00e9gnant de l&rsquo;ambiance festive du Fest Noz, organis\u00e9 par l\u2019Union des commer\u00e7ants de Carnac.<\/li><\/ul>\n\n\n\n<h2 class=\"wp-block-heading\">Venez vivre l&rsquo;authenticit\u00e9 des march\u00e9s de Carnac<\/h2>\n\n\n\n<p>Que vous soyez \u00e0 la recherche de produits frais, de souvenirs artisanaux ou simplement d&rsquo;une atmosph\u00e8re chaleureuse, les march\u00e9s de Carnac sauront vous s\u00e9duire. Ne manquez pas ces rendez-vous incontournables pour une exp\u00e9rience gustative et culturelle en Bretagne !<\/p>\n","protected":false},"excerpt":{"rendered":"<p>Bienvenue \u00e0 Carnac, o\u00f9 les march\u00e9s traditionnels vous invitent \u00e0 d\u00e9couvrir le c\u0153ur battant de la gastronomie locale et de&#8230;<\/p>\n","protected":false},"author":2,"featured_media":635,"comment_status":"open","ping_status":"closed","sticky":false,"template":"","format":"standard","meta":{"footnotes":""},"categories":[6,3,4,7],"tags":[],"class_list":["post-634","post","type-post","status-publish","format-standard","has-post-thumbnail","hentry","category-bouger","category-carnacetsesenvirons","category-evenements","category-manger"],"yoast_head":"<!-- This site is optimized with the Yoast SEO plugin v27.4 - https:\/\/yoast.com\/product\/yoast-seo-wordpress\/ -->\n<title>D\u00e9couvrez les march\u00e9s de Carnac : tradition, fra\u00eecheur et convivialit\u00e9 - Blog<\/title>\n<meta name=\"robots\" content=\"index, follow, max-snippet:-1, max-image-preview:large, max-video-preview:-1\" \/>\n<link rel=\"canonical\" href=\"https:\/\/www.vacances-villas.com\/blog\/decouvrez-les-marches-de-carnac-tradition-fraicheur-et-convivialite\/\" \/>\n<meta property=\"og:locale\" content=\"fr_FR\" \/>\n<meta property=\"og:type\" content=\"article\" \/>\n<meta property=\"og:title\" content=\"D\u00e9couvrez les march\u00e9s de Carnac : tradition, fra\u00eecheur et convivialit\u00e9 - Blog\" \/>\n<meta property=\"og:description\" content=\"Bienvenue \u00e0 Carnac, o\u00f9 les march\u00e9s traditionnels vous invitent \u00e0 d\u00e9couvrir le c\u0153ur battant de la gastronomie locale et de...\" \/>\n<meta property=\"og:url\" content=\"https:\/\/www.vacances-villas.com\/blog\/decouvrez-les-marches-de-carnac-tradition-fraicheur-et-convivialite\/\" \/>\n<meta property=\"og:site_name\" content=\"Blog\" \/>\n<meta property=\"article:publisher\" content=\"https:\/\/www.facebook.com\/profile.php?id=100068103702281\" \/>\n<meta property=\"article:author\" content=\"https:\/\/www.facebook.com\/Agence-Atlantique-106373688301129\" \/>\n<meta property=\"article:published_time\" content=\"2024-08-01T08:00:31+00:00\" \/>\n<meta property=\"og:image\" content=\"https:\/\/www.vacances-villas.com\/blog\/wp-content\/uploads\/2024\/07\/crtb-ae05844_Maria-Gracia-Salas-Rodriguez.jpg\" \/>\n\t<meta property=\"og:image:width\" content=\"1335\" \/>\n\t<meta property=\"og:image:height\" content=\"2000\" \/>\n\t<meta property=\"og:image:type\" content=\"image\/jpeg\" \/>\n<meta name=\"author\" content=\"vacances-villas\" \/>\n<meta name=\"twitter:card\" content=\"summary_large_image\" \/>\n<meta name=\"twitter:label1\" content=\"\u00c9crit par\" \/>\n\t<meta name=\"twitter:data1\" content=\"vacances-villas\" \/>\n\t<meta name=\"twitter:label2\" content=\"Dur\u00e9e de lecture estim\u00e9e\" \/>\n\t<meta name=\"twitter:data2\" content=\"2 minutes\" \/>\n<script type=\"application\/ld+json\" class=\"yoast-schema-graph\">{\"@context\":\"https:\\\/\\\/schema.org\",\"@graph\":[{\"@type\":\"Article\",\"@id\":\"https:\\\/\\\/www.vacances-villas.com\\\/blog\\\/decouvrez-les-marches-de-carnac-tradition-fraicheur-et-convivialite\\\/#article\",\"isPartOf\":{\"@id\":\"https:\\\/\\\/www.vacances-villas.com\\\/blog\\\/decouvrez-les-marches-de-carnac-tradition-fraicheur-et-convivialite\\\/\"},\"author\":{\"name\":\"vacances-villas\",\"@id\":\"https:\\\/\\\/www.vacances-villas.com\\\/blog\\\/#\\\/schema\\\/person\\\/bbb0831c81e3c27edfe3425d99c758c7\"},\"headline\":\"D\u00e9couvrez les march\u00e9s de Carnac : tradition, fra\u00eecheur et convivialit\u00e9\",\"datePublished\":\"2024-08-01T08:00:31+00:00\",\"mainEntityOfPage\":{\"@id\":\"https:\\\/\\\/www.vacances-villas.com\\\/blog\\\/decouvrez-les-marches-de-carnac-tradition-fraicheur-et-convivialite\\\/\"},\"wordCount\":321,\"commentCount\":0,\"publisher\":{\"@id\":\"https:\\\/\\\/www.vacances-villas.com\\\/blog\\\/#organization\"},\"image\":{\"@id\":\"https:\\\/\\\/www.vacances-villas.com\\\/blog\\\/decouvrez-les-marches-de-carnac-tradition-fraicheur-et-convivialite\\\/#primaryimage\"},\"thumbnailUrl\":\"https:\\\/\\\/www.vacances-villas.com\\\/blog\\\/wp-content\\\/uploads\\\/2024\\\/07\\\/crtb-ae05844_Maria-Gracia-Salas-Rodriguez.jpg\",\"articleSection\":[\"Bouger\",\"Carnac et ses environs\",\"Ev\u00e9nements\",\"Manger\"],\"inLanguage\":\"fr-FR\",\"potentialAction\":[{\"@type\":\"CommentAction\",\"name\":\"Comment\",\"target\":[\"https:\\\/\\\/www.vacances-villas.com\\\/blog\\\/decouvrez-les-marches-de-carnac-tradition-fraicheur-et-convivialite\\\/#respond\"]}]},{\"@type\":\"WebPage\",\"@id\":\"https:\\\/\\\/www.vacances-villas.com\\\/blog\\\/decouvrez-les-marches-de-carnac-tradition-fraicheur-et-convivialite\\\/\",\"url\":\"https:\\\/\\\/www.vacances-villas.com\\\/blog\\\/decouvrez-les-marches-de-carnac-tradition-fraicheur-et-convivialite\\\/\",\"name\":\"D\u00e9couvrez les march\u00e9s de Carnac : tradition, fra\u00eecheur et convivialit\u00e9 - Blog\",\"isPartOf\":{\"@id\":\"https:\\\/\\\/www.vacances-villas.com\\\/blog\\\/#website\"},\"primaryImageOfPage\":{\"@id\":\"https:\\\/\\\/www.vacances-villas.com\\\/blog\\\/decouvrez-les-marches-de-carnac-tradition-fraicheur-et-convivialite\\\/#primaryimage\"},\"image\":{\"@id\":\"https:\\\/\\\/www.vacances-villas.com\\\/blog\\\/decouvrez-les-marches-de-carnac-tradition-fraicheur-et-convivialite\\\/#primaryimage\"},\"thumbnailUrl\":\"https:\\\/\\\/www.vacances-villas.com\\\/blog\\\/wp-content\\\/uploads\\\/2024\\\/07\\\/crtb-ae05844_Maria-Gracia-Salas-Rodriguez.jpg\",\"datePublished\":\"2024-08-01T08:00:31+00:00\",\"breadcrumb\":{\"@id\":\"https:\\\/\\\/www.vacances-villas.com\\\/blog\\\/decouvrez-les-marches-de-carnac-tradition-fraicheur-et-convivialite\\\/#breadcrumb\"},\"inLanguage\":\"fr-FR\",\"potentialAction\":[{\"@type\":\"ReadAction\",\"target\":[\"https:\\\/\\\/www.vacances-villas.com\\\/blog\\\/decouvrez-les-marches-de-carnac-tradition-fraicheur-et-convivialite\\\/\"]}]},{\"@type\":\"ImageObject\",\"inLanguage\":\"fr-FR\",\"@id\":\"https:\\\/\\\/www.vacances-villas.com\\\/blog\\\/decouvrez-les-marches-de-carnac-tradition-fraicheur-et-convivialite\\\/#primaryimage\",\"url\":\"https:\\\/\\\/www.vacances-villas.com\\\/blog\\\/wp-content\\\/uploads\\\/2024\\\/07\\\/crtb-ae05844_Maria-Gracia-Salas-Rodriguez.jpg\",\"contentUrl\":\"https:\\\/\\\/www.vacances-villas.com\\\/blog\\\/wp-content\\\/uploads\\\/2024\\\/07\\\/crtb-ae05844_Maria-Gracia-Salas-Rodriguez.jpg\",\"width\":1335,\"height\":2000,\"caption\":\"March\u00e9 d'Auray \u00a9 Maria Gracia Salas Rodriguez\"},{\"@type\":\"BreadcrumbList\",\"@id\":\"https:\\\/\\\/www.vacances-villas.com\\\/blog\\\/decouvrez-les-marches-de-carnac-tradition-fraicheur-et-convivialite\\\/#breadcrumb\",\"itemListElement\":[{\"@type\":\"ListItem\",\"position\":1,\"name\":\"Home\",\"item\":\"https:\\\/\\\/www.vacances-villas.com\\\/blog\\\/\"},{\"@type\":\"ListItem\",\"position\":2,\"name\":\"D\u00e9couvrez les march\u00e9s de Carnac : tradition, fra\u00eecheur et convivialit\u00e9\"}]},{\"@type\":\"WebSite\",\"@id\":\"https:\\\/\\\/www.vacances-villas.com\\\/blog\\\/#website\",\"url\":\"https:\\\/\\\/www.vacances-villas.com\\\/blog\\\/\",\"name\":\"Blog\",\"description\":\"vacances-villas\",\"publisher\":{\"@id\":\"https:\\\/\\\/www.vacances-villas.com\\\/blog\\\/#organization\"},\"potentialAction\":[{\"@type\":\"SearchAction\",\"target\":{\"@type\":\"EntryPoint\",\"urlTemplate\":\"https:\\\/\\\/www.vacances-villas.com\\\/blog\\\/?s={search_term_string}\"},\"query-input\":{\"@type\":\"PropertyValueSpecification\",\"valueRequired\":true,\"valueName\":\"search_term_string\"}}],\"inLanguage\":\"fr-FR\"},{\"@type\":\"Organization\",\"@id\":\"https:\\\/\\\/www.vacances-villas.com\\\/blog\\\/#organization\",\"name\":\"Vacances Villas\",\"url\":\"https:\\\/\\\/www.vacances-villas.com\\\/blog\\\/\",\"logo\":{\"@type\":\"ImageObject\",\"inLanguage\":\"fr-FR\",\"@id\":\"https:\\\/\\\/www.vacances-villas.com\\\/blog\\\/#\\\/schema\\\/logo\\\/image\\\/\",\"url\":\"https:\\\/\\\/www.vacances-villas.com\\\/blog\\\/wp-content\\\/uploads\\\/2024\\\/07\\\/logo.png\",\"contentUrl\":\"https:\\\/\\\/www.vacances-villas.com\\\/blog\\\/wp-content\\\/uploads\\\/2024\\\/07\\\/logo.png\",\"width\":1140,\"height\":488,\"caption\":\"Vacances Villas\"},\"image\":{\"@id\":\"https:\\\/\\\/www.vacances-villas.com\\\/blog\\\/#\\\/schema\\\/logo\\\/image\\\/\"},\"sameAs\":[\"https:\\\/\\\/www.facebook.com\\\/profile.php?id=100068103702281\"]},{\"@type\":\"Person\",\"@id\":\"https:\\\/\\\/www.vacances-villas.com\\\/blog\\\/#\\\/schema\\\/person\\\/bbb0831c81e3c27edfe3425d99c758c7\",\"name\":\"vacances-villas\",\"image\":{\"@type\":\"ImageObject\",\"inLanguage\":\"fr-FR\",\"@id\":\"https:\\\/\\\/secure.gravatar.com\\\/avatar\\\/febfbdfb3d0eb2745e648590e83d2c5144bf2c7261ed976be516a2fa070c7818?s=96&d=mm&r=g\",\"url\":\"https:\\\/\\\/secure.gravatar.com\\\/avatar\\\/febfbdfb3d0eb2745e648590e83d2c5144bf2c7261ed976be516a2fa070c7818?s=96&d=mm&r=g\",\"contentUrl\":\"https:\\\/\\\/secure.gravatar.com\\\/avatar\\\/febfbdfb3d0eb2745e648590e83d2c5144bf2c7261ed976be516a2fa070c7818?s=96&d=mm&r=g\",\"caption\":\"vacances-villas\"},\"sameAs\":[\"https:\\\/\\\/www.facebook.com\\\/Agence-Atlantique-106373688301129\"],\"url\":\"https:\\\/\\\/www.vacances-villas.com\\\/blog\\\/author\\\/vacances-villas\\\/\"}]}<\/script>\n<!-- \/ Yoast SEO plugin. -->","yoast_head_json":{"title":"D\u00e9couvrez les march\u00e9s de Carnac : tradition, fra\u00eecheur et convivialit\u00e9 - Blog","robots":{"index":"index","follow":"follow","max-snippet":"max-snippet:-1","max-image-preview":"max-image-preview:large","max-video-preview":"max-video-preview:-1"},"canonical":"https:\/\/www.vacances-villas.com\/blog\/decouvrez-les-marches-de-carnac-tradition-fraicheur-et-convivialite\/","og_locale":"fr_FR","og_type":"article","og_title":"D\u00e9couvrez les march\u00e9s de Carnac : tradition, fra\u00eecheur et convivialit\u00e9 - Blog","og_description":"Bienvenue \u00e0 Carnac, o\u00f9 les march\u00e9s traditionnels vous invitent \u00e0 d\u00e9couvrir le c\u0153ur battant de la gastronomie locale et de...","og_url":"https:\/\/www.vacances-villas.com\/blog\/decouvrez-les-marches-de-carnac-tradition-fraicheur-et-convivialite\/","og_site_name":"Blog","article_publisher":"https:\/\/www.facebook.com\/profile.php?id=100068103702281","article_author":"https:\/\/www.facebook.com\/Agence-Atlantique-106373688301129","article_published_time":"2024-08-01T08:00:31+00:00","og_image":[{"width":1335,"height":2000,"url":"https:\/\/www.vacances-villas.com\/blog\/wp-content\/uploads\/2024\/07\/crtb-ae05844_Maria-Gracia-Salas-Rodriguez.jpg","type":"image\/jpeg"}],"author":"vacances-villas","twitter_card":"summary_large_image","twitter_misc":{"\u00c9crit par":"vacances-villas","Dur\u00e9e de lecture estim\u00e9e":"2 minutes"},"schema":{"@context":"https:\/\/schema.org","@graph":[{"@type":"Article","@id":"https:\/\/www.vacances-villas.com\/blog\/decouvrez-les-marches-de-carnac-tradition-fraicheur-et-convivialite\/#article","isPartOf":{"@id":"https:\/\/www.vacances-villas.com\/blog\/decouvrez-les-marches-de-carnac-tradition-fraicheur-et-convivialite\/"},"author":{"name":"vacances-villas","@id":"https:\/\/www.vacances-villas.com\/blog\/#\/schema\/person\/bbb0831c81e3c27edfe3425d99c758c7"},"headline":"D\u00e9couvrez les march\u00e9s de Carnac : tradition, fra\u00eecheur et convivialit\u00e9","datePublished":"2024-08-01T08:00:31+00:00","mainEntityOfPage":{"@id":"https:\/\/www.vacances-villas.com\/blog\/decouvrez-les-marches-de-carnac-tradition-fraicheur-et-convivialite\/"},"wordCount":321,"commentCount":0,"publisher":{"@id":"https:\/\/www.vacances-villas.com\/blog\/#organization"},"image":{"@id":"https:\/\/www.vacances-villas.com\/blog\/decouvrez-les-marches-de-carnac-tradition-fraicheur-et-convivialite\/#primaryimage"},"thumbnailUrl":"https:\/\/www.vacances-villas.com\/blog\/wp-content\/uploads\/2024\/07\/crtb-ae05844_Maria-Gracia-Salas-Rodriguez.jpg","articleSection":["Bouger","Carnac et ses environs","Ev\u00e9nements","Manger"],"inLanguage":"fr-FR","potentialAction":[{"@type":"CommentAction","name":"Comment","target":["https:\/\/www.vacances-villas.com\/blog\/decouvrez-les-marches-de-carnac-tradition-fraicheur-et-convivialite\/#respond"]}]},{"@type":"WebPage","@id":"https:\/\/www.vacances-villas.com\/blog\/decouvrez-les-marches-de-carnac-tradition-fraicheur-et-convivialite\/","url":"https:\/\/www.vacances-villas.com\/blog\/decouvrez-les-marches-de-carnac-tradition-fraicheur-et-convivialite\/","name":"D\u00e9couvrez les march\u00e9s de Carnac : tradition, fra\u00eecheur et convivialit\u00e9 - Blog","isPartOf":{"@id":"https:\/\/www.vacances-villas.com\/blog\/#website"},"primaryImageOfPage":{"@id":"https:\/\/www.vacances-villas.com\/blog\/decouvrez-les-marches-de-carnac-tradition-fraicheur-et-convivialite\/#primaryimage"},"image":{"@id":"https:\/\/www.vacances-villas.com\/blog\/decouvrez-les-marches-de-carnac-tradition-fraicheur-et-convivialite\/#primaryimage"},"thumbnailUrl":"https:\/\/www.vacances-villas.com\/blog\/wp-content\/uploads\/2024\/07\/crtb-ae05844_Maria-Gracia-Salas-Rodriguez.jpg","datePublished":"2024-08-01T08:00:31+00:00","breadcrumb":{"@id":"https:\/\/www.vacances-villas.com\/blog\/decouvrez-les-marches-de-carnac-tradition-fraicheur-et-convivialite\/#breadcrumb"},"inLanguage":"fr-FR","potentialAction":[{"@type":"ReadAction","target":["https:\/\/www.vacances-villas.com\/blog\/decouvrez-les-marches-de-carnac-tradition-fraicheur-et-convivialite\/"]}]},{"@type":"ImageObject","inLanguage":"fr-FR","@id":"https:\/\/www.vacances-villas.com\/blog\/decouvrez-les-marches-de-carnac-tradition-fraicheur-et-convivialite\/#primaryimage","url":"https:\/\/www.vacances-villas.com\/blog\/wp-content\/uploads\/2024\/07\/crtb-ae05844_Maria-Gracia-Salas-Rodriguez.jpg","contentUrl":"https:\/\/www.vacances-villas.com\/blog\/wp-content\/uploads\/2024\/07\/crtb-ae05844_Maria-Gracia-Salas-Rodriguez.jpg","width":1335,"height":2000,"caption":"March\u00e9 d'Auray \u00a9 Maria Gracia Salas Rodriguez"},{"@type":"BreadcrumbList","@id":"https:\/\/www.vacances-villas.com\/blog\/decouvrez-les-marches-de-carnac-tradition-fraicheur-et-convivialite\/#breadcrumb","itemListElement":[{"@type":"ListItem","position":1,"name":"Home","item":"https:\/\/www.vacances-villas.com\/blog\/"},{"@type":"ListItem","position":2,"name":"D\u00e9couvrez les march\u00e9s de Carnac : tradition, fra\u00eecheur et convivialit\u00e9"}]},{"@type":"WebSite","@id":"https:\/\/www.vacances-villas.com\/blog\/#website","url":"https:\/\/www.vacances-villas.com\/blog\/","name":"Blog","description":"vacances-villas","publisher":{"@id":"https:\/\/www.vacances-villas.com\/blog\/#organization"},"potentialAction":[{"@type":"SearchAction","target":{"@type":"EntryPoint","urlTemplate":"https:\/\/www.vacances-villas.com\/blog\/?s={search_term_string}"},"query-input":{"@type":"PropertyValueSpecification","valueRequired":true,"valueName":"search_term_string"}}],"inLanguage":"fr-FR"},{"@type":"Organization","@id":"https:\/\/www.vacances-villas.com\/blog\/#organization","name":"Vacances Villas","url":"https:\/\/www.vacances-villas.com\/blog\/","logo":{"@type":"ImageObject","inLanguage":"fr-FR","@id":"https:\/\/www.vacances-villas.com\/blog\/#\/schema\/logo\/image\/","url":"https:\/\/www.vacances-villas.com\/blog\/wp-content\/uploads\/2024\/07\/logo.png","contentUrl":"https:\/\/www.vacances-villas.com\/blog\/wp-content\/uploads\/2024\/07\/logo.png","width":1140,"height":488,"caption":"Vacances Villas"},"image":{"@id":"https:\/\/www.vacances-villas.com\/blog\/#\/schema\/logo\/image\/"},"sameAs":["https:\/\/www.facebook.com\/profile.php?id=100068103702281"]},{"@type":"Person","@id":"https:\/\/www.vacances-villas.com\/blog\/#\/schema\/person\/bbb0831c81e3c27edfe3425d99c758c7","name":"vacances-villas","image":{"@type":"ImageObject","inLanguage":"fr-FR","@id":"https:\/\/secure.gravatar.com\/avatar\/febfbdfb3d0eb2745e648590e83d2c5144bf2c7261ed976be516a2fa070c7818?s=96&d=mm&r=g","url":"https:\/\/secure.gravatar.com\/avatar\/febfbdfb3d0eb2745e648590e83d2c5144bf2c7261ed976be516a2fa070c7818?s=96&d=mm&r=g","contentUrl":"https:\/\/secure.gravatar.com\/avatar\/febfbdfb3d0eb2745e648590e83d2c5144bf2c7261ed976be516a2fa070c7818?s=96&d=mm&r=g","caption":"vacances-villas"},"sameAs":["https:\/\/www.facebook.com\/Agence-Atlantique-106373688301129"],"url":"https:\/\/www.vacances-villas.com\/blog\/author\/vacances-villas\/"}]}},"_links":{"self":[{"href":"https:\/\/www.vacances-villas.com\/blog\/wp-json\/wp\/v2\/posts\/634","targetHints":{"allow":["GET"]}}],"collection":[{"href":"https:\/\/www.vacances-villas.com\/blog\/wp-json\/wp\/v2\/posts"}],"about":[{"href":"https:\/\/www.vacances-villas.com\/blog\/wp-json\/wp\/v2\/types\/post"}],"author":[{"embeddable":true,"href":"https:\/\/www.vacances-villas.com\/blog\/wp-json\/wp\/v2\/users\/2"}],"replies":[{"embeddable":true,"href":"https:\/\/www.vacances-villas.com\/blog\/wp-json\/wp\/v2\/comments?post=634"}],"version-history":[{"count":1,"href":"https:\/\/www.vacances-villas.com\/blog\/wp-json\/wp\/v2\/posts\/634\/revisions"}],"predecessor-version":[{"id":637,"href":"https:\/\/www.vacances-villas.com\/blog\/wp-json\/wp\/v2\/posts\/634\/revisions\/637"}],"wp:featuredmedia":[{"embeddable":true,"href":"https:\/\/www.vacances-villas.com\/blog\/wp-json\/wp\/v2\/media\/635"}],"wp:attachment":[{"href":"https:\/\/www.vacances-villas.com\/blog\/wp-json\/wp\/v2\/media?parent=634"}],"wp:term":[{"taxonomy":"category","embeddable":true,"href":"https:\/\/www.vacances-villas.com\/blog\/wp-json\/wp\/v2\/categories?post=634"},{"taxonomy":"post_tag","embeddable":true,"href":"https:\/\/www.vacances-villas.com\/blog\/wp-json\/wp\/v2\/tags?post=634"}],"curies":[{"name":"wp","href":"https:\/\/api.w.org\/{rel}","templated":true}]}}