{"id":639,"date":"2024-09-16T09:09:00","date_gmt":"2024-09-16T09:09:00","guid":{"rendered":"https:\/\/www.vacances-villas.com\/blog\/?p=639"},"modified":"2024-09-24T09:17:32","modified_gmt":"2024-09-24T09:17:32","slug":"les-journees-europeennes-du-patrimoine-a-carnac-un-voyage-a-travers-les-ages","status":"publish","type":"post","link":"https:\/\/www.vacances-villas.com\/blog\/les-journees-europeennes-du-patrimoine-a-carnac-un-voyage-a-travers-les-ages\/","title":{"rendered":"Les Journ\u00e9es Europ\u00e9ennes du Patrimoine \u00e0 Carnac : un voyage \u00e0 travers les \u00e2ges"},"content":{"rendered":"\n<p>Chaque ann\u00e9e, les <a href=\"https:\/\/journeesdupatrimoine.culture.gouv.fr\/\" target=\"_blank\" rel=\"noreferrer noopener\">Journ\u00e9es Europ\u00e9ennes du Patrimoine<\/a> sont l&rsquo;occasion unique de d\u00e9couvrir ou red\u00e9couvrir des tr\u00e9sors historiques souvent m\u00e9connus. \u00c0 Carnac, c\u00e9l\u00e8bre pour ses alignements de m\u00e9galithes, cet \u00e9v\u00e9nement rev\u00eat une dimension particuli\u00e8re, en mettant en lumi\u00e8re des mill\u00e9naires d\u2019histoire et de culture.<\/p>\n\n\n\n<h2 class=\"wp-block-heading\">Une destination incontournable pour les passionn\u00e9s d\u2019Histoire<\/h2>\n\n\n\n<p>Carnac, situ\u00e9e en Bretagne, est mondialement connue pour ses myst\u00e9rieux alignements de menhirs, qui remontent \u00e0 pr\u00e8s de 7000 ans. Ces monuments \u00e9nigmatiques attirent des visiteurs du monde entier, curieux de comprendre leur signification et le g\u00e9nie des peuples n\u00e9olithiques qui les ont \u00e9rig\u00e9s.<\/p>\n\n\n\n<p>Pendant les Journ\u00e9es Europ\u00e9ennes du Patrimoine, Carnac propose des visites guid\u00e9es qui permettent d\u2019explorer ces m\u00e9galithes sous un nouvel angle. Des sp\u00e9cialistes partagent leurs connaissances, expliquant les r\u00e9centes d\u00e9couvertes arch\u00e9ologiques et les th\u00e9ories qui entourent ces structures impressionnantes.<\/p>\n\n\n\n<h2 class=\"wp-block-heading\">Un programme riche et vari\u00e9<\/h2>\n\n\n\n<p>En plus des menhirs, les visiteurs peuvent d\u00e9couvrir des sites moins connus mais tout aussi fascinants, comme :<\/p>\n\n\n\n<ul class=\"wp-block-list\"><li><strong>Le Mus\u00e9e de Pr\u00e9histoire de Carnac<\/strong> : Ce mus\u00e9e, l\u2019un des plus riches en Europe sur le N\u00e9olithique, offre un parcours passionnant \u00e0 travers les objets trouv\u00e9s lors des fouilles. Pendant les journ\u00e9es du patrimoine, des ateliers et des conf\u00e9rences sont organis\u00e9s, permettant aux curieux de mieux comprendre le mode de vie des hommes pr\u00e9historiques.<\/li><li><strong>La Chapelle Saint-Michel<\/strong> : Construite au XVIIe si\u00e8cle sur un tumulus pr\u00e9historique, elle offre une vue imprenable sur la r\u00e9gion et permet de mieux saisir la superposition des \u00e9poques \u00e0 Carnac.<\/li><li><strong>Les Villages de Poul P\u00e9tre et Saint-Colomban<\/strong> : Ces villages bretons traditionnels sont des t\u00e9moins de l\u2019architecture rurale. Des visites comment\u00e9es permettent de d\u00e9couvrir leur histoire, ainsi que l\u2019\u00e9volution du paysage au fil des si\u00e8cles.<\/li><\/ul>\n\n\n\n<h2 class=\"wp-block-heading\">Des activit\u00e9s pour tous les \u00e2ges<\/h2>\n\n\n\n<p>Les Journ\u00e9es Europ\u00e9ennes du Patrimoine \u00e0 Carnac ne sont pas uniquement r\u00e9serv\u00e9es aux passionn\u00e9s d\u2019histoire. De nombreuses activit\u00e9s sont propos\u00e9es pour toute la famille :<\/p>\n\n\n\n<ul class=\"wp-block-list\"><li><strong>Ateliers pour enfants<\/strong> : Des animations ludiques et \u00e9ducatives permettent aux plus jeunes de s\u2019initier \u00e0 l\u2019arch\u00e9ologie, en fouillant comme de v\u00e9ritables chercheurs.<\/li><li><strong>Promenades nature<\/strong> : Des balades guid\u00e9es \u00e0 travers la lande bretonne environnante offrent l\u2019opportunit\u00e9 de d\u00e9couvrir la faune et la flore locales, tout en apprenant davantage sur la mani\u00e8re dont les paysages ont \u00e9t\u00e9 fa\u00e7onn\u00e9s par les humains.<\/li><\/ul>\n\n\n\n<h2 class=\"wp-block-heading\">Une opportunit\u00e9 de red\u00e9couvrir Carnac<\/h2>\n\n\n\n<p>Les Journ\u00e9es Europ\u00e9ennes du Patrimoine sont l\u2019occasion parfaite pour s\u2019impr\u00e9gner de la richesse culturelle de Carnac. Que vous soyez un habitu\u00e9 de la r\u00e9gion ou un visiteur de passage, cet \u00e9v\u00e9nement est une invitation \u00e0 voyager dans le temps et \u00e0 explorer les racines profondes de l\u2019histoire europ\u00e9enne.<\/p>\n\n\n\n<h2 class=\"wp-block-heading\">Infos pratiques<\/h2>\n\n\n\n<ul class=\"wp-block-list\"><li><strong>Dates<\/strong> : Les Journ\u00e9es Europ\u00e9ennes du Patrimoine se d\u00e9roulent chaque ann\u00e9e le troisi\u00e8me week-end de septembre.<\/li><li><strong>Tarif<\/strong> : La majorit\u00e9 des visites et animations sont gratuites.<\/li><li><strong>Acc\u00e8s<\/strong> : Carnac est facilement accessible en voiture, avec des parkings disponibles \u00e0 proximit\u00e9 des principaux sites. Des navettes sont \u00e9galement mises en place pour faciliter les d\u00e9placements entre les diff\u00e9rents lieux de visite.<\/li><\/ul>\n\n\n\n<p>Pour plus d\u2019informations, consultez le programme d\u00e9taill\u00e9 sur le <a href=\"https:\/\/www.ot-carnac.fr\/\" target=\"_blank\" rel=\"noreferrer noopener\">site officiel de la ville de Carnac.<\/a><\/p>\n\n\n\n<p>Ne manquez pas cette opportunit\u00e9 de plonger au c\u0153ur de l\u2019histoire lors des Journ\u00e9es Europ\u00e9ennes du Patrimoine \u00e0 Carnac !<\/p>\n","protected":false},"excerpt":{"rendered":"<p>Chaque ann\u00e9e, les Journ\u00e9es Europ\u00e9ennes du Patrimoine sont l&rsquo;occasion unique de d\u00e9couvrir ou red\u00e9couvrir des tr\u00e9sors historiques souvent m\u00e9connus. \u00c0&#8230;<\/p>\n","protected":false},"author":2,"featured_media":641,"comment_status":"open","ping_status":"closed","sticky":false,"template":"","format":"standard","meta":{"footnotes":""},"categories":[6,3,5],"tags":[],"class_list":["post-639","post","type-post","status-publish","format-standard","has-post-thumbnail","hentry","category-bouger","category-carnacetsesenvirons","category-visiter"],"yoast_head":"<!-- This site is optimized with the Yoast SEO plugin v27.4 - https:\/\/yoast.com\/product\/yoast-seo-wordpress\/ -->\n<title>Les Journ\u00e9es Europ\u00e9ennes du Patrimoine \u00e0 Carnac : un voyage \u00e0 travers les \u00e2ges - Blog<\/title>\n<meta name=\"robots\" content=\"index, follow, max-snippet:-1, max-image-preview:large, max-video-preview:-1\" \/>\n<link rel=\"canonical\" href=\"https:\/\/www.vacances-villas.com\/blog\/les-journees-europeennes-du-patrimoine-a-carnac-un-voyage-a-travers-les-ages\/\" \/>\n<meta property=\"og:locale\" content=\"fr_FR\" \/>\n<meta property=\"og:type\" content=\"article\" \/>\n<meta property=\"og:title\" content=\"Les Journ\u00e9es Europ\u00e9ennes du Patrimoine \u00e0 Carnac : un voyage \u00e0 travers les \u00e2ges - Blog\" \/>\n<meta property=\"og:description\" content=\"Chaque ann\u00e9e, les Journ\u00e9es Europ\u00e9ennes du Patrimoine sont l&rsquo;occasion unique de d\u00e9couvrir ou red\u00e9couvrir des tr\u00e9sors historiques souvent m\u00e9connus. \u00c0...\" \/>\n<meta property=\"og:url\" content=\"https:\/\/www.vacances-villas.com\/blog\/les-journees-europeennes-du-patrimoine-a-carnac-un-voyage-a-travers-les-ages\/\" \/>\n<meta property=\"og:site_name\" content=\"Blog\" \/>\n<meta property=\"article:publisher\" content=\"https:\/\/www.facebook.com\/profile.php?id=100068103702281\" \/>\n<meta property=\"article:author\" content=\"https:\/\/www.facebook.com\/Agence-Atlantique-106373688301129\" \/>\n<meta property=\"article:published_time\" content=\"2024-09-16T09:09:00+00:00\" \/>\n<meta property=\"article:modified_time\" content=\"2024-09-24T09:17:32+00:00\" \/>\n<meta property=\"og:image\" content=\"https:\/\/www.vacances-villas.com\/blog\/wp-content\/uploads\/2024\/09\/crtb-ae05825_Marta-Goikoetxea.jpg\" \/>\n\t<meta property=\"og:image:width\" content=\"1333\" \/>\n\t<meta property=\"og:image:height\" content=\"2000\" \/>\n\t<meta property=\"og:image:type\" content=\"image\/jpeg\" \/>\n<meta name=\"author\" content=\"vacances-villas\" \/>\n<meta name=\"twitter:card\" content=\"summary_large_image\" \/>\n<meta name=\"twitter:label1\" content=\"\u00c9crit par\" \/>\n\t<meta name=\"twitter:data1\" content=\"vacances-villas\" \/>\n\t<meta name=\"twitter:label2\" content=\"Dur\u00e9e de lecture estim\u00e9e\" \/>\n\t<meta name=\"twitter:data2\" content=\"3 minutes\" \/>\n<script type=\"application\/ld+json\" class=\"yoast-schema-graph\">{\"@context\":\"https:\\\/\\\/schema.org\",\"@graph\":[{\"@type\":\"Article\",\"@id\":\"https:\\\/\\\/www.vacances-villas.com\\\/blog\\\/les-journees-europeennes-du-patrimoine-a-carnac-un-voyage-a-travers-les-ages\\\/#article\",\"isPartOf\":{\"@id\":\"https:\\\/\\\/www.vacances-villas.com\\\/blog\\\/les-journees-europeennes-du-patrimoine-a-carnac-un-voyage-a-travers-les-ages\\\/\"},\"author\":{\"name\":\"vacances-villas\",\"@id\":\"https:\\\/\\\/www.vacances-villas.com\\\/blog\\\/#\\\/schema\\\/person\\\/bbb0831c81e3c27edfe3425d99c758c7\"},\"headline\":\"Les Journ\u00e9es Europ\u00e9ennes du Patrimoine \u00e0 Carnac : un voyage \u00e0 travers les \u00e2ges\",\"datePublished\":\"2024-09-16T09:09:00+00:00\",\"dateModified\":\"2024-09-24T09:17:32+00:00\",\"mainEntityOfPage\":{\"@id\":\"https:\\\/\\\/www.vacances-villas.com\\\/blog\\\/les-journees-europeennes-du-patrimoine-a-carnac-un-voyage-a-travers-les-ages\\\/\"},\"wordCount\":608,\"commentCount\":0,\"publisher\":{\"@id\":\"https:\\\/\\\/www.vacances-villas.com\\\/blog\\\/#organization\"},\"image\":{\"@id\":\"https:\\\/\\\/www.vacances-villas.com\\\/blog\\\/les-journees-europeennes-du-patrimoine-a-carnac-un-voyage-a-travers-les-ages\\\/#primaryimage\"},\"thumbnailUrl\":\"https:\\\/\\\/www.vacances-villas.com\\\/blog\\\/wp-content\\\/uploads\\\/2024\\\/09\\\/crtb-ae05825_Marta-Goikoetxea.jpg\",\"articleSection\":[\"Bouger\",\"Carnac et ses environs\",\"Visiter\"],\"inLanguage\":\"fr-FR\",\"potentialAction\":[{\"@type\":\"CommentAction\",\"name\":\"Comment\",\"target\":[\"https:\\\/\\\/www.vacances-villas.com\\\/blog\\\/les-journees-europeennes-du-patrimoine-a-carnac-un-voyage-a-travers-les-ages\\\/#respond\"]}]},{\"@type\":\"WebPage\",\"@id\":\"https:\\\/\\\/www.vacances-villas.com\\\/blog\\\/les-journees-europeennes-du-patrimoine-a-carnac-un-voyage-a-travers-les-ages\\\/\",\"url\":\"https:\\\/\\\/www.vacances-villas.com\\\/blog\\\/les-journees-europeennes-du-patrimoine-a-carnac-un-voyage-a-travers-les-ages\\\/\",\"name\":\"Les Journ\u00e9es Europ\u00e9ennes du Patrimoine \u00e0 Carnac : un voyage \u00e0 travers les \u00e2ges - Blog\",\"isPartOf\":{\"@id\":\"https:\\\/\\\/www.vacances-villas.com\\\/blog\\\/#website\"},\"primaryImageOfPage\":{\"@id\":\"https:\\\/\\\/www.vacances-villas.com\\\/blog\\\/les-journees-europeennes-du-patrimoine-a-carnac-un-voyage-a-travers-les-ages\\\/#primaryimage\"},\"image\":{\"@id\":\"https:\\\/\\\/www.vacances-villas.com\\\/blog\\\/les-journees-europeennes-du-patrimoine-a-carnac-un-voyage-a-travers-les-ages\\\/#primaryimage\"},\"thumbnailUrl\":\"https:\\\/\\\/www.vacances-villas.com\\\/blog\\\/wp-content\\\/uploads\\\/2024\\\/09\\\/crtb-ae05825_Marta-Goikoetxea.jpg\",\"datePublished\":\"2024-09-16T09:09:00+00:00\",\"dateModified\":\"2024-09-24T09:17:32+00:00\",\"breadcrumb\":{\"@id\":\"https:\\\/\\\/www.vacances-villas.com\\\/blog\\\/les-journees-europeennes-du-patrimoine-a-carnac-un-voyage-a-travers-les-ages\\\/#breadcrumb\"},\"inLanguage\":\"fr-FR\",\"potentialAction\":[{\"@type\":\"ReadAction\",\"target\":[\"https:\\\/\\\/www.vacances-villas.com\\\/blog\\\/les-journees-europeennes-du-patrimoine-a-carnac-un-voyage-a-travers-les-ages\\\/\"]}]},{\"@type\":\"ImageObject\",\"inLanguage\":\"fr-FR\",\"@id\":\"https:\\\/\\\/www.vacances-villas.com\\\/blog\\\/les-journees-europeennes-du-patrimoine-a-carnac-un-voyage-a-travers-les-ages\\\/#primaryimage\",\"url\":\"https:\\\/\\\/www.vacances-villas.com\\\/blog\\\/wp-content\\\/uploads\\\/2024\\\/09\\\/crtb-ae05825_Marta-Goikoetxea.jpg\",\"contentUrl\":\"https:\\\/\\\/www.vacances-villas.com\\\/blog\\\/wp-content\\\/uploads\\\/2024\\\/09\\\/crtb-ae05825_Marta-Goikoetxea.jpg\",\"width\":1333,\"height\":2000},{\"@type\":\"BreadcrumbList\",\"@id\":\"https:\\\/\\\/www.vacances-villas.com\\\/blog\\\/les-journees-europeennes-du-patrimoine-a-carnac-un-voyage-a-travers-les-ages\\\/#breadcrumb\",\"itemListElement\":[{\"@type\":\"ListItem\",\"position\":1,\"name\":\"Home\",\"item\":\"https:\\\/\\\/www.vacances-villas.com\\\/blog\\\/\"},{\"@type\":\"ListItem\",\"position\":2,\"name\":\"Les Journ\u00e9es Europ\u00e9ennes du Patrimoine \u00e0 Carnac : un voyage \u00e0 travers les \u00e2ges\"}]},{\"@type\":\"WebSite\",\"@id\":\"https:\\\/\\\/www.vacances-villas.com\\\/blog\\\/#website\",\"url\":\"https:\\\/\\\/www.vacances-villas.com\\\/blog\\\/\",\"name\":\"Blog\",\"description\":\"vacances-villas\",\"publisher\":{\"@id\":\"https:\\\/\\\/www.vacances-villas.com\\\/blog\\\/#organization\"},\"potentialAction\":[{\"@type\":\"SearchAction\",\"target\":{\"@type\":\"EntryPoint\",\"urlTemplate\":\"https:\\\/\\\/www.vacances-villas.com\\\/blog\\\/?s={search_term_string}\"},\"query-input\":{\"@type\":\"PropertyValueSpecification\",\"valueRequired\":true,\"valueName\":\"search_term_string\"}}],\"inLanguage\":\"fr-FR\"},{\"@type\":\"Organization\",\"@id\":\"https:\\\/\\\/www.vacances-villas.com\\\/blog\\\/#organization\",\"name\":\"Vacances Villas\",\"url\":\"https:\\\/\\\/www.vacances-villas.com\\\/blog\\\/\",\"logo\":{\"@type\":\"ImageObject\",\"inLanguage\":\"fr-FR\",\"@id\":\"https:\\\/\\\/www.vacances-villas.com\\\/blog\\\/#\\\/schema\\\/logo\\\/image\\\/\",\"url\":\"https:\\\/\\\/www.vacances-villas.com\\\/blog\\\/wp-content\\\/uploads\\\/2024\\\/07\\\/logo.png\",\"contentUrl\":\"https:\\\/\\\/www.vacances-villas.com\\\/blog\\\/wp-content\\\/uploads\\\/2024\\\/07\\\/logo.png\",\"width\":1140,\"height\":488,\"caption\":\"Vacances Villas\"},\"image\":{\"@id\":\"https:\\\/\\\/www.vacances-villas.com\\\/blog\\\/#\\\/schema\\\/logo\\\/image\\\/\"},\"sameAs\":[\"https:\\\/\\\/www.facebook.com\\\/profile.php?id=100068103702281\"]},{\"@type\":\"Person\",\"@id\":\"https:\\\/\\\/www.vacances-villas.com\\\/blog\\\/#\\\/schema\\\/person\\\/bbb0831c81e3c27edfe3425d99c758c7\",\"name\":\"vacances-villas\",\"image\":{\"@type\":\"ImageObject\",\"inLanguage\":\"fr-FR\",\"@id\":\"https:\\\/\\\/secure.gravatar.com\\\/avatar\\\/febfbdfb3d0eb2745e648590e83d2c5144bf2c7261ed976be516a2fa070c7818?s=96&d=mm&r=g\",\"url\":\"https:\\\/\\\/secure.gravatar.com\\\/avatar\\\/febfbdfb3d0eb2745e648590e83d2c5144bf2c7261ed976be516a2fa070c7818?s=96&d=mm&r=g\",\"contentUrl\":\"https:\\\/\\\/secure.gravatar.com\\\/avatar\\\/febfbdfb3d0eb2745e648590e83d2c5144bf2c7261ed976be516a2fa070c7818?s=96&d=mm&r=g\",\"caption\":\"vacances-villas\"},\"sameAs\":[\"https:\\\/\\\/www.facebook.com\\\/Agence-Atlantique-106373688301129\"],\"url\":\"https:\\\/\\\/www.vacances-villas.com\\\/blog\\\/author\\\/vacances-villas\\\/\"}]}<\/script>\n<!-- \/ Yoast SEO plugin. -->","yoast_head_json":{"title":"Les Journ\u00e9es Europ\u00e9ennes du Patrimoine \u00e0 Carnac : un voyage \u00e0 travers les \u00e2ges - Blog","robots":{"index":"index","follow":"follow","max-snippet":"max-snippet:-1","max-image-preview":"max-image-preview:large","max-video-preview":"max-video-preview:-1"},"canonical":"https:\/\/www.vacances-villas.com\/blog\/les-journees-europeennes-du-patrimoine-a-carnac-un-voyage-a-travers-les-ages\/","og_locale":"fr_FR","og_type":"article","og_title":"Les Journ\u00e9es Europ\u00e9ennes du Patrimoine \u00e0 Carnac : un voyage \u00e0 travers les \u00e2ges - Blog","og_description":"Chaque ann\u00e9e, les Journ\u00e9es Europ\u00e9ennes du Patrimoine sont l&rsquo;occasion unique de d\u00e9couvrir ou red\u00e9couvrir des tr\u00e9sors historiques souvent m\u00e9connus. \u00c0...","og_url":"https:\/\/www.vacances-villas.com\/blog\/les-journees-europeennes-du-patrimoine-a-carnac-un-voyage-a-travers-les-ages\/","og_site_name":"Blog","article_publisher":"https:\/\/www.facebook.com\/profile.php?id=100068103702281","article_author":"https:\/\/www.facebook.com\/Agence-Atlantique-106373688301129","article_published_time":"2024-09-16T09:09:00+00:00","article_modified_time":"2024-09-24T09:17:32+00:00","og_image":[{"width":1333,"height":2000,"url":"https:\/\/www.vacances-villas.com\/blog\/wp-content\/uploads\/2024\/09\/crtb-ae05825_Marta-Goikoetxea.jpg","type":"image\/jpeg"}],"author":"vacances-villas","twitter_card":"summary_large_image","twitter_misc":{"\u00c9crit par":"vacances-villas","Dur\u00e9e de lecture estim\u00e9e":"3 minutes"},"schema":{"@context":"https:\/\/schema.org","@graph":[{"@type":"Article","@id":"https:\/\/www.vacances-villas.com\/blog\/les-journees-europeennes-du-patrimoine-a-carnac-un-voyage-a-travers-les-ages\/#article","isPartOf":{"@id":"https:\/\/www.vacances-villas.com\/blog\/les-journees-europeennes-du-patrimoine-a-carnac-un-voyage-a-travers-les-ages\/"},"author":{"name":"vacances-villas","@id":"https:\/\/www.vacances-villas.com\/blog\/#\/schema\/person\/bbb0831c81e3c27edfe3425d99c758c7"},"headline":"Les Journ\u00e9es Europ\u00e9ennes du Patrimoine \u00e0 Carnac : un voyage \u00e0 travers les \u00e2ges","datePublished":"2024-09-16T09:09:00+00:00","dateModified":"2024-09-24T09:17:32+00:00","mainEntityOfPage":{"@id":"https:\/\/www.vacances-villas.com\/blog\/les-journees-europeennes-du-patrimoine-a-carnac-un-voyage-a-travers-les-ages\/"},"wordCount":608,"commentCount":0,"publisher":{"@id":"https:\/\/www.vacances-villas.com\/blog\/#organization"},"image":{"@id":"https:\/\/www.vacances-villas.com\/blog\/les-journees-europeennes-du-patrimoine-a-carnac-un-voyage-a-travers-les-ages\/#primaryimage"},"thumbnailUrl":"https:\/\/www.vacances-villas.com\/blog\/wp-content\/uploads\/2024\/09\/crtb-ae05825_Marta-Goikoetxea.jpg","articleSection":["Bouger","Carnac et ses environs","Visiter"],"inLanguage":"fr-FR","potentialAction":[{"@type":"CommentAction","name":"Comment","target":["https:\/\/www.vacances-villas.com\/blog\/les-journees-europeennes-du-patrimoine-a-carnac-un-voyage-a-travers-les-ages\/#respond"]}]},{"@type":"WebPage","@id":"https:\/\/www.vacances-villas.com\/blog\/les-journees-europeennes-du-patrimoine-a-carnac-un-voyage-a-travers-les-ages\/","url":"https:\/\/www.vacances-villas.com\/blog\/les-journees-europeennes-du-patrimoine-a-carnac-un-voyage-a-travers-les-ages\/","name":"Les Journ\u00e9es Europ\u00e9ennes du Patrimoine \u00e0 Carnac : un voyage \u00e0 travers les \u00e2ges - Blog","isPartOf":{"@id":"https:\/\/www.vacances-villas.com\/blog\/#website"},"primaryImageOfPage":{"@id":"https:\/\/www.vacances-villas.com\/blog\/les-journees-europeennes-du-patrimoine-a-carnac-un-voyage-a-travers-les-ages\/#primaryimage"},"image":{"@id":"https:\/\/www.vacances-villas.com\/blog\/les-journees-europeennes-du-patrimoine-a-carnac-un-voyage-a-travers-les-ages\/#primaryimage"},"thumbnailUrl":"https:\/\/www.vacances-villas.com\/blog\/wp-content\/uploads\/2024\/09\/crtb-ae05825_Marta-Goikoetxea.jpg","datePublished":"2024-09-16T09:09:00+00:00","dateModified":"2024-09-24T09:17:32+00:00","breadcrumb":{"@id":"https:\/\/www.vacances-villas.com\/blog\/les-journees-europeennes-du-patrimoine-a-carnac-un-voyage-a-travers-les-ages\/#breadcrumb"},"inLanguage":"fr-FR","potentialAction":[{"@type":"ReadAction","target":["https:\/\/www.vacances-villas.com\/blog\/les-journees-europeennes-du-patrimoine-a-carnac-un-voyage-a-travers-les-ages\/"]}]},{"@type":"ImageObject","inLanguage":"fr-FR","@id":"https:\/\/www.vacances-villas.com\/blog\/les-journees-europeennes-du-patrimoine-a-carnac-un-voyage-a-travers-les-ages\/#primaryimage","url":"https:\/\/www.vacances-villas.com\/blog\/wp-content\/uploads\/2024\/09\/crtb-ae05825_Marta-Goikoetxea.jpg","contentUrl":"https:\/\/www.vacances-villas.com\/blog\/wp-content\/uploads\/2024\/09\/crtb-ae05825_Marta-Goikoetxea.jpg","width":1333,"height":2000},{"@type":"BreadcrumbList","@id":"https:\/\/www.vacances-villas.com\/blog\/les-journees-europeennes-du-patrimoine-a-carnac-un-voyage-a-travers-les-ages\/#breadcrumb","itemListElement":[{"@type":"ListItem","position":1,"name":"Home","item":"https:\/\/www.vacances-villas.com\/blog\/"},{"@type":"ListItem","position":2,"name":"Les Journ\u00e9es Europ\u00e9ennes du Patrimoine \u00e0 Carnac : un voyage \u00e0 travers les \u00e2ges"}]},{"@type":"WebSite","@id":"https:\/\/www.vacances-villas.com\/blog\/#website","url":"https:\/\/www.vacances-villas.com\/blog\/","name":"Blog","description":"vacances-villas","publisher":{"@id":"https:\/\/www.vacances-villas.com\/blog\/#organization"},"potentialAction":[{"@type":"SearchAction","target":{"@type":"EntryPoint","urlTemplate":"https:\/\/www.vacances-villas.com\/blog\/?s={search_term_string}"},"query-input":{"@type":"PropertyValueSpecification","valueRequired":true,"valueName":"search_term_string"}}],"inLanguage":"fr-FR"},{"@type":"Organization","@id":"https:\/\/www.vacances-villas.com\/blog\/#organization","name":"Vacances Villas","url":"https:\/\/www.vacances-villas.com\/blog\/","logo":{"@type":"ImageObject","inLanguage":"fr-FR","@id":"https:\/\/www.vacances-villas.com\/blog\/#\/schema\/logo\/image\/","url":"https:\/\/www.vacances-villas.com\/blog\/wp-content\/uploads\/2024\/07\/logo.png","contentUrl":"https:\/\/www.vacances-villas.com\/blog\/wp-content\/uploads\/2024\/07\/logo.png","width":1140,"height":488,"caption":"Vacances Villas"},"image":{"@id":"https:\/\/www.vacances-villas.com\/blog\/#\/schema\/logo\/image\/"},"sameAs":["https:\/\/www.facebook.com\/profile.php?id=100068103702281"]},{"@type":"Person","@id":"https:\/\/www.vacances-villas.com\/blog\/#\/schema\/person\/bbb0831c81e3c27edfe3425d99c758c7","name":"vacances-villas","image":{"@type":"ImageObject","inLanguage":"fr-FR","@id":"https:\/\/secure.gravatar.com\/avatar\/febfbdfb3d0eb2745e648590e83d2c5144bf2c7261ed976be516a2fa070c7818?s=96&d=mm&r=g","url":"https:\/\/secure.gravatar.com\/avatar\/febfbdfb3d0eb2745e648590e83d2c5144bf2c7261ed976be516a2fa070c7818?s=96&d=mm&r=g","contentUrl":"https:\/\/secure.gravatar.com\/avatar\/febfbdfb3d0eb2745e648590e83d2c5144bf2c7261ed976be516a2fa070c7818?s=96&d=mm&r=g","caption":"vacances-villas"},"sameAs":["https:\/\/www.facebook.com\/Agence-Atlantique-106373688301129"],"url":"https:\/\/www.vacances-villas.com\/blog\/author\/vacances-villas\/"}]}},"_links":{"self":[{"href":"https:\/\/www.vacances-villas.com\/blog\/wp-json\/wp\/v2\/posts\/639","targetHints":{"allow":["GET"]}}],"collection":[{"href":"https:\/\/www.vacances-villas.com\/blog\/wp-json\/wp\/v2\/posts"}],"about":[{"href":"https:\/\/www.vacances-villas.com\/blog\/wp-json\/wp\/v2\/types\/post"}],"author":[{"embeddable":true,"href":"https:\/\/www.vacances-villas.com\/blog\/wp-json\/wp\/v2\/users\/2"}],"replies":[{"embeddable":true,"href":"https:\/\/www.vacances-villas.com\/blog\/wp-json\/wp\/v2\/comments?post=639"}],"version-history":[{"count":1,"href":"https:\/\/www.vacances-villas.com\/blog\/wp-json\/wp\/v2\/posts\/639\/revisions"}],"predecessor-version":[{"id":640,"href":"https:\/\/www.vacances-villas.com\/blog\/wp-json\/wp\/v2\/posts\/639\/revisions\/640"}],"wp:featuredmedia":[{"embeddable":true,"href":"https:\/\/www.vacances-villas.com\/blog\/wp-json\/wp\/v2\/media\/641"}],"wp:attachment":[{"href":"https:\/\/www.vacances-villas.com\/blog\/wp-json\/wp\/v2\/media?parent=639"}],"wp:term":[{"taxonomy":"category","embeddable":true,"href":"https:\/\/www.vacances-villas.com\/blog\/wp-json\/wp\/v2\/categories?post=639"},{"taxonomy":"post_tag","embeddable":true,"href":"https:\/\/www.vacances-villas.com\/blog\/wp-json\/wp\/v2\/tags?post=639"}],"curies":[{"name":"wp","href":"https:\/\/api.w.org\/{rel}","templated":true}]}}