{"id":645,"date":"2025-05-17T08:37:14","date_gmt":"2025-05-17T08:37:14","guid":{"rendered":"https:\/\/www.vacances-villas.com\/blog\/?p=645"},"modified":"2025-05-17T08:42:52","modified_gmt":"2025-05-17T08:42:52","slug":"semaine-du-golfe-2025-le-grand-rendez-vous-maritime-du-26-mai-au-1er-juin-dans-le-morbihan","status":"publish","type":"post","link":"https:\/\/www.vacances-villas.com\/blog\/semaine-du-golfe-2025-le-grand-rendez-vous-maritime-du-26-mai-au-1er-juin-dans-le-morbihan\/","title":{"rendered":"Semaine du Golfe 2025 : le grand rendez-vous maritime du 26 mai au 1er juin dans le Morbihan"},"content":{"rendered":"\n<p>Tous les deux ans, les eaux du <strong>Golfe du Morbihan<\/strong> deviennent le th\u00e9\u00e2tre d\u2019un \u00e9v\u00e9nement unique en Europe : la <strong>Semaine du Golfe<\/strong>. Du <strong>26 mai au 1er juin 2025<\/strong>, des centaines de bateaux traditionnels venus de toute l\u2019Europe se donnent rendez-vous pour une semaine de navigation, de festivit\u00e9s et de rencontres autour du patrimoine maritime. Un spectacle grandiose \u00e0 vivre sur l\u2019eau ou depuis les quais, en famille, entre amis ou entre passionn\u00e9s.<\/p>\n\n\n\n<h2 class=\"wp-block-heading\"><strong>Un \u00e9v\u00e9nement maritime international<\/strong><\/h2>\n\n\n\n<p>La <strong>Semaine du Golfe du Morbihan<\/strong> est avant tout un <strong>rassemblement nautique exceptionnel<\/strong>, qui attire plus de 1 000 bateaux traditionnels : voiliers anciens, canots \u00e0 vapeur, yoles, bisquines, sinagots\u2026 Ils voguent chaque jour d\u2019un port \u00e0 l\u2019autre, offrant un spectacle en mouvement.<\/p>\n\n\n\n<ul class=\"wp-block-list\"><li>17 ports et escales festives dans tout le Golfe<\/li><li>Flottes organis\u00e9es par types de bateaux et par nationalit\u00e9<\/li><li>Parades maritimes d\u2019ouverture et de cl\u00f4ture spectaculaires<\/li><\/ul>\n\n\n\n<p>Un \u00e9v\u00e9nement suivi par des visiteurs venus de toute la France et d&rsquo;Europe.<\/p>\n\n\n\n<h2 class=\"wp-block-heading\"><strong>Le programme 2025 : \u00e0 ne pas manquer<\/strong><\/h2>\n\n\n\n<p>Voici quelques temps forts annonc\u00e9s pour cette \u00e9dition 2025 :<\/p>\n\n\n\n<ul class=\"wp-block-list\"><li><strong>Lundi 26 mai<\/strong> : Accueil des flottilles et animations dans les ports<\/li><li><strong>Mercredi 28 mai<\/strong> : Parade des petits voiliers et bateaux \u00e0 faible tirant<\/li><li><strong>Vendredi 30 mai<\/strong> : Grande Parade nautique autour de l\u2019\u00cele-aux-Moines<\/li><li><strong>Samedi 31 mai<\/strong> : Soir\u00e9es festives dans les ports avec concerts et feux d\u2019artifice<\/li><li><strong>Dimanche 1er juin<\/strong> : D\u00e9part des flottilles et cl\u00f4ture des festivit\u00e9s<\/li><\/ul>\n\n\n\n<p>Chaque port-escale organise son propre programme : march\u00e9s maritimes, expositions, concerts bretons, d\u00e9gustations, animations enfants, visites de bateaux\u2026<\/p>\n\n\n\n<h2 class=\"wp-block-heading\"><strong>Les ports \u00e0 visiter pendant la Semaine<\/strong><\/h2>\n\n\n\n<p>Voici les principaux ports et communes \u00e0 ne pas manquer durant l\u2019\u00e9v\u00e9nement :<\/p>\n\n\n\n<ul class=\"wp-block-list\"><li><strong>Vannes<\/strong> : port central, tr\u00e8s anim\u00e9, grand village maritime<\/li><li><strong>Auray \u2013 Saint-Goustan<\/strong> : atmosph\u00e8re historique et musique traditionnelle<\/li><li><strong>Locmariaquer, Larmor-Baden, Arradon<\/strong> : escales plus calmes mais pittoresques<\/li><li><strong>\u00cele-aux-Moines et \u00cele d\u2019Arz<\/strong> : ambiance insulaire unique et festives<\/li><\/ul>\n\n\n\n<p><em>Conseil : pr\u00e9voir vos d\u00e9placements en fonction des mar\u00e9es et navettes fluviales.<\/em><\/p>\n\n\n\n<h2 class=\"wp-block-heading\"><strong>Infos pratiques<\/strong><\/h2>\n\n\n\n<ul class=\"wp-block-list\"><li><strong>Dates<\/strong> : du lundi 26 mai au dimanche 1er juin 2025<\/li><li><strong>Entr\u00e9e gratuite<\/strong> sur la plupart des sites, certaines animations sont payantes<\/li><li><strong>Acc\u00e8s<\/strong> : parkings relais, navettes maritimes, v\u00e9lo conseill\u00e9 dans les zones portuaires<\/li><li><strong>H\u00e9bergement<\/strong> : pensez \u00e0 r\u00e9server tr\u00e8s t\u00f4t (campings, g\u00eetes, h\u00f4tels rapidement complets)<\/li><\/ul>\n\n\n\n<p>Le programme d\u00e9taill\u00e9 : https:\/\/www.golfedumorbihan.bzh\/explorer-vannes\/activites-vannes\/agenda\/la-semaine-du-golfe-du-morbihan\/<\/p>\n\n\n\n<h2 class=\"wp-block-heading\"><strong>Pourquoi y aller ?<\/strong><\/h2>\n\n\n\n<ul class=\"wp-block-list\"><li>Pour admirer un spectacle maritime vivant et rare<\/li><li>Pour d\u00e9couvrir le patrimoine breton \u00e0 travers la voile et la f\u00eate<\/li><li>Pour vivre une semaine de rencontres, d\u2019authenticit\u00e9 et d\u2019\u00e9vasion<\/li><li>Pour profiter de la beaut\u00e9 du <strong>Golfe du Morbihan<\/strong>, class\u00e9 parmi les plus belles baies du monde<\/li><\/ul>\n\n\n\n<p>La <strong>Semaine du Golfe 2025<\/strong> promet encore une fois d\u2019\u00eatre un temps fort de la saison touristique en Bretagne. Si vous aimez la mer, les bateaux, les traditions bretonnes ou tout simplement les ambiances festives et familiales, ne manquez pas cette occasion unique de (re)d\u00e9couvrir le Morbihan sous un autre angle.<\/p>\n","protected":false},"excerpt":{"rendered":"<p>Tous les deux ans, les eaux du Golfe du Morbihan deviennent le th\u00e9\u00e2tre d\u2019un \u00e9v\u00e9nement unique en Europe : la&#8230;<\/p>\n","protected":false},"author":2,"featured_media":647,"comment_status":"open","ping_status":"closed","sticky":false,"template":"","format":"standard","meta":{"footnotes":""},"categories":[4],"tags":[],"class_list":["post-645","post","type-post","status-publish","format-standard","has-post-thumbnail","hentry","category-evenements"],"yoast_head":"<!-- This site is optimized with the Yoast SEO plugin v27.4 - https:\/\/yoast.com\/product\/yoast-seo-wordpress\/ -->\n<title>Semaine du Golfe du Morbihan Bretagne Sud - Blog<\/title>\n<meta name=\"description\" content=\"Du 26 mai au 1er juin 2025, vivez la magie de la Semaine du Golfe du Morbihan : rassemblement de vieux gr\u00e9ements, animations nautiques, f\u00eates dans les ports. Programme, infos pratiques et bons plans.\" \/>\n<meta name=\"robots\" content=\"index, follow, max-snippet:-1, max-image-preview:large, max-video-preview:-1\" \/>\n<link rel=\"canonical\" href=\"https:\/\/www.vacances-villas.com\/blog\/semaine-du-golfe-2025-le-grand-rendez-vous-maritime-du-26-mai-au-1er-juin-dans-le-morbihan\/\" \/>\n<meta property=\"og:locale\" content=\"fr_FR\" \/>\n<meta property=\"og:type\" content=\"article\" \/>\n<meta property=\"og:title\" content=\"Semaine du Golfe du Morbihan Bretagne Sud - Blog\" \/>\n<meta property=\"og:description\" content=\"Du 26 mai au 1er juin 2025, vivez la magie de la Semaine du Golfe du Morbihan : rassemblement de vieux gr\u00e9ements, animations nautiques, f\u00eates dans les ports. Programme, infos pratiques et bons plans.\" \/>\n<meta property=\"og:url\" content=\"https:\/\/www.vacances-villas.com\/blog\/semaine-du-golfe-2025-le-grand-rendez-vous-maritime-du-26-mai-au-1er-juin-dans-le-morbihan\/\" \/>\n<meta property=\"og:site_name\" content=\"Blog\" \/>\n<meta property=\"article:publisher\" content=\"https:\/\/www.facebook.com\/profile.php?id=100068103702281\" \/>\n<meta property=\"article:author\" content=\"https:\/\/www.facebook.com\/Agence-Atlantique-106373688301129\" \/>\n<meta property=\"article:published_time\" content=\"2025-05-17T08:37:14+00:00\" \/>\n<meta property=\"article:modified_time\" content=\"2025-05-17T08:42:52+00:00\" \/>\n<meta property=\"og:image\" content=\"https:\/\/www.vacances-villas.com\/blog\/wp-content\/uploads\/2025\/05\/crtb-ab8502_BERTHIER-Emmanuel.jpg\" \/>\n\t<meta property=\"og:image:width\" content=\"1000\" \/>\n\t<meta property=\"og:image:height\" content=\"665\" \/>\n\t<meta property=\"og:image:type\" content=\"image\/jpeg\" \/>\n<meta name=\"author\" content=\"vacances-villas\" \/>\n<meta name=\"twitter:card\" content=\"summary_large_image\" \/>\n<meta name=\"twitter:label1\" content=\"\u00c9crit par\" \/>\n\t<meta name=\"twitter:data1\" content=\"vacances-villas\" \/>\n\t<meta name=\"twitter:label2\" content=\"Dur\u00e9e de lecture estim\u00e9e\" \/>\n\t<meta name=\"twitter:data2\" content=\"2 minutes\" \/>\n<script type=\"application\/ld+json\" class=\"yoast-schema-graph\">{\"@context\":\"https:\\\/\\\/schema.org\",\"@graph\":[{\"@type\":\"Article\",\"@id\":\"https:\\\/\\\/www.vacances-villas.com\\\/blog\\\/semaine-du-golfe-2025-le-grand-rendez-vous-maritime-du-26-mai-au-1er-juin-dans-le-morbihan\\\/#article\",\"isPartOf\":{\"@id\":\"https:\\\/\\\/www.vacances-villas.com\\\/blog\\\/semaine-du-golfe-2025-le-grand-rendez-vous-maritime-du-26-mai-au-1er-juin-dans-le-morbihan\\\/\"},\"author\":{\"name\":\"vacances-villas\",\"@id\":\"https:\\\/\\\/www.vacances-villas.com\\\/blog\\\/#\\\/schema\\\/person\\\/bbb0831c81e3c27edfe3425d99c758c7\"},\"headline\":\"Semaine du Golfe 2025 : le grand rendez-vous maritime du 26 mai au 1er juin dans le Morbihan\",\"datePublished\":\"2025-05-17T08:37:14+00:00\",\"dateModified\":\"2025-05-17T08:42:52+00:00\",\"mainEntityOfPage\":{\"@id\":\"https:\\\/\\\/www.vacances-villas.com\\\/blog\\\/semaine-du-golfe-2025-le-grand-rendez-vous-maritime-du-26-mai-au-1er-juin-dans-le-morbihan\\\/\"},\"wordCount\":504,\"commentCount\":0,\"publisher\":{\"@id\":\"https:\\\/\\\/www.vacances-villas.com\\\/blog\\\/#organization\"},\"image\":{\"@id\":\"https:\\\/\\\/www.vacances-villas.com\\\/blog\\\/semaine-du-golfe-2025-le-grand-rendez-vous-maritime-du-26-mai-au-1er-juin-dans-le-morbihan\\\/#primaryimage\"},\"thumbnailUrl\":\"https:\\\/\\\/www.vacances-villas.com\\\/blog\\\/wp-content\\\/uploads\\\/2025\\\/05\\\/crtb-ab8502_BERTHIER-Emmanuel.jpg\",\"articleSection\":[\"Ev\u00e9nements\"],\"inLanguage\":\"fr-FR\",\"potentialAction\":[{\"@type\":\"CommentAction\",\"name\":\"Comment\",\"target\":[\"https:\\\/\\\/www.vacances-villas.com\\\/blog\\\/semaine-du-golfe-2025-le-grand-rendez-vous-maritime-du-26-mai-au-1er-juin-dans-le-morbihan\\\/#respond\"]}]},{\"@type\":\"WebPage\",\"@id\":\"https:\\\/\\\/www.vacances-villas.com\\\/blog\\\/semaine-du-golfe-2025-le-grand-rendez-vous-maritime-du-26-mai-au-1er-juin-dans-le-morbihan\\\/\",\"url\":\"https:\\\/\\\/www.vacances-villas.com\\\/blog\\\/semaine-du-golfe-2025-le-grand-rendez-vous-maritime-du-26-mai-au-1er-juin-dans-le-morbihan\\\/\",\"name\":\"Semaine du Golfe du Morbihan Bretagne Sud - Blog\",\"isPartOf\":{\"@id\":\"https:\\\/\\\/www.vacances-villas.com\\\/blog\\\/#website\"},\"primaryImageOfPage\":{\"@id\":\"https:\\\/\\\/www.vacances-villas.com\\\/blog\\\/semaine-du-golfe-2025-le-grand-rendez-vous-maritime-du-26-mai-au-1er-juin-dans-le-morbihan\\\/#primaryimage\"},\"image\":{\"@id\":\"https:\\\/\\\/www.vacances-villas.com\\\/blog\\\/semaine-du-golfe-2025-le-grand-rendez-vous-maritime-du-26-mai-au-1er-juin-dans-le-morbihan\\\/#primaryimage\"},\"thumbnailUrl\":\"https:\\\/\\\/www.vacances-villas.com\\\/blog\\\/wp-content\\\/uploads\\\/2025\\\/05\\\/crtb-ab8502_BERTHIER-Emmanuel.jpg\",\"datePublished\":\"2025-05-17T08:37:14+00:00\",\"dateModified\":\"2025-05-17T08:42:52+00:00\",\"description\":\"Du 26 mai au 1er juin 2025, vivez la magie de la Semaine du Golfe du Morbihan : rassemblement de vieux gr\u00e9ements, animations nautiques, f\u00eates dans les ports. Programme, infos pratiques et bons plans.\",\"breadcrumb\":{\"@id\":\"https:\\\/\\\/www.vacances-villas.com\\\/blog\\\/semaine-du-golfe-2025-le-grand-rendez-vous-maritime-du-26-mai-au-1er-juin-dans-le-morbihan\\\/#breadcrumb\"},\"inLanguage\":\"fr-FR\",\"potentialAction\":[{\"@type\":\"ReadAction\",\"target\":[\"https:\\\/\\\/www.vacances-villas.com\\\/blog\\\/semaine-du-golfe-2025-le-grand-rendez-vous-maritime-du-26-mai-au-1er-juin-dans-le-morbihan\\\/\"]}]},{\"@type\":\"ImageObject\",\"inLanguage\":\"fr-FR\",\"@id\":\"https:\\\/\\\/www.vacances-villas.com\\\/blog\\\/semaine-du-golfe-2025-le-grand-rendez-vous-maritime-du-26-mai-au-1er-juin-dans-le-morbihan\\\/#primaryimage\",\"url\":\"https:\\\/\\\/www.vacances-villas.com\\\/blog\\\/wp-content\\\/uploads\\\/2025\\\/05\\\/crtb-ab8502_BERTHIER-Emmanuel.jpg\",\"contentUrl\":\"https:\\\/\\\/www.vacances-villas.com\\\/blog\\\/wp-content\\\/uploads\\\/2025\\\/05\\\/crtb-ab8502_BERTHIER-Emmanuel.jpg\",\"width\":1000,\"height\":665,\"caption\":\"France, Morbihan (56) Sene, marin et voile de sinagot sur le quai de Port Anna pendant la Semaine du Golfe edition 2009, ile Boedic en arriere plan\"},{\"@type\":\"BreadcrumbList\",\"@id\":\"https:\\\/\\\/www.vacances-villas.com\\\/blog\\\/semaine-du-golfe-2025-le-grand-rendez-vous-maritime-du-26-mai-au-1er-juin-dans-le-morbihan\\\/#breadcrumb\",\"itemListElement\":[{\"@type\":\"ListItem\",\"position\":1,\"name\":\"Home\",\"item\":\"https:\\\/\\\/www.vacances-villas.com\\\/blog\\\/\"},{\"@type\":\"ListItem\",\"position\":2,\"name\":\"Semaine du Golfe 2025 : le grand rendez-vous maritime du 26 mai au 1er juin dans le Morbihan\"}]},{\"@type\":\"WebSite\",\"@id\":\"https:\\\/\\\/www.vacances-villas.com\\\/blog\\\/#website\",\"url\":\"https:\\\/\\\/www.vacances-villas.com\\\/blog\\\/\",\"name\":\"Blog\",\"description\":\"vacances-villas\",\"publisher\":{\"@id\":\"https:\\\/\\\/www.vacances-villas.com\\\/blog\\\/#organization\"},\"potentialAction\":[{\"@type\":\"SearchAction\",\"target\":{\"@type\":\"EntryPoint\",\"urlTemplate\":\"https:\\\/\\\/www.vacances-villas.com\\\/blog\\\/?s={search_term_string}\"},\"query-input\":{\"@type\":\"PropertyValueSpecification\",\"valueRequired\":true,\"valueName\":\"search_term_string\"}}],\"inLanguage\":\"fr-FR\"},{\"@type\":\"Organization\",\"@id\":\"https:\\\/\\\/www.vacances-villas.com\\\/blog\\\/#organization\",\"name\":\"Vacances Villas\",\"url\":\"https:\\\/\\\/www.vacances-villas.com\\\/blog\\\/\",\"logo\":{\"@type\":\"ImageObject\",\"inLanguage\":\"fr-FR\",\"@id\":\"https:\\\/\\\/www.vacances-villas.com\\\/blog\\\/#\\\/schema\\\/logo\\\/image\\\/\",\"url\":\"https:\\\/\\\/www.vacances-villas.com\\\/blog\\\/wp-content\\\/uploads\\\/2024\\\/07\\\/logo.png\",\"contentUrl\":\"https:\\\/\\\/www.vacances-villas.com\\\/blog\\\/wp-content\\\/uploads\\\/2024\\\/07\\\/logo.png\",\"width\":1140,\"height\":488,\"caption\":\"Vacances Villas\"},\"image\":{\"@id\":\"https:\\\/\\\/www.vacances-villas.com\\\/blog\\\/#\\\/schema\\\/logo\\\/image\\\/\"},\"sameAs\":[\"https:\\\/\\\/www.facebook.com\\\/profile.php?id=100068103702281\"]},{\"@type\":\"Person\",\"@id\":\"https:\\\/\\\/www.vacances-villas.com\\\/blog\\\/#\\\/schema\\\/person\\\/bbb0831c81e3c27edfe3425d99c758c7\",\"name\":\"vacances-villas\",\"image\":{\"@type\":\"ImageObject\",\"inLanguage\":\"fr-FR\",\"@id\":\"https:\\\/\\\/secure.gravatar.com\\\/avatar\\\/febfbdfb3d0eb2745e648590e83d2c5144bf2c7261ed976be516a2fa070c7818?s=96&d=mm&r=g\",\"url\":\"https:\\\/\\\/secure.gravatar.com\\\/avatar\\\/febfbdfb3d0eb2745e648590e83d2c5144bf2c7261ed976be516a2fa070c7818?s=96&d=mm&r=g\",\"contentUrl\":\"https:\\\/\\\/secure.gravatar.com\\\/avatar\\\/febfbdfb3d0eb2745e648590e83d2c5144bf2c7261ed976be516a2fa070c7818?s=96&d=mm&r=g\",\"caption\":\"vacances-villas\"},\"sameAs\":[\"https:\\\/\\\/www.facebook.com\\\/Agence-Atlantique-106373688301129\"],\"url\":\"https:\\\/\\\/www.vacances-villas.com\\\/blog\\\/author\\\/vacances-villas\\\/\"}]}<\/script>\n<!-- \/ Yoast SEO plugin. -->","yoast_head_json":{"title":"Semaine du Golfe du Morbihan Bretagne Sud - Blog","description":"Du 26 mai au 1er juin 2025, vivez la magie de la Semaine du Golfe du Morbihan : rassemblement de vieux gr\u00e9ements, animations nautiques, f\u00eates dans les ports. Programme, infos pratiques et bons plans.","robots":{"index":"index","follow":"follow","max-snippet":"max-snippet:-1","max-image-preview":"max-image-preview:large","max-video-preview":"max-video-preview:-1"},"canonical":"https:\/\/www.vacances-villas.com\/blog\/semaine-du-golfe-2025-le-grand-rendez-vous-maritime-du-26-mai-au-1er-juin-dans-le-morbihan\/","og_locale":"fr_FR","og_type":"article","og_title":"Semaine du Golfe du Morbihan Bretagne Sud - Blog","og_description":"Du 26 mai au 1er juin 2025, vivez la magie de la Semaine du Golfe du Morbihan : rassemblement de vieux gr\u00e9ements, animations nautiques, f\u00eates dans les ports. Programme, infos pratiques et bons plans.","og_url":"https:\/\/www.vacances-villas.com\/blog\/semaine-du-golfe-2025-le-grand-rendez-vous-maritime-du-26-mai-au-1er-juin-dans-le-morbihan\/","og_site_name":"Blog","article_publisher":"https:\/\/www.facebook.com\/profile.php?id=100068103702281","article_author":"https:\/\/www.facebook.com\/Agence-Atlantique-106373688301129","article_published_time":"2025-05-17T08:37:14+00:00","article_modified_time":"2025-05-17T08:42:52+00:00","og_image":[{"width":1000,"height":665,"url":"https:\/\/www.vacances-villas.com\/blog\/wp-content\/uploads\/2025\/05\/crtb-ab8502_BERTHIER-Emmanuel.jpg","type":"image\/jpeg"}],"author":"vacances-villas","twitter_card":"summary_large_image","twitter_misc":{"\u00c9crit par":"vacances-villas","Dur\u00e9e de lecture estim\u00e9e":"2 minutes"},"schema":{"@context":"https:\/\/schema.org","@graph":[{"@type":"Article","@id":"https:\/\/www.vacances-villas.com\/blog\/semaine-du-golfe-2025-le-grand-rendez-vous-maritime-du-26-mai-au-1er-juin-dans-le-morbihan\/#article","isPartOf":{"@id":"https:\/\/www.vacances-villas.com\/blog\/semaine-du-golfe-2025-le-grand-rendez-vous-maritime-du-26-mai-au-1er-juin-dans-le-morbihan\/"},"author":{"name":"vacances-villas","@id":"https:\/\/www.vacances-villas.com\/blog\/#\/schema\/person\/bbb0831c81e3c27edfe3425d99c758c7"},"headline":"Semaine du Golfe 2025 : le grand rendez-vous maritime du 26 mai au 1er juin dans le Morbihan","datePublished":"2025-05-17T08:37:14+00:00","dateModified":"2025-05-17T08:42:52+00:00","mainEntityOfPage":{"@id":"https:\/\/www.vacances-villas.com\/blog\/semaine-du-golfe-2025-le-grand-rendez-vous-maritime-du-26-mai-au-1er-juin-dans-le-morbihan\/"},"wordCount":504,"commentCount":0,"publisher":{"@id":"https:\/\/www.vacances-villas.com\/blog\/#organization"},"image":{"@id":"https:\/\/www.vacances-villas.com\/blog\/semaine-du-golfe-2025-le-grand-rendez-vous-maritime-du-26-mai-au-1er-juin-dans-le-morbihan\/#primaryimage"},"thumbnailUrl":"https:\/\/www.vacances-villas.com\/blog\/wp-content\/uploads\/2025\/05\/crtb-ab8502_BERTHIER-Emmanuel.jpg","articleSection":["Ev\u00e9nements"],"inLanguage":"fr-FR","potentialAction":[{"@type":"CommentAction","name":"Comment","target":["https:\/\/www.vacances-villas.com\/blog\/semaine-du-golfe-2025-le-grand-rendez-vous-maritime-du-26-mai-au-1er-juin-dans-le-morbihan\/#respond"]}]},{"@type":"WebPage","@id":"https:\/\/www.vacances-villas.com\/blog\/semaine-du-golfe-2025-le-grand-rendez-vous-maritime-du-26-mai-au-1er-juin-dans-le-morbihan\/","url":"https:\/\/www.vacances-villas.com\/blog\/semaine-du-golfe-2025-le-grand-rendez-vous-maritime-du-26-mai-au-1er-juin-dans-le-morbihan\/","name":"Semaine du Golfe du Morbihan Bretagne Sud - Blog","isPartOf":{"@id":"https:\/\/www.vacances-villas.com\/blog\/#website"},"primaryImageOfPage":{"@id":"https:\/\/www.vacances-villas.com\/blog\/semaine-du-golfe-2025-le-grand-rendez-vous-maritime-du-26-mai-au-1er-juin-dans-le-morbihan\/#primaryimage"},"image":{"@id":"https:\/\/www.vacances-villas.com\/blog\/semaine-du-golfe-2025-le-grand-rendez-vous-maritime-du-26-mai-au-1er-juin-dans-le-morbihan\/#primaryimage"},"thumbnailUrl":"https:\/\/www.vacances-villas.com\/blog\/wp-content\/uploads\/2025\/05\/crtb-ab8502_BERTHIER-Emmanuel.jpg","datePublished":"2025-05-17T08:37:14+00:00","dateModified":"2025-05-17T08:42:52+00:00","description":"Du 26 mai au 1er juin 2025, vivez la magie de la Semaine du Golfe du Morbihan : rassemblement de vieux gr\u00e9ements, animations nautiques, f\u00eates dans les ports. Programme, infos pratiques et bons plans.","breadcrumb":{"@id":"https:\/\/www.vacances-villas.com\/blog\/semaine-du-golfe-2025-le-grand-rendez-vous-maritime-du-26-mai-au-1er-juin-dans-le-morbihan\/#breadcrumb"},"inLanguage":"fr-FR","potentialAction":[{"@type":"ReadAction","target":["https:\/\/www.vacances-villas.com\/blog\/semaine-du-golfe-2025-le-grand-rendez-vous-maritime-du-26-mai-au-1er-juin-dans-le-morbihan\/"]}]},{"@type":"ImageObject","inLanguage":"fr-FR","@id":"https:\/\/www.vacances-villas.com\/blog\/semaine-du-golfe-2025-le-grand-rendez-vous-maritime-du-26-mai-au-1er-juin-dans-le-morbihan\/#primaryimage","url":"https:\/\/www.vacances-villas.com\/blog\/wp-content\/uploads\/2025\/05\/crtb-ab8502_BERTHIER-Emmanuel.jpg","contentUrl":"https:\/\/www.vacances-villas.com\/blog\/wp-content\/uploads\/2025\/05\/crtb-ab8502_BERTHIER-Emmanuel.jpg","width":1000,"height":665,"caption":"France, Morbihan (56) Sene, marin et voile de sinagot sur le quai de Port Anna pendant la Semaine du Golfe edition 2009, ile Boedic en arriere plan"},{"@type":"BreadcrumbList","@id":"https:\/\/www.vacances-villas.com\/blog\/semaine-du-golfe-2025-le-grand-rendez-vous-maritime-du-26-mai-au-1er-juin-dans-le-morbihan\/#breadcrumb","itemListElement":[{"@type":"ListItem","position":1,"name":"Home","item":"https:\/\/www.vacances-villas.com\/blog\/"},{"@type":"ListItem","position":2,"name":"Semaine du Golfe 2025 : le grand rendez-vous maritime du 26 mai au 1er juin dans le Morbihan"}]},{"@type":"WebSite","@id":"https:\/\/www.vacances-villas.com\/blog\/#website","url":"https:\/\/www.vacances-villas.com\/blog\/","name":"Blog","description":"vacances-villas","publisher":{"@id":"https:\/\/www.vacances-villas.com\/blog\/#organization"},"potentialAction":[{"@type":"SearchAction","target":{"@type":"EntryPoint","urlTemplate":"https:\/\/www.vacances-villas.com\/blog\/?s={search_term_string}"},"query-input":{"@type":"PropertyValueSpecification","valueRequired":true,"valueName":"search_term_string"}}],"inLanguage":"fr-FR"},{"@type":"Organization","@id":"https:\/\/www.vacances-villas.com\/blog\/#organization","name":"Vacances Villas","url":"https:\/\/www.vacances-villas.com\/blog\/","logo":{"@type":"ImageObject","inLanguage":"fr-FR","@id":"https:\/\/www.vacances-villas.com\/blog\/#\/schema\/logo\/image\/","url":"https:\/\/www.vacances-villas.com\/blog\/wp-content\/uploads\/2024\/07\/logo.png","contentUrl":"https:\/\/www.vacances-villas.com\/blog\/wp-content\/uploads\/2024\/07\/logo.png","width":1140,"height":488,"caption":"Vacances Villas"},"image":{"@id":"https:\/\/www.vacances-villas.com\/blog\/#\/schema\/logo\/image\/"},"sameAs":["https:\/\/www.facebook.com\/profile.php?id=100068103702281"]},{"@type":"Person","@id":"https:\/\/www.vacances-villas.com\/blog\/#\/schema\/person\/bbb0831c81e3c27edfe3425d99c758c7","name":"vacances-villas","image":{"@type":"ImageObject","inLanguage":"fr-FR","@id":"https:\/\/secure.gravatar.com\/avatar\/febfbdfb3d0eb2745e648590e83d2c5144bf2c7261ed976be516a2fa070c7818?s=96&d=mm&r=g","url":"https:\/\/secure.gravatar.com\/avatar\/febfbdfb3d0eb2745e648590e83d2c5144bf2c7261ed976be516a2fa070c7818?s=96&d=mm&r=g","contentUrl":"https:\/\/secure.gravatar.com\/avatar\/febfbdfb3d0eb2745e648590e83d2c5144bf2c7261ed976be516a2fa070c7818?s=96&d=mm&r=g","caption":"vacances-villas"},"sameAs":["https:\/\/www.facebook.com\/Agence-Atlantique-106373688301129"],"url":"https:\/\/www.vacances-villas.com\/blog\/author\/vacances-villas\/"}]}},"_links":{"self":[{"href":"https:\/\/www.vacances-villas.com\/blog\/wp-json\/wp\/v2\/posts\/645","targetHints":{"allow":["GET"]}}],"collection":[{"href":"https:\/\/www.vacances-villas.com\/blog\/wp-json\/wp\/v2\/posts"}],"about":[{"href":"https:\/\/www.vacances-villas.com\/blog\/wp-json\/wp\/v2\/types\/post"}],"author":[{"embeddable":true,"href":"https:\/\/www.vacances-villas.com\/blog\/wp-json\/wp\/v2\/users\/2"}],"replies":[{"embeddable":true,"href":"https:\/\/www.vacances-villas.com\/blog\/wp-json\/wp\/v2\/comments?post=645"}],"version-history":[{"count":1,"href":"https:\/\/www.vacances-villas.com\/blog\/wp-json\/wp\/v2\/posts\/645\/revisions"}],"predecessor-version":[{"id":646,"href":"https:\/\/www.vacances-villas.com\/blog\/wp-json\/wp\/v2\/posts\/645\/revisions\/646"}],"wp:featuredmedia":[{"embeddable":true,"href":"https:\/\/www.vacances-villas.com\/blog\/wp-json\/wp\/v2\/media\/647"}],"wp:attachment":[{"href":"https:\/\/www.vacances-villas.com\/blog\/wp-json\/wp\/v2\/media?parent=645"}],"wp:term":[{"taxonomy":"category","embeddable":true,"href":"https:\/\/www.vacances-villas.com\/blog\/wp-json\/wp\/v2\/categories?post=645"},{"taxonomy":"post_tag","embeddable":true,"href":"https:\/\/www.vacances-villas.com\/blog\/wp-json\/wp\/v2\/tags?post=645"}],"curies":[{"name":"wp","href":"https:\/\/api.w.org\/{rel}","templated":true}]}}