{"id":650,"date":"2025-05-23T12:08:01","date_gmt":"2025-05-23T12:08:01","guid":{"rendered":"https:\/\/www.vacances-villas.com\/blog\/?p=650"},"modified":"2025-06-10T13:44:08","modified_gmt":"2025-06-10T13:44:08","slug":"l-ultra-marin-de-vannes-2025-le-grand-raid-du-golfe-a-ne-pas-manquer","status":"publish","type":"post","link":"https:\/\/www.vacances-villas.com\/blog\/l-ultra-marin-de-vannes-2025-le-grand-raid-du-golfe-a-ne-pas-manquer\/","title":{"rendered":"L\u2019Ultra Marin de Vannes 2025 : le Grand Raid du Golfe \u00e0 ne pas manquer !"},"content":{"rendered":"\n<p>Chaque ann\u00e9e en juin, <strong><a href=\"https:\/\/www.mairie-vannes.fr\/\" target=\"_blank\" rel=\"noreferrer noopener\">Vannes<\/a><\/strong> devient le point de d\u00e9part d\u2019un \u00e9v\u00e9nement sportif hors norme : <strong><a href=\"https:\/\/www.ultra-marin.fr\/\" target=\"_blank\" rel=\"noreferrer noopener\">l\u2019Ultra Marin<\/a><\/strong>, un ultra-trail embl\u00e9matique qui fait le tour du <strong><a href=\"https:\/\/www.golfedumorbihan.bzh\/\" target=\"_blank\" rel=\"noreferrer noopener\">Golfe du Morbihan<\/a><\/strong>. Avec ses parcours exigeants, ses paysages somptueux et son ambiance conviviale, il attire des milliers de coureurs venus de toute la France (et bien au-del\u00e0). L\u2019\u00e9dition 2025 promet encore une fois d\u2019\u00eatre <strong>spectaculaire et intense<\/strong>.<\/p>\n\n\n\n<h2 class=\"wp-block-heading\"><strong>Qu\u2019est-ce que l\u2019Ultra Marin ?<\/strong><\/h2>\n\n\n\n<p>L\u2019Ultra Marin est un <strong>\u00e9v\u00e9nement sportif de trail running<\/strong> organis\u00e9 depuis 2005 autour du Golfe du Morbihan. Son \u00e9preuve phare : le <strong><a href=\"https:\/\/www.ultra-marin.fr\/grand-raid-ultramarin\" target=\"_blank\" rel=\"noreferrer noopener\">Grand Raid de 175 km<\/a><\/strong>, un d\u00e9fi physique et mental qui longe l\u2019un des plus beaux littoraux d\u2019Europe.<\/p>\n\n\n\n<p>Mais il propose aussi plusieurs distances accessibles \u00e0 tous :<\/p>\n\n\n\n<ul class=\"wp-block-list\"><li><strong>Grand Raid (175 km)<\/strong> \u2013 solo ou relais<\/li><li><strong>Raid (100 km)<\/strong> \u2013 d\u00e9part de Saint-Gildas-de-Rhuys<\/li><li><strong>Le R\u00e9veil des Ducs (70 km) <\/strong>&#8211; d\u00e9part du Ch\u00e2teau de Suscinio, Sarzeau<\/li><li><strong>L\u2019Arvor (58 km)<\/strong> \u2013 d\u00e9part d\u2019Auray<\/li><li><strong>La Ronde des Douaniers (34 km) <\/strong>&#8211; d\u00e9part de Port Blanc, Baden<\/li><li><strong>La V\u00e9n\u00e8te (29 km)<\/strong> \u2013 marche nordique, d\u00e9part de S\u00e9n\u00e9<\/li><li><strong>Course des P\u2019tits marins et animations<\/strong><\/li><\/ul>\n\n\n\n<p>Tous les parcours empruntent les sentiers c\u00f4tiers, avec vue imprenable sur le Golfe, ses \u00eeles et ses villages.<\/p>\n\n\n\n<h2 class=\"wp-block-heading\"><strong>Dates de l\u2019\u00e9dition 2025<\/strong><\/h2>\n\n\n\n<p><strong>Du jeudi 26 au dimanche 29 juin 2025<\/strong><\/p>\n\n\n\n<ul class=\"wp-block-list\"><li><strong>Jeudi 26 juin<\/strong> : ouverture du village, animations, accueil des participants<\/li><li><strong>Vendredi 27 juin<\/strong> : d\u00e9part du Grand Raid (Vannes, 19h)<\/li><li><strong>Samedi 28 juin<\/strong> : d\u00e9parts des autres courses (58 km, 29 km&#8230;)<\/li><li><strong>Dimanche 29 juin<\/strong> : arriv\u00e9es, remise des prix, cl\u00f4ture<\/li><\/ul>\n\n\n\n<p>Le village de l\u2019Ultra Marin \u00e0 Vannes accueille stands, exposants, restauration, musique et animations.<\/p>\n\n\n\n<h2 class=\"wp-block-heading\"><strong>Un parcours exceptionnel autour du Golfe<\/strong><\/h2>\n\n\n\n<p>Ce qui rend l\u2019Ultra Marin si unique, c\u2019est son <strong>cadre naturel hors du commun<\/strong> :<\/p>\n\n\n\n<ul class=\"wp-block-list\"><li>Sentiers c\u00f4tiers entre terre, mer, plages et for\u00eats<\/li><li>Travers\u00e9e ou contournement des \u00eeles embl\u00e9matiques (\u00cele-aux-Moines, Arz)<\/li><li>Passage par des ports charmants comme <strong>Auray, Le Bono, Arradon, S\u00e9n\u00e9<\/strong><\/li><li>Arriv\u00e9e mythique sur le port de Vannes, en plein c\u0153ur historique<\/li><\/ul>\n\n\n\n<p>Les couchers et levers de soleil sur le golfe ajoutent \u00e0 la magie du parcours.<\/p>\n\n\n\n<h2 class=\"wp-block-heading\"><strong>Infos pratiques &amp; conseils<\/strong><\/h2>\n\n\n\n<h3 class=\"wp-block-heading\"><strong>H\u00e9bergement<\/strong><\/h3>\n\n\n\n<ul class=\"wp-block-list\"><li>R\u00e9servez tr\u00e8s t\u00f4t \u00e0 Vannes ou alentours (Auray, S\u00e9n\u00e9, Arradon\u2026)<\/li><li>Camping, h\u00f4tels, g\u00eetes : toutes les options sont possibles<\/li><\/ul>\n\n\n\n<h3 class=\"wp-block-heading\"><strong>Pour les accompagnants<\/strong><\/h3>\n\n\n\n<ul class=\"wp-block-list\"><li>Nombreux points de passage accessibles pour encourager<\/li><li>Bateaux, navettes et plans disponibles sur le site officiel<\/li><li>Ambiance festive et musicale dans les villes-\u00e9tapes<\/li><\/ul>\n\n\n\n<h2 class=\"wp-block-heading\"><strong>Pourquoi participer (ou assister) ?<\/strong><\/h2>\n\n\n\n<ul class=\"wp-block-list\"><li>Pour relever un d\u00e9fi sportif unique, dans un cadre naturel sublime<\/li><li>Pour d\u00e9couvrir le patrimoine breton autrement<\/li><li>Pour l\u2019ambiance chaleureuse entre b\u00e9n\u00e9voles, coureurs et spectateurs<\/li><li>Pour vivre une aventure humaine et collective inoubliable<\/li><\/ul>\n\n\n\n<p>C\u2019est un trail exigeant, mais aussi un \u00e9v\u00e9nement <strong>familial et ouvert \u00e0 tous<\/strong>, avec des formats accessibles et des animations pour petits et grands.<\/p>\n\n\n\n<p>L\u2019<strong><a href=\"https:\/\/www.ultra-marin.fr\/\" target=\"_blank\" rel=\"noreferrer noopener\">Ultra Marin du Golfe du Morbihan<\/a><\/strong> est bien plus qu\u2019une course : c\u2019est un <strong>\u00e9v\u00e9nement sportif, festif et humain<\/strong>, ancr\u00e9 dans l\u2019identit\u00e9 bretonne. Que vous soyez coureur, marcheur, spectateur ou simple curieux, cette aventure m\u00e9rite d\u2019\u00eatre v\u00e9cue au moins une fois.<\/p>\n","protected":false},"excerpt":{"rendered":"<p>Chaque ann\u00e9e en juin, Vannes devient le point de d\u00e9part d\u2019un \u00e9v\u00e9nement sportif hors norme : l\u2019Ultra Marin, un ultra-trail&#8230;<\/p>\n","protected":false},"author":2,"featured_media":651,"comment_status":"open","ping_status":"closed","sticky":false,"template":"","format":"standard","meta":{"footnotes":""},"categories":[4],"tags":[],"class_list":["post-650","post","type-post","status-publish","format-standard","has-post-thumbnail","hentry","category-evenements"],"yoast_head":"<!-- This site is optimized with the Yoast SEO plugin v27.4 - https:\/\/yoast.com\/product\/yoast-seo-wordpress\/ -->\n<title>L\u2019Ultra Marin de Vannes 2025 : le Grand Raid du Golfe \u00e0 ne pas manquer !<\/title>\n<meta name=\"description\" content=\"L\u2019Ultra Marin du Golfe du Morbihan revient en juin 2025 \u00e0 Vannes. Infos pratiques, distances, conseils et raisons de participer ou d\u2019encourager les coureurs dans ce trail mythique en Bretagne.\" \/>\n<meta name=\"robots\" content=\"index, follow, max-snippet:-1, max-image-preview:large, max-video-preview:-1\" \/>\n<link rel=\"canonical\" href=\"https:\/\/www.vacances-villas.com\/blog\/l-ultra-marin-de-vannes-2025-le-grand-raid-du-golfe-a-ne-pas-manquer\/\" \/>\n<meta property=\"og:locale\" content=\"fr_FR\" \/>\n<meta property=\"og:type\" content=\"article\" \/>\n<meta property=\"og:title\" content=\"L\u2019Ultra Marin de Vannes 2025 : le Grand Raid du Golfe \u00e0 ne pas manquer !\" \/>\n<meta property=\"og:description\" content=\"L\u2019Ultra Marin du Golfe du Morbihan revient en juin 2025 \u00e0 Vannes. Infos pratiques, distances, conseils et raisons de participer ou d\u2019encourager les coureurs dans ce trail mythique en Bretagne.\" \/>\n<meta property=\"og:url\" content=\"https:\/\/www.vacances-villas.com\/blog\/l-ultra-marin-de-vannes-2025-le-grand-raid-du-golfe-a-ne-pas-manquer\/\" \/>\n<meta property=\"og:site_name\" content=\"Blog\" \/>\n<meta property=\"article:publisher\" content=\"https:\/\/www.facebook.com\/profile.php?id=100068103702281\" \/>\n<meta property=\"article:author\" content=\"https:\/\/www.facebook.com\/Agence-Atlantique-106373688301129\" \/>\n<meta property=\"article:published_time\" content=\"2025-05-23T12:08:01+00:00\" \/>\n<meta property=\"article:modified_time\" content=\"2025-06-10T13:44:08+00:00\" \/>\n<meta property=\"og:image\" content=\"https:\/\/www.vacances-villas.com\/blog\/wp-content\/uploads\/2025\/06\/trail-run-6006626_1920.jpg\" \/>\n\t<meta property=\"og:image:width\" content=\"1283\" \/>\n\t<meta property=\"og:image:height\" content=\"1920\" \/>\n\t<meta property=\"og:image:type\" content=\"image\/jpeg\" \/>\n<meta name=\"author\" content=\"vacances-villas\" \/>\n<meta name=\"twitter:card\" content=\"summary_large_image\" \/>\n<meta name=\"twitter:label1\" content=\"\u00c9crit par\" \/>\n\t<meta name=\"twitter:data1\" content=\"vacances-villas\" \/>\n\t<meta name=\"twitter:label2\" content=\"Dur\u00e9e de lecture estim\u00e9e\" \/>\n\t<meta name=\"twitter:data2\" content=\"3 minutes\" \/>\n<script type=\"application\/ld+json\" class=\"yoast-schema-graph\">{\"@context\":\"https:\\\/\\\/schema.org\",\"@graph\":[{\"@type\":\"Article\",\"@id\":\"https:\\\/\\\/www.vacances-villas.com\\\/blog\\\/l-ultra-marin-de-vannes-2025-le-grand-raid-du-golfe-a-ne-pas-manquer\\\/#article\",\"isPartOf\":{\"@id\":\"https:\\\/\\\/www.vacances-villas.com\\\/blog\\\/l-ultra-marin-de-vannes-2025-le-grand-raid-du-golfe-a-ne-pas-manquer\\\/\"},\"author\":{\"name\":\"vacances-villas\",\"@id\":\"https:\\\/\\\/www.vacances-villas.com\\\/blog\\\/#\\\/schema\\\/person\\\/bbb0831c81e3c27edfe3425d99c758c7\"},\"headline\":\"L\u2019Ultra Marin de Vannes 2025 : le Grand Raid du Golfe \u00e0 ne pas manquer !\",\"datePublished\":\"2025-05-23T12:08:01+00:00\",\"dateModified\":\"2025-06-10T13:44:08+00:00\",\"mainEntityOfPage\":{\"@id\":\"https:\\\/\\\/www.vacances-villas.com\\\/blog\\\/l-ultra-marin-de-vannes-2025-le-grand-raid-du-golfe-a-ne-pas-manquer\\\/\"},\"wordCount\":534,\"commentCount\":0,\"publisher\":{\"@id\":\"https:\\\/\\\/www.vacances-villas.com\\\/blog\\\/#organization\"},\"image\":{\"@id\":\"https:\\\/\\\/www.vacances-villas.com\\\/blog\\\/l-ultra-marin-de-vannes-2025-le-grand-raid-du-golfe-a-ne-pas-manquer\\\/#primaryimage\"},\"thumbnailUrl\":\"https:\\\/\\\/www.vacances-villas.com\\\/blog\\\/wp-content\\\/uploads\\\/2025\\\/06\\\/trail-run-6006626_1920.jpg\",\"articleSection\":[\"Ev\u00e9nements\"],\"inLanguage\":\"fr-FR\",\"potentialAction\":[{\"@type\":\"CommentAction\",\"name\":\"Comment\",\"target\":[\"https:\\\/\\\/www.vacances-villas.com\\\/blog\\\/l-ultra-marin-de-vannes-2025-le-grand-raid-du-golfe-a-ne-pas-manquer\\\/#respond\"]}]},{\"@type\":\"WebPage\",\"@id\":\"https:\\\/\\\/www.vacances-villas.com\\\/blog\\\/l-ultra-marin-de-vannes-2025-le-grand-raid-du-golfe-a-ne-pas-manquer\\\/\",\"url\":\"https:\\\/\\\/www.vacances-villas.com\\\/blog\\\/l-ultra-marin-de-vannes-2025-le-grand-raid-du-golfe-a-ne-pas-manquer\\\/\",\"name\":\"L\u2019Ultra Marin de Vannes 2025 : le Grand Raid du Golfe \u00e0 ne pas manquer !\",\"isPartOf\":{\"@id\":\"https:\\\/\\\/www.vacances-villas.com\\\/blog\\\/#website\"},\"primaryImageOfPage\":{\"@id\":\"https:\\\/\\\/www.vacances-villas.com\\\/blog\\\/l-ultra-marin-de-vannes-2025-le-grand-raid-du-golfe-a-ne-pas-manquer\\\/#primaryimage\"},\"image\":{\"@id\":\"https:\\\/\\\/www.vacances-villas.com\\\/blog\\\/l-ultra-marin-de-vannes-2025-le-grand-raid-du-golfe-a-ne-pas-manquer\\\/#primaryimage\"},\"thumbnailUrl\":\"https:\\\/\\\/www.vacances-villas.com\\\/blog\\\/wp-content\\\/uploads\\\/2025\\\/06\\\/trail-run-6006626_1920.jpg\",\"datePublished\":\"2025-05-23T12:08:01+00:00\",\"dateModified\":\"2025-06-10T13:44:08+00:00\",\"description\":\"L\u2019Ultra Marin du Golfe du Morbihan revient en juin 2025 \u00e0 Vannes. Infos pratiques, distances, conseils et raisons de participer ou d\u2019encourager les coureurs dans ce trail mythique en Bretagne.\",\"breadcrumb\":{\"@id\":\"https:\\\/\\\/www.vacances-villas.com\\\/blog\\\/l-ultra-marin-de-vannes-2025-le-grand-raid-du-golfe-a-ne-pas-manquer\\\/#breadcrumb\"},\"inLanguage\":\"fr-FR\",\"potentialAction\":[{\"@type\":\"ReadAction\",\"target\":[\"https:\\\/\\\/www.vacances-villas.com\\\/blog\\\/l-ultra-marin-de-vannes-2025-le-grand-raid-du-golfe-a-ne-pas-manquer\\\/\"]}]},{\"@type\":\"ImageObject\",\"inLanguage\":\"fr-FR\",\"@id\":\"https:\\\/\\\/www.vacances-villas.com\\\/blog\\\/l-ultra-marin-de-vannes-2025-le-grand-raid-du-golfe-a-ne-pas-manquer\\\/#primaryimage\",\"url\":\"https:\\\/\\\/www.vacances-villas.com\\\/blog\\\/wp-content\\\/uploads\\\/2025\\\/06\\\/trail-run-6006626_1920.jpg\",\"contentUrl\":\"https:\\\/\\\/www.vacances-villas.com\\\/blog\\\/wp-content\\\/uploads\\\/2025\\\/06\\\/trail-run-6006626_1920.jpg\",\"width\":1283,\"height\":1920},{\"@type\":\"BreadcrumbList\",\"@id\":\"https:\\\/\\\/www.vacances-villas.com\\\/blog\\\/l-ultra-marin-de-vannes-2025-le-grand-raid-du-golfe-a-ne-pas-manquer\\\/#breadcrumb\",\"itemListElement\":[{\"@type\":\"ListItem\",\"position\":1,\"name\":\"Home\",\"item\":\"https:\\\/\\\/www.vacances-villas.com\\\/blog\\\/\"},{\"@type\":\"ListItem\",\"position\":2,\"name\":\"L\u2019Ultra Marin de Vannes 2025 : le Grand Raid du Golfe \u00e0 ne pas manquer !\"}]},{\"@type\":\"WebSite\",\"@id\":\"https:\\\/\\\/www.vacances-villas.com\\\/blog\\\/#website\",\"url\":\"https:\\\/\\\/www.vacances-villas.com\\\/blog\\\/\",\"name\":\"Blog\",\"description\":\"vacances-villas\",\"publisher\":{\"@id\":\"https:\\\/\\\/www.vacances-villas.com\\\/blog\\\/#organization\"},\"potentialAction\":[{\"@type\":\"SearchAction\",\"target\":{\"@type\":\"EntryPoint\",\"urlTemplate\":\"https:\\\/\\\/www.vacances-villas.com\\\/blog\\\/?s={search_term_string}\"},\"query-input\":{\"@type\":\"PropertyValueSpecification\",\"valueRequired\":true,\"valueName\":\"search_term_string\"}}],\"inLanguage\":\"fr-FR\"},{\"@type\":\"Organization\",\"@id\":\"https:\\\/\\\/www.vacances-villas.com\\\/blog\\\/#organization\",\"name\":\"Vacances Villas\",\"url\":\"https:\\\/\\\/www.vacances-villas.com\\\/blog\\\/\",\"logo\":{\"@type\":\"ImageObject\",\"inLanguage\":\"fr-FR\",\"@id\":\"https:\\\/\\\/www.vacances-villas.com\\\/blog\\\/#\\\/schema\\\/logo\\\/image\\\/\",\"url\":\"https:\\\/\\\/www.vacances-villas.com\\\/blog\\\/wp-content\\\/uploads\\\/2024\\\/07\\\/logo.png\",\"contentUrl\":\"https:\\\/\\\/www.vacances-villas.com\\\/blog\\\/wp-content\\\/uploads\\\/2024\\\/07\\\/logo.png\",\"width\":1140,\"height\":488,\"caption\":\"Vacances Villas\"},\"image\":{\"@id\":\"https:\\\/\\\/www.vacances-villas.com\\\/blog\\\/#\\\/schema\\\/logo\\\/image\\\/\"},\"sameAs\":[\"https:\\\/\\\/www.facebook.com\\\/profile.php?id=100068103702281\"]},{\"@type\":\"Person\",\"@id\":\"https:\\\/\\\/www.vacances-villas.com\\\/blog\\\/#\\\/schema\\\/person\\\/bbb0831c81e3c27edfe3425d99c758c7\",\"name\":\"vacances-villas\",\"image\":{\"@type\":\"ImageObject\",\"inLanguage\":\"fr-FR\",\"@id\":\"https:\\\/\\\/secure.gravatar.com\\\/avatar\\\/febfbdfb3d0eb2745e648590e83d2c5144bf2c7261ed976be516a2fa070c7818?s=96&d=mm&r=g\",\"url\":\"https:\\\/\\\/secure.gravatar.com\\\/avatar\\\/febfbdfb3d0eb2745e648590e83d2c5144bf2c7261ed976be516a2fa070c7818?s=96&d=mm&r=g\",\"contentUrl\":\"https:\\\/\\\/secure.gravatar.com\\\/avatar\\\/febfbdfb3d0eb2745e648590e83d2c5144bf2c7261ed976be516a2fa070c7818?s=96&d=mm&r=g\",\"caption\":\"vacances-villas\"},\"sameAs\":[\"https:\\\/\\\/www.facebook.com\\\/Agence-Atlantique-106373688301129\"],\"url\":\"https:\\\/\\\/www.vacances-villas.com\\\/blog\\\/author\\\/vacances-villas\\\/\"}]}<\/script>\n<!-- \/ Yoast SEO plugin. -->","yoast_head_json":{"title":"L\u2019Ultra Marin de Vannes 2025 : le Grand Raid du Golfe \u00e0 ne pas manquer !","description":"L\u2019Ultra Marin du Golfe du Morbihan revient en juin 2025 \u00e0 Vannes. Infos pratiques, distances, conseils et raisons de participer ou d\u2019encourager les coureurs dans ce trail mythique en Bretagne.","robots":{"index":"index","follow":"follow","max-snippet":"max-snippet:-1","max-image-preview":"max-image-preview:large","max-video-preview":"max-video-preview:-1"},"canonical":"https:\/\/www.vacances-villas.com\/blog\/l-ultra-marin-de-vannes-2025-le-grand-raid-du-golfe-a-ne-pas-manquer\/","og_locale":"fr_FR","og_type":"article","og_title":"L\u2019Ultra Marin de Vannes 2025 : le Grand Raid du Golfe \u00e0 ne pas manquer !","og_description":"L\u2019Ultra Marin du Golfe du Morbihan revient en juin 2025 \u00e0 Vannes. Infos pratiques, distances, conseils et raisons de participer ou d\u2019encourager les coureurs dans ce trail mythique en Bretagne.","og_url":"https:\/\/www.vacances-villas.com\/blog\/l-ultra-marin-de-vannes-2025-le-grand-raid-du-golfe-a-ne-pas-manquer\/","og_site_name":"Blog","article_publisher":"https:\/\/www.facebook.com\/profile.php?id=100068103702281","article_author":"https:\/\/www.facebook.com\/Agence-Atlantique-106373688301129","article_published_time":"2025-05-23T12:08:01+00:00","article_modified_time":"2025-06-10T13:44:08+00:00","og_image":[{"width":1283,"height":1920,"url":"https:\/\/www.vacances-villas.com\/blog\/wp-content\/uploads\/2025\/06\/trail-run-6006626_1920.jpg","type":"image\/jpeg"}],"author":"vacances-villas","twitter_card":"summary_large_image","twitter_misc":{"\u00c9crit par":"vacances-villas","Dur\u00e9e de lecture estim\u00e9e":"3 minutes"},"schema":{"@context":"https:\/\/schema.org","@graph":[{"@type":"Article","@id":"https:\/\/www.vacances-villas.com\/blog\/l-ultra-marin-de-vannes-2025-le-grand-raid-du-golfe-a-ne-pas-manquer\/#article","isPartOf":{"@id":"https:\/\/www.vacances-villas.com\/blog\/l-ultra-marin-de-vannes-2025-le-grand-raid-du-golfe-a-ne-pas-manquer\/"},"author":{"name":"vacances-villas","@id":"https:\/\/www.vacances-villas.com\/blog\/#\/schema\/person\/bbb0831c81e3c27edfe3425d99c758c7"},"headline":"L\u2019Ultra Marin de Vannes 2025 : le Grand Raid du Golfe \u00e0 ne pas manquer !","datePublished":"2025-05-23T12:08:01+00:00","dateModified":"2025-06-10T13:44:08+00:00","mainEntityOfPage":{"@id":"https:\/\/www.vacances-villas.com\/blog\/l-ultra-marin-de-vannes-2025-le-grand-raid-du-golfe-a-ne-pas-manquer\/"},"wordCount":534,"commentCount":0,"publisher":{"@id":"https:\/\/www.vacances-villas.com\/blog\/#organization"},"image":{"@id":"https:\/\/www.vacances-villas.com\/blog\/l-ultra-marin-de-vannes-2025-le-grand-raid-du-golfe-a-ne-pas-manquer\/#primaryimage"},"thumbnailUrl":"https:\/\/www.vacances-villas.com\/blog\/wp-content\/uploads\/2025\/06\/trail-run-6006626_1920.jpg","articleSection":["Ev\u00e9nements"],"inLanguage":"fr-FR","potentialAction":[{"@type":"CommentAction","name":"Comment","target":["https:\/\/www.vacances-villas.com\/blog\/l-ultra-marin-de-vannes-2025-le-grand-raid-du-golfe-a-ne-pas-manquer\/#respond"]}]},{"@type":"WebPage","@id":"https:\/\/www.vacances-villas.com\/blog\/l-ultra-marin-de-vannes-2025-le-grand-raid-du-golfe-a-ne-pas-manquer\/","url":"https:\/\/www.vacances-villas.com\/blog\/l-ultra-marin-de-vannes-2025-le-grand-raid-du-golfe-a-ne-pas-manquer\/","name":"L\u2019Ultra Marin de Vannes 2025 : le Grand Raid du Golfe \u00e0 ne pas manquer !","isPartOf":{"@id":"https:\/\/www.vacances-villas.com\/blog\/#website"},"primaryImageOfPage":{"@id":"https:\/\/www.vacances-villas.com\/blog\/l-ultra-marin-de-vannes-2025-le-grand-raid-du-golfe-a-ne-pas-manquer\/#primaryimage"},"image":{"@id":"https:\/\/www.vacances-villas.com\/blog\/l-ultra-marin-de-vannes-2025-le-grand-raid-du-golfe-a-ne-pas-manquer\/#primaryimage"},"thumbnailUrl":"https:\/\/www.vacances-villas.com\/blog\/wp-content\/uploads\/2025\/06\/trail-run-6006626_1920.jpg","datePublished":"2025-05-23T12:08:01+00:00","dateModified":"2025-06-10T13:44:08+00:00","description":"L\u2019Ultra Marin du Golfe du Morbihan revient en juin 2025 \u00e0 Vannes. Infos pratiques, distances, conseils et raisons de participer ou d\u2019encourager les coureurs dans ce trail mythique en Bretagne.","breadcrumb":{"@id":"https:\/\/www.vacances-villas.com\/blog\/l-ultra-marin-de-vannes-2025-le-grand-raid-du-golfe-a-ne-pas-manquer\/#breadcrumb"},"inLanguage":"fr-FR","potentialAction":[{"@type":"ReadAction","target":["https:\/\/www.vacances-villas.com\/blog\/l-ultra-marin-de-vannes-2025-le-grand-raid-du-golfe-a-ne-pas-manquer\/"]}]},{"@type":"ImageObject","inLanguage":"fr-FR","@id":"https:\/\/www.vacances-villas.com\/blog\/l-ultra-marin-de-vannes-2025-le-grand-raid-du-golfe-a-ne-pas-manquer\/#primaryimage","url":"https:\/\/www.vacances-villas.com\/blog\/wp-content\/uploads\/2025\/06\/trail-run-6006626_1920.jpg","contentUrl":"https:\/\/www.vacances-villas.com\/blog\/wp-content\/uploads\/2025\/06\/trail-run-6006626_1920.jpg","width":1283,"height":1920},{"@type":"BreadcrumbList","@id":"https:\/\/www.vacances-villas.com\/blog\/l-ultra-marin-de-vannes-2025-le-grand-raid-du-golfe-a-ne-pas-manquer\/#breadcrumb","itemListElement":[{"@type":"ListItem","position":1,"name":"Home","item":"https:\/\/www.vacances-villas.com\/blog\/"},{"@type":"ListItem","position":2,"name":"L\u2019Ultra Marin de Vannes 2025 : le Grand Raid du Golfe \u00e0 ne pas manquer !"}]},{"@type":"WebSite","@id":"https:\/\/www.vacances-villas.com\/blog\/#website","url":"https:\/\/www.vacances-villas.com\/blog\/","name":"Blog","description":"vacances-villas","publisher":{"@id":"https:\/\/www.vacances-villas.com\/blog\/#organization"},"potentialAction":[{"@type":"SearchAction","target":{"@type":"EntryPoint","urlTemplate":"https:\/\/www.vacances-villas.com\/blog\/?s={search_term_string}"},"query-input":{"@type":"PropertyValueSpecification","valueRequired":true,"valueName":"search_term_string"}}],"inLanguage":"fr-FR"},{"@type":"Organization","@id":"https:\/\/www.vacances-villas.com\/blog\/#organization","name":"Vacances Villas","url":"https:\/\/www.vacances-villas.com\/blog\/","logo":{"@type":"ImageObject","inLanguage":"fr-FR","@id":"https:\/\/www.vacances-villas.com\/blog\/#\/schema\/logo\/image\/","url":"https:\/\/www.vacances-villas.com\/blog\/wp-content\/uploads\/2024\/07\/logo.png","contentUrl":"https:\/\/www.vacances-villas.com\/blog\/wp-content\/uploads\/2024\/07\/logo.png","width":1140,"height":488,"caption":"Vacances Villas"},"image":{"@id":"https:\/\/www.vacances-villas.com\/blog\/#\/schema\/logo\/image\/"},"sameAs":["https:\/\/www.facebook.com\/profile.php?id=100068103702281"]},{"@type":"Person","@id":"https:\/\/www.vacances-villas.com\/blog\/#\/schema\/person\/bbb0831c81e3c27edfe3425d99c758c7","name":"vacances-villas","image":{"@type":"ImageObject","inLanguage":"fr-FR","@id":"https:\/\/secure.gravatar.com\/avatar\/febfbdfb3d0eb2745e648590e83d2c5144bf2c7261ed976be516a2fa070c7818?s=96&d=mm&r=g","url":"https:\/\/secure.gravatar.com\/avatar\/febfbdfb3d0eb2745e648590e83d2c5144bf2c7261ed976be516a2fa070c7818?s=96&d=mm&r=g","contentUrl":"https:\/\/secure.gravatar.com\/avatar\/febfbdfb3d0eb2745e648590e83d2c5144bf2c7261ed976be516a2fa070c7818?s=96&d=mm&r=g","caption":"vacances-villas"},"sameAs":["https:\/\/www.facebook.com\/Agence-Atlantique-106373688301129"],"url":"https:\/\/www.vacances-villas.com\/blog\/author\/vacances-villas\/"}]}},"_links":{"self":[{"href":"https:\/\/www.vacances-villas.com\/blog\/wp-json\/wp\/v2\/posts\/650","targetHints":{"allow":["GET"]}}],"collection":[{"href":"https:\/\/www.vacances-villas.com\/blog\/wp-json\/wp\/v2\/posts"}],"about":[{"href":"https:\/\/www.vacances-villas.com\/blog\/wp-json\/wp\/v2\/types\/post"}],"author":[{"embeddable":true,"href":"https:\/\/www.vacances-villas.com\/blog\/wp-json\/wp\/v2\/users\/2"}],"replies":[{"embeddable":true,"href":"https:\/\/www.vacances-villas.com\/blog\/wp-json\/wp\/v2\/comments?post=650"}],"version-history":[{"count":5,"href":"https:\/\/www.vacances-villas.com\/blog\/wp-json\/wp\/v2\/posts\/650\/revisions"}],"predecessor-version":[{"id":657,"href":"https:\/\/www.vacances-villas.com\/blog\/wp-json\/wp\/v2\/posts\/650\/revisions\/657"}],"wp:featuredmedia":[{"embeddable":true,"href":"https:\/\/www.vacances-villas.com\/blog\/wp-json\/wp\/v2\/media\/651"}],"wp:attachment":[{"href":"https:\/\/www.vacances-villas.com\/blog\/wp-json\/wp\/v2\/media?parent=650"}],"wp:term":[{"taxonomy":"category","embeddable":true,"href":"https:\/\/www.vacances-villas.com\/blog\/wp-json\/wp\/v2\/categories?post=650"},{"taxonomy":"post_tag","embeddable":true,"href":"https:\/\/www.vacances-villas.com\/blog\/wp-json\/wp\/v2\/tags?post=650"}],"curies":[{"name":"wp","href":"https:\/\/api.w.org\/{rel}","templated":true}]}}