{"id":663,"date":"2025-06-06T02:49:00","date_gmt":"2025-06-06T02:49:00","guid":{"rendered":"https:\/\/www.vacances-villas.com\/blog\/?p=663"},"modified":"2025-06-10T13:59:01","modified_gmt":"2025-06-10T13:59:01","slug":"les-plus-beaux-marches-du-morbihan-autour-de-carnac-saveurs-artisanat-et-ambiance-bretonne","status":"publish","type":"post","link":"https:\/\/www.vacances-villas.com\/blog\/les-plus-beaux-marches-du-morbihan-autour-de-carnac-saveurs-artisanat-et-ambiance-bretonne\/","title":{"rendered":"Les plus beaux march\u00e9s du Morbihan autour de Carnac : saveurs, artisanat et ambiance bretonne"},"content":{"rendered":"\n<p>Impossible de passer des vacances en Bretagne sans fl\u00e2ner dans un march\u00e9 local. Dans le <strong>Morbihan<\/strong>, et tout particuli\u00e8rement autour de <strong>Carnac<\/strong>, les march\u00e9s sont des rendez-vous incontournables pour d\u00e9couvrir les <strong>produits du terroir<\/strong>, l\u2019<strong>artisanat breton<\/strong> et l\u2019ambiance conviviale des villes et villages c\u00f4tiers. Voici notre <strong>s\u00e9lection des plus beaux march\u00e9s proches de Carnac<\/strong>, \u00e0 faire absolument pendant votre s\u00e9jour.<\/p>\n\n\n\n<h2 class=\"wp-block-heading\"><strong>1. Le march\u00e9 de Carnac<\/strong><\/h2>\n\n\n\n<p><strong>Quand ?<\/strong> Mercredi et dimanche matin (toute l\u2019ann\u00e9e)<br><strong>O\u00f9 ?<\/strong> Place Saint-Fiacre (Carnac-ville)<\/p>\n\n\n\n<p>Le march\u00e9 de Carnac est un des plus r\u00e9put\u00e9s du sud Morbihan. Plus de 100 exposants en \u00e9t\u00e9 !<\/p>\n\n\n\n<ul class=\"wp-block-list\"><li>Produits locaux : fruits, l\u00e9gumes, cr\u00eapes, galettes, fromages bretons<\/li><li>Poissonnerie, hu\u00eetres et fruits de mer tout droit venus de la baie<\/li><li>Artisanat, v\u00eatements, souvenirs bretons<\/li><\/ul>\n\n\n\n<p><em>Conseil : y aller t\u00f4t pour \u00e9viter l\u2019affluence et profiter des meilleures trouvailles.<\/em><\/p>\n\n\n\n<h2 class=\"wp-block-heading\"><strong>2. Le march\u00e9 d\u2019Auray \u2013 Saint-Goustan<\/strong><\/h2>\n\n\n\n<p><strong>Quand ?<\/strong> Lundi matin (toute l\u2019ann\u00e9e)<br><strong>O\u00f9 ?<\/strong> Centre-ville d\u2019Auray<\/p>\n\n\n\n<p>C\u2019est l\u2019un des plus beaux et plus anciens march\u00e9s de Bretagne.<\/p>\n\n\n\n<ul class=\"wp-block-list\"><li>Magnifique cadre dans le centre historique d\u2019Auray<\/li><li>Stands de producteurs bio, plantes, fromages fermiers<\/li><li>Buvettes ambulantes, musique bretonne, d\u00e9gustations<\/li><\/ul>\n\n\n\n<p><em>\u00c0 combiner avec une balade dans le port de Saint-Goustan, \u00e0 deux pas.<\/em><\/p>\n\n\n\n<h2 class=\"wp-block-heading\"><strong>3. Le march\u00e9 de Vannes<\/strong><\/h2>\n\n\n\n<p><strong>Quand ?<\/strong> Mercredi et samedi matin<br><strong>O\u00f9 ?<\/strong> Place des Lices et rues adjacentes, intra-muros<\/p>\n\n\n\n<p>Le <strong>plus grand march\u00e9 du Morbihan<\/strong>, au c\u0153ur de la vieille ville de Vannes.<\/p>\n\n\n\n<ul class=\"wp-block-list\"><li>Produits frais, \u00e9tals d\u2019hu\u00eetres, fruits exotiques, sp\u00e9cialit\u00e9s locales<\/li><li>Artisans cr\u00e9ateurs, v\u00eatements, bijoux, cuir<\/li><li>Magnifique cadre m\u00e9di\u00e9val entre remparts et maisons \u00e0 colombages<\/li><\/ul>\n\n\n\n<p><em>Accessible en train ou voiture depuis Carnac (30-40 min).<\/em><\/p>\n\n\n\n<h2 class=\"wp-block-heading\"><strong>4. Le march\u00e9 d\u2019Hennebont<\/strong><\/h2>\n\n\n\n<p><strong>Quand ?<\/strong> Jeudi matin (toute l\u2019ann\u00e9e)<br><strong>O\u00f9 ?<\/strong> Autour de la basilique Notre-Dame du Paradis<\/p>\n\n\n\n<p>Un march\u00e9 populaire et anim\u00e9, avec plus de 250 exposants l\u2019\u00e9t\u00e9.<\/p>\n\n\n\n<ul class=\"wp-block-list\"><li>Ambiance authentique et conviviale<\/li><li>Poissons frais, charcuterie bretonne, cidre, kouign-amann<\/li><li>Possibilit\u00e9 de visiter les <strong>haras nationaux d\u2019Hennebont<\/strong> juste apr\u00e8s<\/li><\/ul>\n\n\n\n<p><em>Une belle id\u00e9e de sortie combin\u00e9e avec des enfants.<\/em><\/p>\n\n\n\n<h2 class=\"wp-block-heading\"><strong>5. Le march\u00e9 de Port-Louis<\/strong><\/h2>\n\n\n\n<p><strong>Quand ?<\/strong> Samedi matin<br><strong>O\u00f9 ?<\/strong> Centre-ville, pr\u00e8s de la citadelle<\/p>\n\n\n\n<p>Port-Louis, charmante cit\u00e9 portuaire face \u00e0 Lorient, accueille un petit march\u00e9 typique et tranquille.<\/p>\n\n\n\n<ul class=\"wp-block-list\"><li>Parfait pour les amateurs de calme et de produits de qualit\u00e9<\/li><li>L\u00e9gumes bio, fromages de ch\u00e8vre, savons artisanaux<\/li><li>\u00c0 combiner avec la visite du <strong>mus\u00e9e de la Compagnie des Indes<\/strong><\/li><\/ul>\n\n\n\n<p><em>Vue superbe sur la rade de Lorient en bonus.<\/em><\/p>\n\n\n\n<h2 class=\"wp-block-heading\"><strong>6. Le march\u00e9 de La Trinit\u00e9-sur-Mer<\/strong><\/h2>\n\n\n\n<p><strong>Quand ?<\/strong> Mardi et vendredi matin<br><strong>O\u00f9 ?<\/strong> Place du Voulien<\/p>\n\n\n\n<p>Petit march\u00e9 local avec une belle ambiance portuaire.<\/p>\n\n\n\n<ul class=\"wp-block-list\"><li>Poissonnerie locale, confitures, rillettes de la mer<\/li><li>Lieu id\u00e9al pour prendre un caf\u00e9 face aux bateaux<\/li><li>Parfait pour un panier pique-nique avant une balade sur les sentiers c\u00f4tiers<\/li><\/ul>\n\n\n\n<h2 class=\"wp-block-heading\"><strong>7. Autres march\u00e9s \u00e0 d\u00e9couvrir pr\u00e8s de Carnac<\/strong><\/h2>\n\n\n\n<ul class=\"wp-block-list\"><li><strong>Plouharnel<\/strong> \u2013 Vendredi matin : march\u00e9 convivial, parfait avant la plage<\/li><li><strong>Quiberon<\/strong> \u2013 Samedi matin : tr\u00e8s anim\u00e9, notamment en \u00e9t\u00e9<\/li><li><strong>Belz<\/strong> \u2013 Jeudi matin : pour d\u00e9couvrir les produits du terroir de la Ria d&rsquo;\u00c9tel<\/li><li><strong>\u00c9tel<\/strong> \u2013 Mardi matin : march\u00e9 maritime tr\u00e8s r\u00e9put\u00e9<\/li><\/ul>\n\n\n\n<h2 class=\"wp-block-heading\"><strong>Astuces pour bien profiter des march\u00e9s bretons<\/strong><\/h2>\n\n\n\n<ul class=\"wp-block-list\"><li>Allez-y t\u00f4t (entre 8h30 et 10h) pour \u00e9viter la foule<\/li><li>Pensez \u00e0 amener un panier ou sac cabas r\u00e9utilisable<\/li><li>N\u2019h\u00e9sitez pas \u00e0 discuter avec les producteurs, ils adorent parler de leurs produits<\/li><li>Pr\u00e9voir de l\u2019esp\u00e8ce : tous les stands n\u2019acceptent pas la carte<\/li><\/ul>\n\n\n\n<p>Entre ambiance conviviale, authenticit\u00e9 et d\u00e9couvertes gustatives, les <strong>march\u00e9s du Morbihan autour de Carnac<\/strong> sont bien plus que des lieux d\u2019achat : ce sont des <strong>exp\u00e9riences \u00e0 part enti\u00e8re<\/strong>, \u00e0 vivre au rythme breton. Que ce soit pour go\u00fbter un kouign-amann encore ti\u00e8de, acheter des hu\u00eetres fra\u00eeches ou rapporter un souvenir fait main, chaque march\u00e9 a son charme unique.<\/p>\n","protected":false},"excerpt":{"rendered":"<p>Impossible de passer des vacances en Bretagne sans fl\u00e2ner dans un march\u00e9 local. Dans le Morbihan, et tout particuli\u00e8rement autour&#8230;<\/p>\n","protected":false},"author":2,"featured_media":664,"comment_status":"open","ping_status":"closed","sticky":false,"template":"","format":"standard","meta":{"footnotes":""},"categories":[3,7],"tags":[],"class_list":["post-663","post","type-post","status-publish","format-standard","has-post-thumbnail","hentry","category-carnacetsesenvirons","category-manger"],"yoast_head":"<!-- This site is optimized with the Yoast SEO plugin v27.4 - https:\/\/yoast.com\/product\/yoast-seo-wordpress\/ -->\n<title>Les plus beaux march\u00e9s du Morbihan autour de Carnac : saveurs, artisanat et ambiance bretonne<\/title>\n<meta name=\"description\" content=\"\u00c0 la recherche de produits locaux et d\u2019ambiance authentique ? D\u00e9couvrez les meilleurs march\u00e9s autour de Carnac : Auray, Vannes, Hennebont, Port-Louis et autres perles bretonnes.\" \/>\n<meta name=\"robots\" content=\"index, follow, max-snippet:-1, max-image-preview:large, max-video-preview:-1\" \/>\n<link rel=\"canonical\" href=\"https:\/\/www.vacances-villas.com\/blog\/les-plus-beaux-marches-du-morbihan-autour-de-carnac-saveurs-artisanat-et-ambiance-bretonne\/\" \/>\n<meta property=\"og:locale\" content=\"fr_FR\" \/>\n<meta property=\"og:type\" content=\"article\" \/>\n<meta property=\"og:title\" content=\"Les plus beaux march\u00e9s du Morbihan autour de Carnac : saveurs, artisanat et ambiance bretonne\" \/>\n<meta property=\"og:description\" content=\"\u00c0 la recherche de produits locaux et d\u2019ambiance authentique ? D\u00e9couvrez les meilleurs march\u00e9s autour de Carnac : Auray, Vannes, Hennebont, Port-Louis et autres perles bretonnes.\" \/>\n<meta property=\"og:url\" content=\"https:\/\/www.vacances-villas.com\/blog\/les-plus-beaux-marches-du-morbihan-autour-de-carnac-saveurs-artisanat-et-ambiance-bretonne\/\" \/>\n<meta property=\"og:site_name\" content=\"Blog\" \/>\n<meta property=\"article:publisher\" content=\"https:\/\/www.facebook.com\/profile.php?id=100068103702281\" \/>\n<meta property=\"article:author\" content=\"https:\/\/www.facebook.com\/Agence-Atlantique-106373688301129\" \/>\n<meta property=\"article:published_time\" content=\"2025-06-06T02:49:00+00:00\" \/>\n<meta property=\"article:modified_time\" content=\"2025-06-10T13:59:01+00:00\" \/>\n<meta property=\"og:image\" content=\"https:\/\/www.vacances-villas.com\/blog\/wp-content\/uploads\/2025\/06\/vegetables-5992673_1920.jpg\" \/>\n\t<meta property=\"og:image:width\" content=\"1920\" \/>\n\t<meta property=\"og:image:height\" content=\"1281\" \/>\n\t<meta property=\"og:image:type\" content=\"image\/jpeg\" \/>\n<meta name=\"author\" content=\"vacances-villas\" \/>\n<meta name=\"twitter:card\" content=\"summary_large_image\" \/>\n<meta name=\"twitter:label1\" content=\"\u00c9crit par\" \/>\n\t<meta name=\"twitter:data1\" content=\"vacances-villas\" \/>\n\t<meta name=\"twitter:label2\" content=\"Dur\u00e9e de lecture estim\u00e9e\" \/>\n\t<meta name=\"twitter:data2\" content=\"3 minutes\" \/>\n<script type=\"application\/ld+json\" class=\"yoast-schema-graph\">{\"@context\":\"https:\\\/\\\/schema.org\",\"@graph\":[{\"@type\":\"Article\",\"@id\":\"https:\\\/\\\/www.vacances-villas.com\\\/blog\\\/les-plus-beaux-marches-du-morbihan-autour-de-carnac-saveurs-artisanat-et-ambiance-bretonne\\\/#article\",\"isPartOf\":{\"@id\":\"https:\\\/\\\/www.vacances-villas.com\\\/blog\\\/les-plus-beaux-marches-du-morbihan-autour-de-carnac-saveurs-artisanat-et-ambiance-bretonne\\\/\"},\"author\":{\"name\":\"vacances-villas\",\"@id\":\"https:\\\/\\\/www.vacances-villas.com\\\/blog\\\/#\\\/schema\\\/person\\\/bbb0831c81e3c27edfe3425d99c758c7\"},\"headline\":\"Les plus beaux march\u00e9s du Morbihan autour de Carnac : saveurs, artisanat et ambiance bretonne\",\"datePublished\":\"2025-06-06T02:49:00+00:00\",\"dateModified\":\"2025-06-10T13:59:01+00:00\",\"mainEntityOfPage\":{\"@id\":\"https:\\\/\\\/www.vacances-villas.com\\\/blog\\\/les-plus-beaux-marches-du-morbihan-autour-de-carnac-saveurs-artisanat-et-ambiance-bretonne\\\/\"},\"wordCount\":649,\"commentCount\":0,\"publisher\":{\"@id\":\"https:\\\/\\\/www.vacances-villas.com\\\/blog\\\/#organization\"},\"image\":{\"@id\":\"https:\\\/\\\/www.vacances-villas.com\\\/blog\\\/les-plus-beaux-marches-du-morbihan-autour-de-carnac-saveurs-artisanat-et-ambiance-bretonne\\\/#primaryimage\"},\"thumbnailUrl\":\"https:\\\/\\\/www.vacances-villas.com\\\/blog\\\/wp-content\\\/uploads\\\/2025\\\/06\\\/vegetables-5992673_1920.jpg\",\"articleSection\":[\"Carnac et ses environs\",\"Manger\"],\"inLanguage\":\"fr-FR\",\"potentialAction\":[{\"@type\":\"CommentAction\",\"name\":\"Comment\",\"target\":[\"https:\\\/\\\/www.vacances-villas.com\\\/blog\\\/les-plus-beaux-marches-du-morbihan-autour-de-carnac-saveurs-artisanat-et-ambiance-bretonne\\\/#respond\"]}]},{\"@type\":\"WebPage\",\"@id\":\"https:\\\/\\\/www.vacances-villas.com\\\/blog\\\/les-plus-beaux-marches-du-morbihan-autour-de-carnac-saveurs-artisanat-et-ambiance-bretonne\\\/\",\"url\":\"https:\\\/\\\/www.vacances-villas.com\\\/blog\\\/les-plus-beaux-marches-du-morbihan-autour-de-carnac-saveurs-artisanat-et-ambiance-bretonne\\\/\",\"name\":\"Les plus beaux march\u00e9s du Morbihan autour de Carnac : saveurs, artisanat et ambiance bretonne\",\"isPartOf\":{\"@id\":\"https:\\\/\\\/www.vacances-villas.com\\\/blog\\\/#website\"},\"primaryImageOfPage\":{\"@id\":\"https:\\\/\\\/www.vacances-villas.com\\\/blog\\\/les-plus-beaux-marches-du-morbihan-autour-de-carnac-saveurs-artisanat-et-ambiance-bretonne\\\/#primaryimage\"},\"image\":{\"@id\":\"https:\\\/\\\/www.vacances-villas.com\\\/blog\\\/les-plus-beaux-marches-du-morbihan-autour-de-carnac-saveurs-artisanat-et-ambiance-bretonne\\\/#primaryimage\"},\"thumbnailUrl\":\"https:\\\/\\\/www.vacances-villas.com\\\/blog\\\/wp-content\\\/uploads\\\/2025\\\/06\\\/vegetables-5992673_1920.jpg\",\"datePublished\":\"2025-06-06T02:49:00+00:00\",\"dateModified\":\"2025-06-10T13:59:01+00:00\",\"description\":\"\u00c0 la recherche de produits locaux et d\u2019ambiance authentique ? D\u00e9couvrez les meilleurs march\u00e9s autour de Carnac : Auray, Vannes, Hennebont, Port-Louis et autres perles bretonnes.\",\"breadcrumb\":{\"@id\":\"https:\\\/\\\/www.vacances-villas.com\\\/blog\\\/les-plus-beaux-marches-du-morbihan-autour-de-carnac-saveurs-artisanat-et-ambiance-bretonne\\\/#breadcrumb\"},\"inLanguage\":\"fr-FR\",\"potentialAction\":[{\"@type\":\"ReadAction\",\"target\":[\"https:\\\/\\\/www.vacances-villas.com\\\/blog\\\/les-plus-beaux-marches-du-morbihan-autour-de-carnac-saveurs-artisanat-et-ambiance-bretonne\\\/\"]}]},{\"@type\":\"ImageObject\",\"inLanguage\":\"fr-FR\",\"@id\":\"https:\\\/\\\/www.vacances-villas.com\\\/blog\\\/les-plus-beaux-marches-du-morbihan-autour-de-carnac-saveurs-artisanat-et-ambiance-bretonne\\\/#primaryimage\",\"url\":\"https:\\\/\\\/www.vacances-villas.com\\\/blog\\\/wp-content\\\/uploads\\\/2025\\\/06\\\/vegetables-5992673_1920.jpg\",\"contentUrl\":\"https:\\\/\\\/www.vacances-villas.com\\\/blog\\\/wp-content\\\/uploads\\\/2025\\\/06\\\/vegetables-5992673_1920.jpg\",\"width\":1920,\"height\":1281},{\"@type\":\"BreadcrumbList\",\"@id\":\"https:\\\/\\\/www.vacances-villas.com\\\/blog\\\/les-plus-beaux-marches-du-morbihan-autour-de-carnac-saveurs-artisanat-et-ambiance-bretonne\\\/#breadcrumb\",\"itemListElement\":[{\"@type\":\"ListItem\",\"position\":1,\"name\":\"Home\",\"item\":\"https:\\\/\\\/www.vacances-villas.com\\\/blog\\\/\"},{\"@type\":\"ListItem\",\"position\":2,\"name\":\"Les plus beaux march\u00e9s du Morbihan autour de Carnac : saveurs, artisanat et ambiance bretonne\"}]},{\"@type\":\"WebSite\",\"@id\":\"https:\\\/\\\/www.vacances-villas.com\\\/blog\\\/#website\",\"url\":\"https:\\\/\\\/www.vacances-villas.com\\\/blog\\\/\",\"name\":\"Blog\",\"description\":\"vacances-villas\",\"publisher\":{\"@id\":\"https:\\\/\\\/www.vacances-villas.com\\\/blog\\\/#organization\"},\"potentialAction\":[{\"@type\":\"SearchAction\",\"target\":{\"@type\":\"EntryPoint\",\"urlTemplate\":\"https:\\\/\\\/www.vacances-villas.com\\\/blog\\\/?s={search_term_string}\"},\"query-input\":{\"@type\":\"PropertyValueSpecification\",\"valueRequired\":true,\"valueName\":\"search_term_string\"}}],\"inLanguage\":\"fr-FR\"},{\"@type\":\"Organization\",\"@id\":\"https:\\\/\\\/www.vacances-villas.com\\\/blog\\\/#organization\",\"name\":\"Vacances Villas\",\"url\":\"https:\\\/\\\/www.vacances-villas.com\\\/blog\\\/\",\"logo\":{\"@type\":\"ImageObject\",\"inLanguage\":\"fr-FR\",\"@id\":\"https:\\\/\\\/www.vacances-villas.com\\\/blog\\\/#\\\/schema\\\/logo\\\/image\\\/\",\"url\":\"https:\\\/\\\/www.vacances-villas.com\\\/blog\\\/wp-content\\\/uploads\\\/2024\\\/07\\\/logo.png\",\"contentUrl\":\"https:\\\/\\\/www.vacances-villas.com\\\/blog\\\/wp-content\\\/uploads\\\/2024\\\/07\\\/logo.png\",\"width\":1140,\"height\":488,\"caption\":\"Vacances Villas\"},\"image\":{\"@id\":\"https:\\\/\\\/www.vacances-villas.com\\\/blog\\\/#\\\/schema\\\/logo\\\/image\\\/\"},\"sameAs\":[\"https:\\\/\\\/www.facebook.com\\\/profile.php?id=100068103702281\"]},{\"@type\":\"Person\",\"@id\":\"https:\\\/\\\/www.vacances-villas.com\\\/blog\\\/#\\\/schema\\\/person\\\/bbb0831c81e3c27edfe3425d99c758c7\",\"name\":\"vacances-villas\",\"image\":{\"@type\":\"ImageObject\",\"inLanguage\":\"fr-FR\",\"@id\":\"https:\\\/\\\/secure.gravatar.com\\\/avatar\\\/febfbdfb3d0eb2745e648590e83d2c5144bf2c7261ed976be516a2fa070c7818?s=96&d=mm&r=g\",\"url\":\"https:\\\/\\\/secure.gravatar.com\\\/avatar\\\/febfbdfb3d0eb2745e648590e83d2c5144bf2c7261ed976be516a2fa070c7818?s=96&d=mm&r=g\",\"contentUrl\":\"https:\\\/\\\/secure.gravatar.com\\\/avatar\\\/febfbdfb3d0eb2745e648590e83d2c5144bf2c7261ed976be516a2fa070c7818?s=96&d=mm&r=g\",\"caption\":\"vacances-villas\"},\"sameAs\":[\"https:\\\/\\\/www.facebook.com\\\/Agence-Atlantique-106373688301129\"],\"url\":\"https:\\\/\\\/www.vacances-villas.com\\\/blog\\\/author\\\/vacances-villas\\\/\"}]}<\/script>\n<!-- \/ Yoast SEO plugin. -->","yoast_head_json":{"title":"Les plus beaux march\u00e9s du Morbihan autour de Carnac : saveurs, artisanat et ambiance bretonne","description":"\u00c0 la recherche de produits locaux et d\u2019ambiance authentique ? D\u00e9couvrez les meilleurs march\u00e9s autour de Carnac : Auray, Vannes, Hennebont, Port-Louis et autres perles bretonnes.","robots":{"index":"index","follow":"follow","max-snippet":"max-snippet:-1","max-image-preview":"max-image-preview:large","max-video-preview":"max-video-preview:-1"},"canonical":"https:\/\/www.vacances-villas.com\/blog\/les-plus-beaux-marches-du-morbihan-autour-de-carnac-saveurs-artisanat-et-ambiance-bretonne\/","og_locale":"fr_FR","og_type":"article","og_title":"Les plus beaux march\u00e9s du Morbihan autour de Carnac : saveurs, artisanat et ambiance bretonne","og_description":"\u00c0 la recherche de produits locaux et d\u2019ambiance authentique ? D\u00e9couvrez les meilleurs march\u00e9s autour de Carnac : Auray, Vannes, Hennebont, Port-Louis et autres perles bretonnes.","og_url":"https:\/\/www.vacances-villas.com\/blog\/les-plus-beaux-marches-du-morbihan-autour-de-carnac-saveurs-artisanat-et-ambiance-bretonne\/","og_site_name":"Blog","article_publisher":"https:\/\/www.facebook.com\/profile.php?id=100068103702281","article_author":"https:\/\/www.facebook.com\/Agence-Atlantique-106373688301129","article_published_time":"2025-06-06T02:49:00+00:00","article_modified_time":"2025-06-10T13:59:01+00:00","og_image":[{"width":1920,"height":1281,"url":"https:\/\/www.vacances-villas.com\/blog\/wp-content\/uploads\/2025\/06\/vegetables-5992673_1920.jpg","type":"image\/jpeg"}],"author":"vacances-villas","twitter_card":"summary_large_image","twitter_misc":{"\u00c9crit par":"vacances-villas","Dur\u00e9e de lecture estim\u00e9e":"3 minutes"},"schema":{"@context":"https:\/\/schema.org","@graph":[{"@type":"Article","@id":"https:\/\/www.vacances-villas.com\/blog\/les-plus-beaux-marches-du-morbihan-autour-de-carnac-saveurs-artisanat-et-ambiance-bretonne\/#article","isPartOf":{"@id":"https:\/\/www.vacances-villas.com\/blog\/les-plus-beaux-marches-du-morbihan-autour-de-carnac-saveurs-artisanat-et-ambiance-bretonne\/"},"author":{"name":"vacances-villas","@id":"https:\/\/www.vacances-villas.com\/blog\/#\/schema\/person\/bbb0831c81e3c27edfe3425d99c758c7"},"headline":"Les plus beaux march\u00e9s du Morbihan autour de Carnac : saveurs, artisanat et ambiance bretonne","datePublished":"2025-06-06T02:49:00+00:00","dateModified":"2025-06-10T13:59:01+00:00","mainEntityOfPage":{"@id":"https:\/\/www.vacances-villas.com\/blog\/les-plus-beaux-marches-du-morbihan-autour-de-carnac-saveurs-artisanat-et-ambiance-bretonne\/"},"wordCount":649,"commentCount":0,"publisher":{"@id":"https:\/\/www.vacances-villas.com\/blog\/#organization"},"image":{"@id":"https:\/\/www.vacances-villas.com\/blog\/les-plus-beaux-marches-du-morbihan-autour-de-carnac-saveurs-artisanat-et-ambiance-bretonne\/#primaryimage"},"thumbnailUrl":"https:\/\/www.vacances-villas.com\/blog\/wp-content\/uploads\/2025\/06\/vegetables-5992673_1920.jpg","articleSection":["Carnac et ses environs","Manger"],"inLanguage":"fr-FR","potentialAction":[{"@type":"CommentAction","name":"Comment","target":["https:\/\/www.vacances-villas.com\/blog\/les-plus-beaux-marches-du-morbihan-autour-de-carnac-saveurs-artisanat-et-ambiance-bretonne\/#respond"]}]},{"@type":"WebPage","@id":"https:\/\/www.vacances-villas.com\/blog\/les-plus-beaux-marches-du-morbihan-autour-de-carnac-saveurs-artisanat-et-ambiance-bretonne\/","url":"https:\/\/www.vacances-villas.com\/blog\/les-plus-beaux-marches-du-morbihan-autour-de-carnac-saveurs-artisanat-et-ambiance-bretonne\/","name":"Les plus beaux march\u00e9s du Morbihan autour de Carnac : saveurs, artisanat et ambiance bretonne","isPartOf":{"@id":"https:\/\/www.vacances-villas.com\/blog\/#website"},"primaryImageOfPage":{"@id":"https:\/\/www.vacances-villas.com\/blog\/les-plus-beaux-marches-du-morbihan-autour-de-carnac-saveurs-artisanat-et-ambiance-bretonne\/#primaryimage"},"image":{"@id":"https:\/\/www.vacances-villas.com\/blog\/les-plus-beaux-marches-du-morbihan-autour-de-carnac-saveurs-artisanat-et-ambiance-bretonne\/#primaryimage"},"thumbnailUrl":"https:\/\/www.vacances-villas.com\/blog\/wp-content\/uploads\/2025\/06\/vegetables-5992673_1920.jpg","datePublished":"2025-06-06T02:49:00+00:00","dateModified":"2025-06-10T13:59:01+00:00","description":"\u00c0 la recherche de produits locaux et d\u2019ambiance authentique ? D\u00e9couvrez les meilleurs march\u00e9s autour de Carnac : Auray, Vannes, Hennebont, Port-Louis et autres perles bretonnes.","breadcrumb":{"@id":"https:\/\/www.vacances-villas.com\/blog\/les-plus-beaux-marches-du-morbihan-autour-de-carnac-saveurs-artisanat-et-ambiance-bretonne\/#breadcrumb"},"inLanguage":"fr-FR","potentialAction":[{"@type":"ReadAction","target":["https:\/\/www.vacances-villas.com\/blog\/les-plus-beaux-marches-du-morbihan-autour-de-carnac-saveurs-artisanat-et-ambiance-bretonne\/"]}]},{"@type":"ImageObject","inLanguage":"fr-FR","@id":"https:\/\/www.vacances-villas.com\/blog\/les-plus-beaux-marches-du-morbihan-autour-de-carnac-saveurs-artisanat-et-ambiance-bretonne\/#primaryimage","url":"https:\/\/www.vacances-villas.com\/blog\/wp-content\/uploads\/2025\/06\/vegetables-5992673_1920.jpg","contentUrl":"https:\/\/www.vacances-villas.com\/blog\/wp-content\/uploads\/2025\/06\/vegetables-5992673_1920.jpg","width":1920,"height":1281},{"@type":"BreadcrumbList","@id":"https:\/\/www.vacances-villas.com\/blog\/les-plus-beaux-marches-du-morbihan-autour-de-carnac-saveurs-artisanat-et-ambiance-bretonne\/#breadcrumb","itemListElement":[{"@type":"ListItem","position":1,"name":"Home","item":"https:\/\/www.vacances-villas.com\/blog\/"},{"@type":"ListItem","position":2,"name":"Les plus beaux march\u00e9s du Morbihan autour de Carnac : saveurs, artisanat et ambiance bretonne"}]},{"@type":"WebSite","@id":"https:\/\/www.vacances-villas.com\/blog\/#website","url":"https:\/\/www.vacances-villas.com\/blog\/","name":"Blog","description":"vacances-villas","publisher":{"@id":"https:\/\/www.vacances-villas.com\/blog\/#organization"},"potentialAction":[{"@type":"SearchAction","target":{"@type":"EntryPoint","urlTemplate":"https:\/\/www.vacances-villas.com\/blog\/?s={search_term_string}"},"query-input":{"@type":"PropertyValueSpecification","valueRequired":true,"valueName":"search_term_string"}}],"inLanguage":"fr-FR"},{"@type":"Organization","@id":"https:\/\/www.vacances-villas.com\/blog\/#organization","name":"Vacances Villas","url":"https:\/\/www.vacances-villas.com\/blog\/","logo":{"@type":"ImageObject","inLanguage":"fr-FR","@id":"https:\/\/www.vacances-villas.com\/blog\/#\/schema\/logo\/image\/","url":"https:\/\/www.vacances-villas.com\/blog\/wp-content\/uploads\/2024\/07\/logo.png","contentUrl":"https:\/\/www.vacances-villas.com\/blog\/wp-content\/uploads\/2024\/07\/logo.png","width":1140,"height":488,"caption":"Vacances Villas"},"image":{"@id":"https:\/\/www.vacances-villas.com\/blog\/#\/schema\/logo\/image\/"},"sameAs":["https:\/\/www.facebook.com\/profile.php?id=100068103702281"]},{"@type":"Person","@id":"https:\/\/www.vacances-villas.com\/blog\/#\/schema\/person\/bbb0831c81e3c27edfe3425d99c758c7","name":"vacances-villas","image":{"@type":"ImageObject","inLanguage":"fr-FR","@id":"https:\/\/secure.gravatar.com\/avatar\/febfbdfb3d0eb2745e648590e83d2c5144bf2c7261ed976be516a2fa070c7818?s=96&d=mm&r=g","url":"https:\/\/secure.gravatar.com\/avatar\/febfbdfb3d0eb2745e648590e83d2c5144bf2c7261ed976be516a2fa070c7818?s=96&d=mm&r=g","contentUrl":"https:\/\/secure.gravatar.com\/avatar\/febfbdfb3d0eb2745e648590e83d2c5144bf2c7261ed976be516a2fa070c7818?s=96&d=mm&r=g","caption":"vacances-villas"},"sameAs":["https:\/\/www.facebook.com\/Agence-Atlantique-106373688301129"],"url":"https:\/\/www.vacances-villas.com\/blog\/author\/vacances-villas\/"}]}},"_links":{"self":[{"href":"https:\/\/www.vacances-villas.com\/blog\/wp-json\/wp\/v2\/posts\/663","targetHints":{"allow":["GET"]}}],"collection":[{"href":"https:\/\/www.vacances-villas.com\/blog\/wp-json\/wp\/v2\/posts"}],"about":[{"href":"https:\/\/www.vacances-villas.com\/blog\/wp-json\/wp\/v2\/types\/post"}],"author":[{"embeddable":true,"href":"https:\/\/www.vacances-villas.com\/blog\/wp-json\/wp\/v2\/users\/2"}],"replies":[{"embeddable":true,"href":"https:\/\/www.vacances-villas.com\/blog\/wp-json\/wp\/v2\/comments?post=663"}],"version-history":[{"count":2,"href":"https:\/\/www.vacances-villas.com\/blog\/wp-json\/wp\/v2\/posts\/663\/revisions"}],"predecessor-version":[{"id":667,"href":"https:\/\/www.vacances-villas.com\/blog\/wp-json\/wp\/v2\/posts\/663\/revisions\/667"}],"wp:featuredmedia":[{"embeddable":true,"href":"https:\/\/www.vacances-villas.com\/blog\/wp-json\/wp\/v2\/media\/664"}],"wp:attachment":[{"href":"https:\/\/www.vacances-villas.com\/blog\/wp-json\/wp\/v2\/media?parent=663"}],"wp:term":[{"taxonomy":"category","embeddable":true,"href":"https:\/\/www.vacances-villas.com\/blog\/wp-json\/wp\/v2\/categories?post=663"},{"taxonomy":"post_tag","embeddable":true,"href":"https:\/\/www.vacances-villas.com\/blog\/wp-json\/wp\/v2\/tags?post=663"}],"curies":[{"name":"wp","href":"https:\/\/api.w.org\/{rel}","templated":true}]}}