{"id":680,"date":"2025-07-04T14:14:00","date_gmt":"2025-07-04T14:14:00","guid":{"rendered":"https:\/\/www.vacances-villas.com\/blog\/?p=680"},"modified":"2025-06-10T14:18:34","modified_gmt":"2025-06-10T14:18:34","slug":"le-musee-de-prehistoire-de-carnac-un-voyage-fascinant-au-coeur-du-neolithique-breton","status":"publish","type":"post","link":"https:\/\/www.vacances-villas.com\/blog\/le-musee-de-prehistoire-de-carnac-un-voyage-fascinant-au-coeur-du-neolithique-breton\/","title":{"rendered":"Le Mus\u00e9e de Pr\u00e9histoire de Carnac : un voyage fascinant au c\u0153ur du N\u00e9olithique breton"},"content":{"rendered":"\n<p>Envie de plonger dans l\u2019histoire ancienne de la Bretagne ? Le <a href=\"https:\/\/www.museedecarnac.com\/\" target=\"_blank\" rel=\"noreferrer noopener\">Mus\u00e9e de Pr\u00e9histoire de Carnac<\/a> est l\u2019endroit id\u00e9al pour d\u00e9couvrir les origines de l\u2019humanit\u00e9 en Armorique. Situ\u00e9 \u00e0 quelques pas des c\u00e9l\u00e8bres alignements de menhirs, ce mus\u00e9e est une v\u00e9ritable r\u00e9f\u00e9rence pour comprendre la p\u00e9riode n\u00e9olithique, les rituels fun\u00e9raires et les myst\u00e8res qui entourent les m\u00e9galithes.<\/p>\n\n\n\n<h2 class=\"wp-block-heading\"><strong>Pourquoi visiter le Mus\u00e9e de Pr\u00e9histoire de Carnac ?<\/strong><\/h2>\n\n\n\n<p>Le Mus\u00e9e de Pr\u00e9histoire de Carnac, officiellement appel\u00e9 <strong>Mus\u00e9e de Pr\u00e9histoire James Miln &#8211; Zacharie Le Rouzic<\/strong>, est un site culturel incontournable pour les passionn\u00e9s d\u2019arch\u00e9ologie, d\u2019histoire, mais aussi pour les familles en qu\u00eate d\u2019activit\u00e9s \u00e9ducatives.<\/p>\n\n\n\n<p>Il offre une <strong>collection exceptionnelle d\u2019objets pr\u00e9historiques<\/strong> d\u00e9couverts en Bretagne, notamment dans la r\u00e9gion de Carnac, c\u00e9l\u00e8bre pour ses alignements de menhirs, dolmens et tumulus. Le mus\u00e9e permet de replacer ces monuments dans leur contexte historique et culturel.<\/p>\n\n\n\n<h2 class=\"wp-block-heading\"><strong>Une immersion dans le N\u00e9olithique breton<\/strong><\/h2>\n\n\n\n<p>Le mus\u00e9e couvre plus de <strong>450 000 ans d\u2019histoire humaine<\/strong>, du Pal\u00e9olithique jusqu\u2019\u00e0 l\u2019\u00e2ge du bronze. Vous pourrez y d\u00e9couvrir :<\/p>\n\n\n\n<ul class=\"wp-block-list\"><li>Des <strong>outils en silex<\/strong> utilis\u00e9s par les premiers chasseurs-cueilleurs<\/li><li>Des <strong>poteries n\u00e9olithiques<\/strong> d\u00e9cor\u00e9es<\/li><li>Des <strong>bijoux en pierre et en coquillage<\/strong><\/li><li>Des reconstitutions de <strong>s\u00e9pultures m\u00e9galithiques<\/strong><\/li><li>Des maquettes des <strong>alignements de Carnac<\/strong> et d\u2019autres sites bretons<\/li><\/ul>\n\n\n\n<p>L\u2019exposition permanente met \u00e9galement en lumi\u00e8re les fouilles r\u00e9alis\u00e9es par les pionniers de l\u2019arch\u00e9ologie bretonne, dont James Miln et Zacharie Le Rouzic.<\/p>\n\n\n\n<h2 class=\"wp-block-heading\"><strong>Activit\u00e9s et services propos\u00e9s<\/strong><\/h2>\n\n\n\n<p>Le mus\u00e9e ne se contente pas de pr\u00e9senter des vitrines : il propose une <strong>exp\u00e9rience immersive<\/strong>, accessible \u00e0 tous les publics.<\/p>\n\n\n\n<ul class=\"wp-block-list\"><li><strong>Visites guid\u00e9es<\/strong> par des sp\u00e9cialistes<\/li><li><strong>Ateliers p\u00e9dagogiques<\/strong> pour les enfants et les familles<\/li><li><strong>Expositions temporaires<\/strong> sur des th\u00e8mes vari\u00e9s autour de la pr\u00e9histoire<\/li><li><strong>Espace boutique et librairie<\/strong> sp\u00e9cialis\u00e9e<\/li><\/ul>\n\n\n\n<p>C\u2019est un lieu vivant et interactif, id\u00e9al pour allier d\u00e9couverte culturelle et plaisir en famille.<\/p>\n\n\n\n<h2 class=\"wp-block-heading\"><strong>Informations pratiques<\/strong><\/h2>\n\n\n\n<p><strong>Adresse<\/strong> :<br>10 Place de la Chapelle (anciennement Place Christian Bonnet), 56340 Carnac, Bretagne, France<\/p>\n\n\n\n<p><strong>Horaires d\u2019ouverture<\/strong> :<\/p>\n\n\n\n<ul class=\"wp-block-list\"><li>Juillet et Ao\u00fbt : de 10h \u00e0 18h30<\/li><li>Pour consulter les horaires hors p\u00e9riode estivale : https:\/\/www.museedecarnac.com\/horaires\/<\/li><\/ul>\n\n\n\n<p><strong>Tarifs <\/strong>:<\/p>\n\n\n\n<ul class=\"wp-block-list\"><li>Adulte (+ 18 ans) : 7 \u20ac<\/li><li>Enfant (6 \u00e0 17 ans) : 3 \u20ac<\/li><li>Gratuit pour les moins de 6 ans<\/li><\/ul>\n\n\n\n<p><strong>Acc\u00e8s<\/strong> : Parking \u00e0 proximit\u00e9, mus\u00e9e accessible aux personnes \u00e0 mobilit\u00e9 r\u00e9duite.<\/p>\n\n\n\n<h2 class=\"wp-block-heading\"><strong>Compl\u00e9tez votre visite avec les alignements de Carnac<\/strong><\/h2>\n\n\n\n<p>Apr\u00e8s votre passage au mus\u00e9e, ne manquez pas de visiter les c\u00e9l\u00e8bres <strong>alignements de Carnac<\/strong>, l\u2019un des plus vastes sites m\u00e9galithiques du monde, comprenant plus de 3 000 menhirs ! Le mus\u00e9e vous permettra de mieux comprendre la symbolique, les usages et les hypoth\u00e8ses qui entourent ces myst\u00e9rieux monuments.<\/p>\n\n\n\n<p>Le Mus\u00e9e de Pr\u00e9histoire de Carnac est bien plus qu\u2019un simple mus\u00e9e : c\u2019est une <strong>porte d\u2019entr\u00e9e vers l\u2019un des chapitres les plus fascinants de l\u2019histoire humaine<\/strong>. Que vous soyez passionn\u00e9 d\u2019arch\u00e9ologie ou simple curieux, ce lieu vous offrira une exp\u00e9rience enrichissante et inoubliable.<\/p>\n","protected":false},"excerpt":{"rendered":"<p>Envie de plonger dans l\u2019histoire ancienne de la Bretagne ? Le Mus\u00e9e de Pr\u00e9histoire de Carnac est l\u2019endroit id\u00e9al pour&#8230;<\/p>\n","protected":false},"author":2,"featured_media":681,"comment_status":"open","ping_status":"closed","sticky":false,"template":"","format":"standard","meta":{"footnotes":""},"categories":[5],"tags":[],"class_list":["post-680","post","type-post","status-publish","format-standard","has-post-thumbnail","hentry","category-visiter"],"yoast_head":"<!-- This site is optimized with the Yoast SEO plugin v27.4 - https:\/\/yoast.com\/product\/yoast-seo-wordpress\/ -->\n<title>Mus\u00e9e de Pr\u00e9histoire de Carnac, un voyage au c\u0153ur du N\u00e9olithique breton<\/title>\n<meta name=\"description\" content=\"D\u00e9couvrez le Mus\u00e9e de Pr\u00e9histoire de Carnac, une immersion unique dans la vie des premiers habitants de Bretagne. Infos pratiques, histoire, collections, horaires et conseils pour votre visite.\" \/>\n<meta name=\"robots\" content=\"index, follow, max-snippet:-1, max-image-preview:large, max-video-preview:-1\" \/>\n<link rel=\"canonical\" href=\"https:\/\/www.vacances-villas.com\/blog\/le-musee-de-prehistoire-de-carnac-un-voyage-fascinant-au-coeur-du-neolithique-breton\/\" \/>\n<meta property=\"og:locale\" content=\"fr_FR\" \/>\n<meta property=\"og:type\" content=\"article\" \/>\n<meta property=\"og:title\" content=\"Mus\u00e9e de Pr\u00e9histoire de Carnac, un voyage au c\u0153ur du N\u00e9olithique breton\" \/>\n<meta property=\"og:description\" content=\"D\u00e9couvrez le Mus\u00e9e de Pr\u00e9histoire de Carnac, une immersion unique dans la vie des premiers habitants de Bretagne. Infos pratiques, histoire, collections, horaires et conseils pour votre visite.\" \/>\n<meta property=\"og:url\" content=\"https:\/\/www.vacances-villas.com\/blog\/le-musee-de-prehistoire-de-carnac-un-voyage-fascinant-au-coeur-du-neolithique-breton\/\" \/>\n<meta property=\"og:site_name\" content=\"Blog\" \/>\n<meta property=\"article:publisher\" content=\"https:\/\/www.facebook.com\/profile.php?id=100068103702281\" \/>\n<meta property=\"article:author\" content=\"https:\/\/www.facebook.com\/Agence-Atlantique-106373688301129\" \/>\n<meta property=\"article:published_time\" content=\"2025-07-04T14:14:00+00:00\" \/>\n<meta property=\"og:image\" content=\"https:\/\/www.vacances-villas.com\/blog\/wp-content\/uploads\/2025\/06\/menhir-2513827_1920.jpg\" \/>\n\t<meta property=\"og:image:width\" content=\"1280\" \/>\n\t<meta property=\"og:image:height\" content=\"1920\" \/>\n\t<meta property=\"og:image:type\" content=\"image\/jpeg\" \/>\n<meta name=\"author\" content=\"vacances-villas\" \/>\n<meta name=\"twitter:card\" content=\"summary_large_image\" \/>\n<meta name=\"twitter:label1\" content=\"\u00c9crit par\" \/>\n\t<meta name=\"twitter:data1\" content=\"vacances-villas\" \/>\n\t<meta name=\"twitter:label2\" content=\"Dur\u00e9e de lecture estim\u00e9e\" \/>\n\t<meta name=\"twitter:data2\" content=\"2 minutes\" \/>\n<script type=\"application\/ld+json\" class=\"yoast-schema-graph\">{\"@context\":\"https:\\\/\\\/schema.org\",\"@graph\":[{\"@type\":\"Article\",\"@id\":\"https:\\\/\\\/www.vacances-villas.com\\\/blog\\\/le-musee-de-prehistoire-de-carnac-un-voyage-fascinant-au-coeur-du-neolithique-breton\\\/#article\",\"isPartOf\":{\"@id\":\"https:\\\/\\\/www.vacances-villas.com\\\/blog\\\/le-musee-de-prehistoire-de-carnac-un-voyage-fascinant-au-coeur-du-neolithique-breton\\\/\"},\"author\":{\"name\":\"vacances-villas\",\"@id\":\"https:\\\/\\\/www.vacances-villas.com\\\/blog\\\/#\\\/schema\\\/person\\\/bbb0831c81e3c27edfe3425d99c758c7\"},\"headline\":\"Le Mus\u00e9e de Pr\u00e9histoire de Carnac : un voyage fascinant au c\u0153ur du N\u00e9olithique breton\",\"datePublished\":\"2025-07-04T14:14:00+00:00\",\"mainEntityOfPage\":{\"@id\":\"https:\\\/\\\/www.vacances-villas.com\\\/blog\\\/le-musee-de-prehistoire-de-carnac-un-voyage-fascinant-au-coeur-du-neolithique-breton\\\/\"},\"wordCount\":554,\"commentCount\":0,\"publisher\":{\"@id\":\"https:\\\/\\\/www.vacances-villas.com\\\/blog\\\/#organization\"},\"image\":{\"@id\":\"https:\\\/\\\/www.vacances-villas.com\\\/blog\\\/le-musee-de-prehistoire-de-carnac-un-voyage-fascinant-au-coeur-du-neolithique-breton\\\/#primaryimage\"},\"thumbnailUrl\":\"https:\\\/\\\/www.vacances-villas.com\\\/blog\\\/wp-content\\\/uploads\\\/2025\\\/06\\\/menhir-2513827_1920.jpg\",\"articleSection\":[\"Visiter\"],\"inLanguage\":\"fr-FR\",\"potentialAction\":[{\"@type\":\"CommentAction\",\"name\":\"Comment\",\"target\":[\"https:\\\/\\\/www.vacances-villas.com\\\/blog\\\/le-musee-de-prehistoire-de-carnac-un-voyage-fascinant-au-coeur-du-neolithique-breton\\\/#respond\"]}]},{\"@type\":\"WebPage\",\"@id\":\"https:\\\/\\\/www.vacances-villas.com\\\/blog\\\/le-musee-de-prehistoire-de-carnac-un-voyage-fascinant-au-coeur-du-neolithique-breton\\\/\",\"url\":\"https:\\\/\\\/www.vacances-villas.com\\\/blog\\\/le-musee-de-prehistoire-de-carnac-un-voyage-fascinant-au-coeur-du-neolithique-breton\\\/\",\"name\":\"Mus\u00e9e de Pr\u00e9histoire de Carnac, un voyage au c\u0153ur du N\u00e9olithique breton\",\"isPartOf\":{\"@id\":\"https:\\\/\\\/www.vacances-villas.com\\\/blog\\\/#website\"},\"primaryImageOfPage\":{\"@id\":\"https:\\\/\\\/www.vacances-villas.com\\\/blog\\\/le-musee-de-prehistoire-de-carnac-un-voyage-fascinant-au-coeur-du-neolithique-breton\\\/#primaryimage\"},\"image\":{\"@id\":\"https:\\\/\\\/www.vacances-villas.com\\\/blog\\\/le-musee-de-prehistoire-de-carnac-un-voyage-fascinant-au-coeur-du-neolithique-breton\\\/#primaryimage\"},\"thumbnailUrl\":\"https:\\\/\\\/www.vacances-villas.com\\\/blog\\\/wp-content\\\/uploads\\\/2025\\\/06\\\/menhir-2513827_1920.jpg\",\"datePublished\":\"2025-07-04T14:14:00+00:00\",\"description\":\"D\u00e9couvrez le Mus\u00e9e de Pr\u00e9histoire de Carnac, une immersion unique dans la vie des premiers habitants de Bretagne. Infos pratiques, histoire, collections, horaires et conseils pour votre visite.\",\"breadcrumb\":{\"@id\":\"https:\\\/\\\/www.vacances-villas.com\\\/blog\\\/le-musee-de-prehistoire-de-carnac-un-voyage-fascinant-au-coeur-du-neolithique-breton\\\/#breadcrumb\"},\"inLanguage\":\"fr-FR\",\"potentialAction\":[{\"@type\":\"ReadAction\",\"target\":[\"https:\\\/\\\/www.vacances-villas.com\\\/blog\\\/le-musee-de-prehistoire-de-carnac-un-voyage-fascinant-au-coeur-du-neolithique-breton\\\/\"]}]},{\"@type\":\"ImageObject\",\"inLanguage\":\"fr-FR\",\"@id\":\"https:\\\/\\\/www.vacances-villas.com\\\/blog\\\/le-musee-de-prehistoire-de-carnac-un-voyage-fascinant-au-coeur-du-neolithique-breton\\\/#primaryimage\",\"url\":\"https:\\\/\\\/www.vacances-villas.com\\\/blog\\\/wp-content\\\/uploads\\\/2025\\\/06\\\/menhir-2513827_1920.jpg\",\"contentUrl\":\"https:\\\/\\\/www.vacances-villas.com\\\/blog\\\/wp-content\\\/uploads\\\/2025\\\/06\\\/menhir-2513827_1920.jpg\",\"width\":1280,\"height\":1920},{\"@type\":\"BreadcrumbList\",\"@id\":\"https:\\\/\\\/www.vacances-villas.com\\\/blog\\\/le-musee-de-prehistoire-de-carnac-un-voyage-fascinant-au-coeur-du-neolithique-breton\\\/#breadcrumb\",\"itemListElement\":[{\"@type\":\"ListItem\",\"position\":1,\"name\":\"Home\",\"item\":\"https:\\\/\\\/www.vacances-villas.com\\\/blog\\\/\"},{\"@type\":\"ListItem\",\"position\":2,\"name\":\"Le Mus\u00e9e de Pr\u00e9histoire de Carnac : un voyage fascinant au c\u0153ur du N\u00e9olithique breton\"}]},{\"@type\":\"WebSite\",\"@id\":\"https:\\\/\\\/www.vacances-villas.com\\\/blog\\\/#website\",\"url\":\"https:\\\/\\\/www.vacances-villas.com\\\/blog\\\/\",\"name\":\"Blog\",\"description\":\"vacances-villas\",\"publisher\":{\"@id\":\"https:\\\/\\\/www.vacances-villas.com\\\/blog\\\/#organization\"},\"potentialAction\":[{\"@type\":\"SearchAction\",\"target\":{\"@type\":\"EntryPoint\",\"urlTemplate\":\"https:\\\/\\\/www.vacances-villas.com\\\/blog\\\/?s={search_term_string}\"},\"query-input\":{\"@type\":\"PropertyValueSpecification\",\"valueRequired\":true,\"valueName\":\"search_term_string\"}}],\"inLanguage\":\"fr-FR\"},{\"@type\":\"Organization\",\"@id\":\"https:\\\/\\\/www.vacances-villas.com\\\/blog\\\/#organization\",\"name\":\"Vacances Villas\",\"url\":\"https:\\\/\\\/www.vacances-villas.com\\\/blog\\\/\",\"logo\":{\"@type\":\"ImageObject\",\"inLanguage\":\"fr-FR\",\"@id\":\"https:\\\/\\\/www.vacances-villas.com\\\/blog\\\/#\\\/schema\\\/logo\\\/image\\\/\",\"url\":\"https:\\\/\\\/www.vacances-villas.com\\\/blog\\\/wp-content\\\/uploads\\\/2024\\\/07\\\/logo.png\",\"contentUrl\":\"https:\\\/\\\/www.vacances-villas.com\\\/blog\\\/wp-content\\\/uploads\\\/2024\\\/07\\\/logo.png\",\"width\":1140,\"height\":488,\"caption\":\"Vacances Villas\"},\"image\":{\"@id\":\"https:\\\/\\\/www.vacances-villas.com\\\/blog\\\/#\\\/schema\\\/logo\\\/image\\\/\"},\"sameAs\":[\"https:\\\/\\\/www.facebook.com\\\/profile.php?id=100068103702281\"]},{\"@type\":\"Person\",\"@id\":\"https:\\\/\\\/www.vacances-villas.com\\\/blog\\\/#\\\/schema\\\/person\\\/bbb0831c81e3c27edfe3425d99c758c7\",\"name\":\"vacances-villas\",\"image\":{\"@type\":\"ImageObject\",\"inLanguage\":\"fr-FR\",\"@id\":\"https:\\\/\\\/secure.gravatar.com\\\/avatar\\\/febfbdfb3d0eb2745e648590e83d2c5144bf2c7261ed976be516a2fa070c7818?s=96&d=mm&r=g\",\"url\":\"https:\\\/\\\/secure.gravatar.com\\\/avatar\\\/febfbdfb3d0eb2745e648590e83d2c5144bf2c7261ed976be516a2fa070c7818?s=96&d=mm&r=g\",\"contentUrl\":\"https:\\\/\\\/secure.gravatar.com\\\/avatar\\\/febfbdfb3d0eb2745e648590e83d2c5144bf2c7261ed976be516a2fa070c7818?s=96&d=mm&r=g\",\"caption\":\"vacances-villas\"},\"sameAs\":[\"https:\\\/\\\/www.facebook.com\\\/Agence-Atlantique-106373688301129\"],\"url\":\"https:\\\/\\\/www.vacances-villas.com\\\/blog\\\/author\\\/vacances-villas\\\/\"}]}<\/script>\n<!-- \/ Yoast SEO plugin. -->","yoast_head_json":{"title":"Mus\u00e9e de Pr\u00e9histoire de Carnac, un voyage au c\u0153ur du N\u00e9olithique breton","description":"D\u00e9couvrez le Mus\u00e9e de Pr\u00e9histoire de Carnac, une immersion unique dans la vie des premiers habitants de Bretagne. Infos pratiques, histoire, collections, horaires et conseils pour votre visite.","robots":{"index":"index","follow":"follow","max-snippet":"max-snippet:-1","max-image-preview":"max-image-preview:large","max-video-preview":"max-video-preview:-1"},"canonical":"https:\/\/www.vacances-villas.com\/blog\/le-musee-de-prehistoire-de-carnac-un-voyage-fascinant-au-coeur-du-neolithique-breton\/","og_locale":"fr_FR","og_type":"article","og_title":"Mus\u00e9e de Pr\u00e9histoire de Carnac, un voyage au c\u0153ur du N\u00e9olithique breton","og_description":"D\u00e9couvrez le Mus\u00e9e de Pr\u00e9histoire de Carnac, une immersion unique dans la vie des premiers habitants de Bretagne. Infos pratiques, histoire, collections, horaires et conseils pour votre visite.","og_url":"https:\/\/www.vacances-villas.com\/blog\/le-musee-de-prehistoire-de-carnac-un-voyage-fascinant-au-coeur-du-neolithique-breton\/","og_site_name":"Blog","article_publisher":"https:\/\/www.facebook.com\/profile.php?id=100068103702281","article_author":"https:\/\/www.facebook.com\/Agence-Atlantique-106373688301129","article_published_time":"2025-07-04T14:14:00+00:00","og_image":[{"width":1280,"height":1920,"url":"https:\/\/www.vacances-villas.com\/blog\/wp-content\/uploads\/2025\/06\/menhir-2513827_1920.jpg","type":"image\/jpeg"}],"author":"vacances-villas","twitter_card":"summary_large_image","twitter_misc":{"\u00c9crit par":"vacances-villas","Dur\u00e9e de lecture estim\u00e9e":"2 minutes"},"schema":{"@context":"https:\/\/schema.org","@graph":[{"@type":"Article","@id":"https:\/\/www.vacances-villas.com\/blog\/le-musee-de-prehistoire-de-carnac-un-voyage-fascinant-au-coeur-du-neolithique-breton\/#article","isPartOf":{"@id":"https:\/\/www.vacances-villas.com\/blog\/le-musee-de-prehistoire-de-carnac-un-voyage-fascinant-au-coeur-du-neolithique-breton\/"},"author":{"name":"vacances-villas","@id":"https:\/\/www.vacances-villas.com\/blog\/#\/schema\/person\/bbb0831c81e3c27edfe3425d99c758c7"},"headline":"Le Mus\u00e9e de Pr\u00e9histoire de Carnac : un voyage fascinant au c\u0153ur du N\u00e9olithique breton","datePublished":"2025-07-04T14:14:00+00:00","mainEntityOfPage":{"@id":"https:\/\/www.vacances-villas.com\/blog\/le-musee-de-prehistoire-de-carnac-un-voyage-fascinant-au-coeur-du-neolithique-breton\/"},"wordCount":554,"commentCount":0,"publisher":{"@id":"https:\/\/www.vacances-villas.com\/blog\/#organization"},"image":{"@id":"https:\/\/www.vacances-villas.com\/blog\/le-musee-de-prehistoire-de-carnac-un-voyage-fascinant-au-coeur-du-neolithique-breton\/#primaryimage"},"thumbnailUrl":"https:\/\/www.vacances-villas.com\/blog\/wp-content\/uploads\/2025\/06\/menhir-2513827_1920.jpg","articleSection":["Visiter"],"inLanguage":"fr-FR","potentialAction":[{"@type":"CommentAction","name":"Comment","target":["https:\/\/www.vacances-villas.com\/blog\/le-musee-de-prehistoire-de-carnac-un-voyage-fascinant-au-coeur-du-neolithique-breton\/#respond"]}]},{"@type":"WebPage","@id":"https:\/\/www.vacances-villas.com\/blog\/le-musee-de-prehistoire-de-carnac-un-voyage-fascinant-au-coeur-du-neolithique-breton\/","url":"https:\/\/www.vacances-villas.com\/blog\/le-musee-de-prehistoire-de-carnac-un-voyage-fascinant-au-coeur-du-neolithique-breton\/","name":"Mus\u00e9e de Pr\u00e9histoire de Carnac, un voyage au c\u0153ur du N\u00e9olithique breton","isPartOf":{"@id":"https:\/\/www.vacances-villas.com\/blog\/#website"},"primaryImageOfPage":{"@id":"https:\/\/www.vacances-villas.com\/blog\/le-musee-de-prehistoire-de-carnac-un-voyage-fascinant-au-coeur-du-neolithique-breton\/#primaryimage"},"image":{"@id":"https:\/\/www.vacances-villas.com\/blog\/le-musee-de-prehistoire-de-carnac-un-voyage-fascinant-au-coeur-du-neolithique-breton\/#primaryimage"},"thumbnailUrl":"https:\/\/www.vacances-villas.com\/blog\/wp-content\/uploads\/2025\/06\/menhir-2513827_1920.jpg","datePublished":"2025-07-04T14:14:00+00:00","description":"D\u00e9couvrez le Mus\u00e9e de Pr\u00e9histoire de Carnac, une immersion unique dans la vie des premiers habitants de Bretagne. Infos pratiques, histoire, collections, horaires et conseils pour votre visite.","breadcrumb":{"@id":"https:\/\/www.vacances-villas.com\/blog\/le-musee-de-prehistoire-de-carnac-un-voyage-fascinant-au-coeur-du-neolithique-breton\/#breadcrumb"},"inLanguage":"fr-FR","potentialAction":[{"@type":"ReadAction","target":["https:\/\/www.vacances-villas.com\/blog\/le-musee-de-prehistoire-de-carnac-un-voyage-fascinant-au-coeur-du-neolithique-breton\/"]}]},{"@type":"ImageObject","inLanguage":"fr-FR","@id":"https:\/\/www.vacances-villas.com\/blog\/le-musee-de-prehistoire-de-carnac-un-voyage-fascinant-au-coeur-du-neolithique-breton\/#primaryimage","url":"https:\/\/www.vacances-villas.com\/blog\/wp-content\/uploads\/2025\/06\/menhir-2513827_1920.jpg","contentUrl":"https:\/\/www.vacances-villas.com\/blog\/wp-content\/uploads\/2025\/06\/menhir-2513827_1920.jpg","width":1280,"height":1920},{"@type":"BreadcrumbList","@id":"https:\/\/www.vacances-villas.com\/blog\/le-musee-de-prehistoire-de-carnac-un-voyage-fascinant-au-coeur-du-neolithique-breton\/#breadcrumb","itemListElement":[{"@type":"ListItem","position":1,"name":"Home","item":"https:\/\/www.vacances-villas.com\/blog\/"},{"@type":"ListItem","position":2,"name":"Le Mus\u00e9e de Pr\u00e9histoire de Carnac : un voyage fascinant au c\u0153ur du N\u00e9olithique breton"}]},{"@type":"WebSite","@id":"https:\/\/www.vacances-villas.com\/blog\/#website","url":"https:\/\/www.vacances-villas.com\/blog\/","name":"Blog","description":"vacances-villas","publisher":{"@id":"https:\/\/www.vacances-villas.com\/blog\/#organization"},"potentialAction":[{"@type":"SearchAction","target":{"@type":"EntryPoint","urlTemplate":"https:\/\/www.vacances-villas.com\/blog\/?s={search_term_string}"},"query-input":{"@type":"PropertyValueSpecification","valueRequired":true,"valueName":"search_term_string"}}],"inLanguage":"fr-FR"},{"@type":"Organization","@id":"https:\/\/www.vacances-villas.com\/blog\/#organization","name":"Vacances Villas","url":"https:\/\/www.vacances-villas.com\/blog\/","logo":{"@type":"ImageObject","inLanguage":"fr-FR","@id":"https:\/\/www.vacances-villas.com\/blog\/#\/schema\/logo\/image\/","url":"https:\/\/www.vacances-villas.com\/blog\/wp-content\/uploads\/2024\/07\/logo.png","contentUrl":"https:\/\/www.vacances-villas.com\/blog\/wp-content\/uploads\/2024\/07\/logo.png","width":1140,"height":488,"caption":"Vacances Villas"},"image":{"@id":"https:\/\/www.vacances-villas.com\/blog\/#\/schema\/logo\/image\/"},"sameAs":["https:\/\/www.facebook.com\/profile.php?id=100068103702281"]},{"@type":"Person","@id":"https:\/\/www.vacances-villas.com\/blog\/#\/schema\/person\/bbb0831c81e3c27edfe3425d99c758c7","name":"vacances-villas","image":{"@type":"ImageObject","inLanguage":"fr-FR","@id":"https:\/\/secure.gravatar.com\/avatar\/febfbdfb3d0eb2745e648590e83d2c5144bf2c7261ed976be516a2fa070c7818?s=96&d=mm&r=g","url":"https:\/\/secure.gravatar.com\/avatar\/febfbdfb3d0eb2745e648590e83d2c5144bf2c7261ed976be516a2fa070c7818?s=96&d=mm&r=g","contentUrl":"https:\/\/secure.gravatar.com\/avatar\/febfbdfb3d0eb2745e648590e83d2c5144bf2c7261ed976be516a2fa070c7818?s=96&d=mm&r=g","caption":"vacances-villas"},"sameAs":["https:\/\/www.facebook.com\/Agence-Atlantique-106373688301129"],"url":"https:\/\/www.vacances-villas.com\/blog\/author\/vacances-villas\/"}]}},"_links":{"self":[{"href":"https:\/\/www.vacances-villas.com\/blog\/wp-json\/wp\/v2\/posts\/680","targetHints":{"allow":["GET"]}}],"collection":[{"href":"https:\/\/www.vacances-villas.com\/blog\/wp-json\/wp\/v2\/posts"}],"about":[{"href":"https:\/\/www.vacances-villas.com\/blog\/wp-json\/wp\/v2\/types\/post"}],"author":[{"embeddable":true,"href":"https:\/\/www.vacances-villas.com\/blog\/wp-json\/wp\/v2\/users\/2"}],"replies":[{"embeddable":true,"href":"https:\/\/www.vacances-villas.com\/blog\/wp-json\/wp\/v2\/comments?post=680"}],"version-history":[{"count":1,"href":"https:\/\/www.vacances-villas.com\/blog\/wp-json\/wp\/v2\/posts\/680\/revisions"}],"predecessor-version":[{"id":684,"href":"https:\/\/www.vacances-villas.com\/blog\/wp-json\/wp\/v2\/posts\/680\/revisions\/684"}],"wp:featuredmedia":[{"embeddable":true,"href":"https:\/\/www.vacances-villas.com\/blog\/wp-json\/wp\/v2\/media\/681"}],"wp:attachment":[{"href":"https:\/\/www.vacances-villas.com\/blog\/wp-json\/wp\/v2\/media?parent=680"}],"wp:term":[{"taxonomy":"category","embeddable":true,"href":"https:\/\/www.vacances-villas.com\/blog\/wp-json\/wp\/v2\/categories?post=680"},{"taxonomy":"post_tag","embeddable":true,"href":"https:\/\/www.vacances-villas.com\/blog\/wp-json\/wp\/v2\/tags?post=680"}],"curies":[{"name":"wp","href":"https:\/\/api.w.org\/{rel}","templated":true}]}}