{"id":83,"date":"2021-05-20T17:00:00","date_gmt":"2021-05-20T17:00:00","guid":{"rendered":"https:\/\/www.vacances-villas.com\/blog\/?p=83"},"modified":"2021-10-07T09:39:07","modified_gmt":"2021-10-07T09:39:07","slug":"de-beaux-paysages-pres-de-carnac","status":"publish","type":"post","link":"https:\/\/www.vacances-villas.com\/blog\/de-beaux-paysages-pres-de-carnac\/","title":{"rendered":"De beaux paysages pr\u00e8s de Carnac"},"content":{"rendered":"\n<p><em>Presqu&rsquo;\u00eele de Quiberon, Plages de Carnac ou encore le Golfe du Morbihan vous offrent de magnifiques vues et paysages. Pour vos souvenirs de vacances ou pour votre profil Instagram, retrouvez dans cet article les paysages \u00e0 ne pas manquer ! <\/em><\/p>\n\n\n\n<div style=\"height:60px\" aria-hidden=\"true\" class=\"wp-block-spacer\"><\/div>\n\n\n\n<h2 class=\"wp-block-heading\">La presqu&rsquo;\u00eele de Quiberon : deux c\u00f4tes, deux ambiances.<\/h2>\n\n\n\n<p>Ce lieu incontournable du Morbihan montre deux facettes \u00e0 ceux qui souhaitent le d\u00e9couvrir. La presqu\u2019\u00eele offre 14km de longues plages de sable fin, o\u00f9 vous pourrez savourer la caresse du soleil sur votre peau et respirer la d\u00e9licate odeur des embruns. Cette partie de la c\u00f4te est tr\u00e8s pris\u00e9e des vacanciers mais aussi des surfeurs qui profitent des vagues pour am\u00e9liorer leur technique.<\/p>\n\n\n\n<div style=\"height:40px\" aria-hidden=\"true\" class=\"wp-block-spacer\"><\/div>\n\n\n\n<div class=\"wp-block-image\"><figure class=\"aligncenter size-large is-resized\"><img loading=\"lazy\" decoding=\"async\" src=\"https:\/\/www.vacances-villas.com\/blog\/wp-content\/uploads\/2021\/05\/crtb-ac3394_BERTHIER-Emmanuel-1-1000x630.jpg\" alt=\"Plage de Quiberon\" class=\"wp-image-98\" width=\"500\" height=\"300\"\/><figcaption> la plage de Port Blanc<\/figcaption><\/figure><\/div>\n\n\n\n<div style=\"height:40px\" aria-hidden=\"true\" class=\"wp-block-spacer\"><\/div>\n\n\n\n<div class=\"wp-block-image\"><figure class=\"aligncenter size-large is-resized\"><img loading=\"lazy\" decoding=\"async\" src=\"https:\/\/www.vacances-villas.com\/blog\/wp-content\/uploads\/2021\/05\/crtb-ad3178_BERTHIER-Emmanuel-1000x630.jpg\" alt=\"Surfeurs sur l'eau\" class=\"wp-image-87\" width=\"500\" height=\"300\"\/><figcaption>Presqu&rsquo;\u00eele de Quiberon<\/figcaption><\/figure><\/div>\n\n\n\n<div style=\"height:40px\" aria-hidden=\"true\" class=\"wp-block-spacer\"><\/div>\n\n\n\n<div class=\"wp-block-image\"><figure class=\"aligncenter size-large is-resized\"><img loading=\"lazy\" decoding=\"async\" src=\"https:\/\/www.vacances-villas.com\/blog\/wp-content\/uploads\/2021\/05\/crtb-ac6271_BERTHIER-Emmanuel-1000x630.jpg\" alt=\"Sentier plage\" class=\"wp-image-89\" width=\"500\" height=\"300\"\/><figcaption>coucher du soleil sur le sentier<\/figcaption><\/figure><\/div>\n\n\n\n<div style=\"height:50px\" aria-hidden=\"true\" class=\"wp-block-spacer\"><\/div>\n\n\n\n<p>La seconde facette de la presqu\u2019\u00eele, c\u2019est la fameuse c\u00f4te sauvage. C\u2019est les vagues se brisant sur les rochers et les falaises brunes, faisant voler l\u2019\u00e9cume qui sont s\u00fbrement \u00e0 l\u2019origine de ce qualificatif de \u00ab&nbsp;sauvage&nbsp;\u00bb. En se promenant pr\u00e8s de ces falaises on peut \u00e9galement observer une nature pr\u00e9serv\u00e9e. 700 esp\u00e8ces de v\u00e9g\u00e9taux comme les rares orchid\u00e9es sauvages ou les discr\u00e8tes violettes tapissent les bords de ces falaises. &nbsp;<\/p>\n\n\n\n<div style=\"height:40px\" aria-hidden=\"true\" class=\"wp-block-spacer\"><\/div>\n\n\n\n<div class=\"wp-block-image\"><figure class=\"aligncenter size-large is-resized\"><img loading=\"lazy\" decoding=\"async\" src=\"https:\/\/www.vacances-villas.com\/blog\/wp-content\/uploads\/2021\/05\/Adt-aa1897_Loic-KERSUZAN-Morbihan-Tourisme-1000x630.jpg\" alt=\"falaises\" class=\"wp-image-95\" width=\"500\" height=\"300\"\/><figcaption>Falaises de la c\u00f4te sauvage<\/figcaption><\/figure><\/div>\n\n\n\n<div style=\"height:40px\" aria-hidden=\"true\" class=\"wp-block-spacer\"><\/div>\n\n\n\n<div class=\"wp-block-image\"><figure class=\"aligncenter size-large is-resized\"><img loading=\"lazy\" decoding=\"async\" src=\"https:\/\/www.vacances-villas.com\/blog\/wp-content\/uploads\/2021\/05\/Adt-aa1992_Loic-KERSUZAN-Morbihan-Tourisme-1000x630.jpg\" alt=\"Plage et falaise\" class=\"wp-image-93\" width=\"500\" height=\"300\"\/><figcaption>Coucher de soleil sur la falaise<\/figcaption><\/figure><\/div>\n\n\n\n<div style=\"height:40px\" aria-hidden=\"true\" class=\"wp-block-spacer\"><\/div>\n\n\n\n<div class=\"wp-block-image\"><figure class=\"aligncenter size-large is-resized\"><img loading=\"lazy\" decoding=\"async\" src=\"https:\/\/www.vacances-villas.com\/blog\/wp-content\/uploads\/2021\/05\/crtb-ab9104_GUILLAUDEAU-Donatienne-CRT-Bretagne.jpg\" alt=\"Oc\u00e9an\" class=\"wp-image-91\" width=\"500\" height=\"300\"\/><figcaption>l&rsquo;oc\u00e9an depuis la c\u00f4te sauvage<\/figcaption><\/figure><\/div>\n\n\n\n<div style=\"height:100px\" aria-hidden=\"true\" class=\"wp-block-spacer\"><\/div>\n\n\n\n<h2 class=\"wp-block-heading\">Le Golfe du Morbihan <\/h2>\n\n\n\n<p>Un des plus beaux golfes du monde, le golfe du Morbihan est un v\u00e9ritable pont entre terre et mer. Il couvre 11&nbsp;500 ha et comporte une quarantaine d\u2019\u00eeles. Parmi les \u00eeles les plus connues il y a bien sur l\u2019\u00cele aux Moines que vous retrouverez dans un autre article. Les 180 km de c\u00f4te du golfe vous permettront de profiter de paysages somptueux tout en restant au sec. Vous pourrez \u00e9galement faire le tour du Golfe en bateau en partant du port de Locmariaquer (plus d&rsquo;informations sur <a href=\"https:\/\/www.vedettes-angelus.com\/\" target=\"_blank\" rel=\"noreferrer noopener\">ce site<\/a>).<\/p>\n\n\n\n<div style=\"height:50px\" aria-hidden=\"true\" class=\"wp-block-spacer\"><\/div>\n\n\n\n<div class=\"wp-block-image\"><figure class=\"aligncenter size-large is-resized\"><img loading=\"lazy\" decoding=\"async\" src=\"https:\/\/www.vacances-villas.com\/blog\/wp-content\/uploads\/2021\/05\/Adt-aa1705_Loic-KERSUZAN-Morbihan-Tourisme-1000x630.jpg\" alt=\"\" class=\"wp-image-121\" width=\"500\" height=\"300\"\/><figcaption>Coucher de soleil sur le Golfe<\/figcaption><\/figure><\/div>\n\n\n\n<div style=\"height:40px\" aria-hidden=\"true\" class=\"wp-block-spacer\"><\/div>\n\n\n\n<div class=\"wp-block-image\"><figure class=\"aligncenter size-large is-resized\"><img loading=\"lazy\" decoding=\"async\" src=\"https:\/\/www.vacances-villas.com\/blog\/wp-content\/uploads\/2021\/05\/Adt-aa1201_Loic-KERSUZAN-Morbihan-Tourisme-1000x630.jpg\" alt=\"\" class=\"wp-image-123\" width=\"500\" height=\"300\"\/><figcaption>De jolis voiliers<\/figcaption><\/figure><\/div>\n\n\n\n<div style=\"height:40px\" aria-hidden=\"true\" class=\"wp-block-spacer\"><\/div>\n\n\n\n<div class=\"wp-block-image\"><figure class=\"aligncenter size-large is-resized\"><img loading=\"lazy\" decoding=\"async\" src=\"https:\/\/www.vacances-villas.com\/blog\/wp-content\/uploads\/2021\/05\/Adt-aa1657_Loic-KERSUZAN-Morbihan-Tourisme-1000x630.jpg\" alt=\"\" class=\"wp-image-125\" width=\"500\" height=\"300\"\/><figcaption>Une petite Chapelle sur une \u00eele<\/figcaption><\/figure><\/div>\n\n\n\n<div style=\"height:40px\" aria-hidden=\"true\" class=\"wp-block-spacer\"><\/div>\n\n\n\n<div class=\"wp-block-image\"><figure class=\"aligncenter size-large is-resized\"><img loading=\"lazy\" decoding=\"async\" src=\"https:\/\/www.vacances-villas.com\/blog\/wp-content\/uploads\/2021\/05\/Adt-aa1656_Loic-KERSUZAN-Morbihan-Tourisme-1000x630.jpg\" alt=\"\" class=\"wp-image-127\" width=\"500\" height=\"300\"\/><figcaption>Le front de mer<\/figcaption><\/figure><\/div>\n\n\n\n<div style=\"height:100px\" aria-hidden=\"true\" class=\"wp-block-spacer\"><\/div>\n\n\n\n<h2 class=\"wp-block-heading\">La plage de Ty Bihan<\/h2>\n\n\n\n<p>Cette superbe plage se trouve \u00e0 Carnac. Avec son eau cristalline et son sable fin on pourrait presque se croire sous les tropiques ou en Corse&nbsp;! La plage fait 400m de longueur, de quoi faire une jolie promenade. De plus, l\u2019\u00e9t\u00e9, un club pour enfants s\u2019y installe et y propose des activit\u00e9s.<\/p>\n\n\n\n<div style=\"height:50px\" aria-hidden=\"true\" class=\"wp-block-spacer\"><\/div>\n\n\n\n<div class=\"wp-block-image\"><figure class=\"aligncenter size-large is-resized\"><img loading=\"lazy\" decoding=\"async\" src=\"https:\/\/www.vacances-villas.com\/blog\/wp-content\/uploads\/2021\/05\/crtb-ad9459_PORIEL-Thibault-_-SB-1200x630.jpg\" alt=\"\" class=\"wp-image-132\" width=\"500\" height=\"300\"\/><figcaption>Plage de Ty-Bihan<\/figcaption><\/figure><\/div>\n\n\n\n<div style=\"height:40px\" aria-hidden=\"true\" class=\"wp-block-spacer\"><\/div>\n\n\n\n<div class=\"wp-block-image\"><figure class=\"aligncenter size-large is-resized\"><img loading=\"lazy\" decoding=\"async\" src=\"https:\/\/www.vacances-villas.com\/blog\/wp-content\/uploads\/2021\/05\/crtb-ad9458_PORIEL-Thibault-_-SB-1200x630.jpg\" alt=\"\" class=\"wp-image-134\" width=\"500\" height=\"300\"\/><figcaption>Plage de Ty-Bihan<\/figcaption><\/figure><\/div>\n\n\n\n<div style=\"height:40px\" aria-hidden=\"true\" class=\"wp-block-spacer\"><\/div>\n\n\n\n<div class=\"wp-block-image\"><figure class=\"aligncenter size-large is-resized\"><img loading=\"lazy\" decoding=\"async\" src=\"https:\/\/www.vacances-villas.com\/blog\/wp-content\/uploads\/2021\/05\/crtb-ac8085_LE-GAL-Yannick-1000x630.jpg\" alt=\"\" class=\"wp-image-136\" width=\"500\" height=\"300\"\/><figcaption>Plage de Ty-Bihan<\/figcaption><\/figure><\/div>\n\n\n\n<div style=\"height:70px\" aria-hidden=\"true\" class=\"wp-block-spacer\"><\/div>\n\n\n\n<p>Vous souhaitez trouver d&rsquo;autres paysages \u00e0 Carnac et aux alentours ?  Rendez-vous sur<a href=\"https:\/\/www.ot-carnac.fr\/decouvrir\/carnac-en-images\/photos\" target=\"_blank\" rel=\"noreferrer noopener\">&nbsp;le site internet de l\u2019office du tourisme de Carnac&nbsp;<\/a>!<\/p>\n\n\n\n<div style=\"height:144px\" aria-hidden=\"true\" class=\"wp-block-spacer\"><\/div>\n\n\n\n<p>Si vous avez aim\u00e9 cet article, n\u2019h\u00e9sitez pas \u00e0 nous le faire savoir en laissant un commentaire et en nous suivant sur notre page&nbsp;<a href=\"https:\/\/www.facebook.com\/Agence-Atlantique-106373688301129\" target=\"_blank\" rel=\"noreferrer noopener\">Facebook<\/a>&nbsp;\ud83d\ude0a<\/p>\n\n\n\n<div style=\"height:110px\" aria-hidden=\"true\" class=\"wp-block-spacer\"><\/div>\n\n\n\n<div class=\"wp-block-buttons is-layout-flex wp-block-buttons-is-layout-flex\">\n<div class=\"wp-block-button\"><a class=\"wp-block-button__link\" href=\"https:\/\/www.vacances-villas.com\/blog\/\">Revenir au menu du blog<\/a><\/div>\n<\/div>\n\n\n\n<div style=\"height:100px\" aria-hidden=\"true\" class=\"wp-block-spacer\"><\/div>\n\n\n\n<div class=\"wp-block-group\"><div class=\"wp-block-group__inner-container is-layout-flow wp-block-group-is-layout-flow\">\n<p style=\"font-size:11px\">Cr\u00e9dits photos : <\/p>\n\n\n\n<p style=\"font-size:11px\">Lo\u00efc Kersuzan-Morbihan Tourisme pour les photos:  le coucher de soleil sur la falaise, falaises de la c\u00f4te sauvage, coucher de soleil sur le golfe, de jolis voiliers, une petite chapelle sur une \u00eele et le front de mer<\/p>\n\n\n\n<p style=\"font-size:11px\">Berthier Emmanuel pour les photos : Presqu&rsquo;\u00eele de Quiberon, coucher du soleil sur le sentier et la Plage du Port Blanc <\/p>\n\n\n\n<p style=\"font-size:11px\">Guillaudeau Donatienne pour la photo :  l&rsquo;oc\u00e9an depuis la c\u00f4te sauvage<\/p>\n\n\n\n<p style=\"font-size:11px\">Poriel Thibault pour les photos : la plage de Ty-Bihan. <\/p>\n<\/div><\/div>\n","protected":false},"excerpt":{"rendered":"<p>Pour vos souvenirs de vacances ou pour votre profil Instagram, retrouvez dans cet article les paysages \u00e0 ne pas manquer ! <\/p>\n","protected":false},"author":1,"featured_media":135,"comment_status":"open","ping_status":"closed","sticky":false,"template":"","format":"standard","meta":{"footnotes":""},"categories":[3,8],"tags":[],"class_list":["post-83","post","type-post","status-publish","format-standard","has-post-thumbnail","hentry","category-carnacetsesenvirons","category-semerveiller"],"yoast_head":"<!-- This site is optimized with the Yoast SEO plugin v27.4 - https:\/\/yoast.com\/product\/yoast-seo-wordpress\/ -->\n<title>De beaux paysages pr\u00e8s de Carnac - Blog - S&#039;\u00e9merveiller<\/title>\n<meta name=\"description\" content=\"Pour vos souvenirs de vacances ou pour votre profil Instagram, retrouvez dans cet article les paysages \u00e0 ne pas manquer !\" \/>\n<meta name=\"robots\" content=\"index, follow, max-snippet:-1, max-image-preview:large, max-video-preview:-1\" \/>\n<link rel=\"canonical\" href=\"https:\/\/www.vacances-villas.com\/blog\/de-beaux-paysages-pres-de-carnac\/\" \/>\n<meta property=\"og:locale\" content=\"fr_FR\" \/>\n<meta property=\"og:type\" content=\"article\" \/>\n<meta property=\"og:title\" content=\"De beaux paysages pr\u00e8s de Carnac - Blog - S&#039;\u00e9merveiller\" \/>\n<meta property=\"og:description\" content=\"Pour vos souvenirs de vacances ou pour votre profil Instagram, retrouvez dans cet article les paysages \u00e0 ne pas manquer !\" \/>\n<meta property=\"og:url\" content=\"https:\/\/www.vacances-villas.com\/blog\/de-beaux-paysages-pres-de-carnac\/\" \/>\n<meta property=\"og:site_name\" content=\"Blog\" \/>\n<meta property=\"article:publisher\" content=\"https:\/\/www.facebook.com\/profile.php?id=100068103702281\" \/>\n<meta property=\"article:published_time\" content=\"2021-05-20T17:00:00+00:00\" \/>\n<meta property=\"article:modified_time\" content=\"2021-10-07T09:39:07+00:00\" \/>\n<meta property=\"og:image\" content=\"https:\/\/www.vacances-villas.com\/blog\/wp-content\/uploads\/2021\/05\/crtb-ad9458_PORIEL-Thibault-_-SB.jpg\" \/>\n\t<meta property=\"og:image:width\" content=\"1200\" \/>\n\t<meta property=\"og:image:height\" content=\"800\" \/>\n\t<meta property=\"og:image:type\" content=\"image\/jpeg\" \/>\n<meta name=\"author\" content=\"admin\" \/>\n<meta name=\"twitter:card\" content=\"summary_large_image\" \/>\n<meta name=\"twitter:label1\" content=\"\u00c9crit par\" \/>\n\t<meta name=\"twitter:data1\" content=\"admin\" \/>\n\t<meta name=\"twitter:label2\" content=\"Dur\u00e9e de lecture estim\u00e9e\" \/>\n\t<meta name=\"twitter:data2\" content=\"5 minutes\" \/>\n<script type=\"application\/ld+json\" class=\"yoast-schema-graph\">{\"@context\":\"https:\\\/\\\/schema.org\",\"@graph\":[{\"@type\":\"Article\",\"@id\":\"https:\\\/\\\/www.vacances-villas.com\\\/blog\\\/de-beaux-paysages-pres-de-carnac\\\/#article\",\"isPartOf\":{\"@id\":\"https:\\\/\\\/www.vacances-villas.com\\\/blog\\\/de-beaux-paysages-pres-de-carnac\\\/\"},\"author\":{\"name\":\"admin\",\"@id\":\"https:\\\/\\\/www.vacances-villas.com\\\/blog\\\/#\\\/schema\\\/person\\\/1d0d5145d14b9c023c9ea45d8f6058c0\"},\"headline\":\"De beaux paysages pr\u00e8s de Carnac\",\"datePublished\":\"2021-05-20T17:00:00+00:00\",\"dateModified\":\"2021-10-07T09:39:07+00:00\",\"mainEntityOfPage\":{\"@id\":\"https:\\\/\\\/www.vacances-villas.com\\\/blog\\\/de-beaux-paysages-pres-de-carnac\\\/\"},\"wordCount\":574,\"commentCount\":0,\"publisher\":{\"@id\":\"https:\\\/\\\/www.vacances-villas.com\\\/blog\\\/#organization\"},\"image\":{\"@id\":\"https:\\\/\\\/www.vacances-villas.com\\\/blog\\\/de-beaux-paysages-pres-de-carnac\\\/#primaryimage\"},\"thumbnailUrl\":\"https:\\\/\\\/www.vacances-villas.com\\\/blog\\\/wp-content\\\/uploads\\\/2021\\\/05\\\/crtb-ad9458_PORIEL-Thibault-_-SB.jpg\",\"articleSection\":[\"Carnac et ses environs\",\"S'\u00e9merveiller\"],\"inLanguage\":\"fr-FR\",\"potentialAction\":[{\"@type\":\"CommentAction\",\"name\":\"Comment\",\"target\":[\"https:\\\/\\\/www.vacances-villas.com\\\/blog\\\/de-beaux-paysages-pres-de-carnac\\\/#respond\"]}]},{\"@type\":\"WebPage\",\"@id\":\"https:\\\/\\\/www.vacances-villas.com\\\/blog\\\/de-beaux-paysages-pres-de-carnac\\\/\",\"url\":\"https:\\\/\\\/www.vacances-villas.com\\\/blog\\\/de-beaux-paysages-pres-de-carnac\\\/\",\"name\":\"De beaux paysages pr\u00e8s de Carnac - Blog - S'\u00e9merveiller\",\"isPartOf\":{\"@id\":\"https:\\\/\\\/www.vacances-villas.com\\\/blog\\\/#website\"},\"primaryImageOfPage\":{\"@id\":\"https:\\\/\\\/www.vacances-villas.com\\\/blog\\\/de-beaux-paysages-pres-de-carnac\\\/#primaryimage\"},\"image\":{\"@id\":\"https:\\\/\\\/www.vacances-villas.com\\\/blog\\\/de-beaux-paysages-pres-de-carnac\\\/#primaryimage\"},\"thumbnailUrl\":\"https:\\\/\\\/www.vacances-villas.com\\\/blog\\\/wp-content\\\/uploads\\\/2021\\\/05\\\/crtb-ad9458_PORIEL-Thibault-_-SB.jpg\",\"datePublished\":\"2021-05-20T17:00:00+00:00\",\"dateModified\":\"2021-10-07T09:39:07+00:00\",\"description\":\"Pour vos souvenirs de vacances ou pour votre profil Instagram, retrouvez dans cet article les paysages \u00e0 ne pas manquer !\",\"breadcrumb\":{\"@id\":\"https:\\\/\\\/www.vacances-villas.com\\\/blog\\\/de-beaux-paysages-pres-de-carnac\\\/#breadcrumb\"},\"inLanguage\":\"fr-FR\",\"potentialAction\":[{\"@type\":\"ReadAction\",\"target\":[\"https:\\\/\\\/www.vacances-villas.com\\\/blog\\\/de-beaux-paysages-pres-de-carnac\\\/\"]}]},{\"@type\":\"ImageObject\",\"inLanguage\":\"fr-FR\",\"@id\":\"https:\\\/\\\/www.vacances-villas.com\\\/blog\\\/de-beaux-paysages-pres-de-carnac\\\/#primaryimage\",\"url\":\"https:\\\/\\\/www.vacances-villas.com\\\/blog\\\/wp-content\\\/uploads\\\/2021\\\/05\\\/crtb-ad9458_PORIEL-Thibault-_-SB.jpg\",\"contentUrl\":\"https:\\\/\\\/www.vacances-villas.com\\\/blog\\\/wp-content\\\/uploads\\\/2021\\\/05\\\/crtb-ad9458_PORIEL-Thibault-_-SB.jpg\",\"width\":1200,\"height\":800,\"caption\":\"Beach\"},{\"@type\":\"BreadcrumbList\",\"@id\":\"https:\\\/\\\/www.vacances-villas.com\\\/blog\\\/de-beaux-paysages-pres-de-carnac\\\/#breadcrumb\",\"itemListElement\":[{\"@type\":\"ListItem\",\"position\":1,\"name\":\"Home\",\"item\":\"https:\\\/\\\/www.vacances-villas.com\\\/blog\\\/\"},{\"@type\":\"ListItem\",\"position\":2,\"name\":\"De beaux paysages pr\u00e8s de Carnac\"}]},{\"@type\":\"WebSite\",\"@id\":\"https:\\\/\\\/www.vacances-villas.com\\\/blog\\\/#website\",\"url\":\"https:\\\/\\\/www.vacances-villas.com\\\/blog\\\/\",\"name\":\"Blog\",\"description\":\"vacances-villas\",\"publisher\":{\"@id\":\"https:\\\/\\\/www.vacances-villas.com\\\/blog\\\/#organization\"},\"potentialAction\":[{\"@type\":\"SearchAction\",\"target\":{\"@type\":\"EntryPoint\",\"urlTemplate\":\"https:\\\/\\\/www.vacances-villas.com\\\/blog\\\/?s={search_term_string}\"},\"query-input\":{\"@type\":\"PropertyValueSpecification\",\"valueRequired\":true,\"valueName\":\"search_term_string\"}}],\"inLanguage\":\"fr-FR\"},{\"@type\":\"Organization\",\"@id\":\"https:\\\/\\\/www.vacances-villas.com\\\/blog\\\/#organization\",\"name\":\"Vacances Villas\",\"url\":\"https:\\\/\\\/www.vacances-villas.com\\\/blog\\\/\",\"logo\":{\"@type\":\"ImageObject\",\"inLanguage\":\"fr-FR\",\"@id\":\"https:\\\/\\\/www.vacances-villas.com\\\/blog\\\/#\\\/schema\\\/logo\\\/image\\\/\",\"url\":\"https:\\\/\\\/www.vacances-villas.com\\\/blog\\\/wp-content\\\/uploads\\\/2024\\\/07\\\/logo.png\",\"contentUrl\":\"https:\\\/\\\/www.vacances-villas.com\\\/blog\\\/wp-content\\\/uploads\\\/2024\\\/07\\\/logo.png\",\"width\":1140,\"height\":488,\"caption\":\"Vacances Villas\"},\"image\":{\"@id\":\"https:\\\/\\\/www.vacances-villas.com\\\/blog\\\/#\\\/schema\\\/logo\\\/image\\\/\"},\"sameAs\":[\"https:\\\/\\\/www.facebook.com\\\/profile.php?id=100068103702281\"]},{\"@type\":\"Person\",\"@id\":\"https:\\\/\\\/www.vacances-villas.com\\\/blog\\\/#\\\/schema\\\/person\\\/1d0d5145d14b9c023c9ea45d8f6058c0\",\"name\":\"admin\",\"image\":{\"@type\":\"ImageObject\",\"inLanguage\":\"fr-FR\",\"@id\":\"https:\\\/\\\/secure.gravatar.com\\\/avatar\\\/bb32062d9a31dae1ae4e7fbbe66028066d74f02ad75875f5f617860c81ed25fc?s=96&d=mm&r=g\",\"url\":\"https:\\\/\\\/secure.gravatar.com\\\/avatar\\\/bb32062d9a31dae1ae4e7fbbe66028066d74f02ad75875f5f617860c81ed25fc?s=96&d=mm&r=g\",\"contentUrl\":\"https:\\\/\\\/secure.gravatar.com\\\/avatar\\\/bb32062d9a31dae1ae4e7fbbe66028066d74f02ad75875f5f617860c81ed25fc?s=96&d=mm&r=g\",\"caption\":\"admin\"},\"sameAs\":[\"https:\\\/\\\/www.vacances-villas.com\\\/blog\"],\"url\":\"https:\\\/\\\/www.vacances-villas.com\\\/blog\\\/author\\\/avantioblog\\\/\"}]}<\/script>\n<!-- \/ Yoast SEO plugin. -->","yoast_head_json":{"title":"De beaux paysages pr\u00e8s de Carnac - Blog - S'\u00e9merveiller","description":"Pour vos souvenirs de vacances ou pour votre profil Instagram, retrouvez dans cet article les paysages \u00e0 ne pas manquer !","robots":{"index":"index","follow":"follow","max-snippet":"max-snippet:-1","max-image-preview":"max-image-preview:large","max-video-preview":"max-video-preview:-1"},"canonical":"https:\/\/www.vacances-villas.com\/blog\/de-beaux-paysages-pres-de-carnac\/","og_locale":"fr_FR","og_type":"article","og_title":"De beaux paysages pr\u00e8s de Carnac - Blog - S'\u00e9merveiller","og_description":"Pour vos souvenirs de vacances ou pour votre profil Instagram, retrouvez dans cet article les paysages \u00e0 ne pas manquer !","og_url":"https:\/\/www.vacances-villas.com\/blog\/de-beaux-paysages-pres-de-carnac\/","og_site_name":"Blog","article_publisher":"https:\/\/www.facebook.com\/profile.php?id=100068103702281","article_published_time":"2021-05-20T17:00:00+00:00","article_modified_time":"2021-10-07T09:39:07+00:00","og_image":[{"width":1200,"height":800,"url":"https:\/\/www.vacances-villas.com\/blog\/wp-content\/uploads\/2021\/05\/crtb-ad9458_PORIEL-Thibault-_-SB.jpg","type":"image\/jpeg"}],"author":"admin","twitter_card":"summary_large_image","twitter_misc":{"\u00c9crit par":"admin","Dur\u00e9e de lecture estim\u00e9e":"5 minutes"},"schema":{"@context":"https:\/\/schema.org","@graph":[{"@type":"Article","@id":"https:\/\/www.vacances-villas.com\/blog\/de-beaux-paysages-pres-de-carnac\/#article","isPartOf":{"@id":"https:\/\/www.vacances-villas.com\/blog\/de-beaux-paysages-pres-de-carnac\/"},"author":{"name":"admin","@id":"https:\/\/www.vacances-villas.com\/blog\/#\/schema\/person\/1d0d5145d14b9c023c9ea45d8f6058c0"},"headline":"De beaux paysages pr\u00e8s de Carnac","datePublished":"2021-05-20T17:00:00+00:00","dateModified":"2021-10-07T09:39:07+00:00","mainEntityOfPage":{"@id":"https:\/\/www.vacances-villas.com\/blog\/de-beaux-paysages-pres-de-carnac\/"},"wordCount":574,"commentCount":0,"publisher":{"@id":"https:\/\/www.vacances-villas.com\/blog\/#organization"},"image":{"@id":"https:\/\/www.vacances-villas.com\/blog\/de-beaux-paysages-pres-de-carnac\/#primaryimage"},"thumbnailUrl":"https:\/\/www.vacances-villas.com\/blog\/wp-content\/uploads\/2021\/05\/crtb-ad9458_PORIEL-Thibault-_-SB.jpg","articleSection":["Carnac et ses environs","S'\u00e9merveiller"],"inLanguage":"fr-FR","potentialAction":[{"@type":"CommentAction","name":"Comment","target":["https:\/\/www.vacances-villas.com\/blog\/de-beaux-paysages-pres-de-carnac\/#respond"]}]},{"@type":"WebPage","@id":"https:\/\/www.vacances-villas.com\/blog\/de-beaux-paysages-pres-de-carnac\/","url":"https:\/\/www.vacances-villas.com\/blog\/de-beaux-paysages-pres-de-carnac\/","name":"De beaux paysages pr\u00e8s de Carnac - Blog - S'\u00e9merveiller","isPartOf":{"@id":"https:\/\/www.vacances-villas.com\/blog\/#website"},"primaryImageOfPage":{"@id":"https:\/\/www.vacances-villas.com\/blog\/de-beaux-paysages-pres-de-carnac\/#primaryimage"},"image":{"@id":"https:\/\/www.vacances-villas.com\/blog\/de-beaux-paysages-pres-de-carnac\/#primaryimage"},"thumbnailUrl":"https:\/\/www.vacances-villas.com\/blog\/wp-content\/uploads\/2021\/05\/crtb-ad9458_PORIEL-Thibault-_-SB.jpg","datePublished":"2021-05-20T17:00:00+00:00","dateModified":"2021-10-07T09:39:07+00:00","description":"Pour vos souvenirs de vacances ou pour votre profil Instagram, retrouvez dans cet article les paysages \u00e0 ne pas manquer !","breadcrumb":{"@id":"https:\/\/www.vacances-villas.com\/blog\/de-beaux-paysages-pres-de-carnac\/#breadcrumb"},"inLanguage":"fr-FR","potentialAction":[{"@type":"ReadAction","target":["https:\/\/www.vacances-villas.com\/blog\/de-beaux-paysages-pres-de-carnac\/"]}]},{"@type":"ImageObject","inLanguage":"fr-FR","@id":"https:\/\/www.vacances-villas.com\/blog\/de-beaux-paysages-pres-de-carnac\/#primaryimage","url":"https:\/\/www.vacances-villas.com\/blog\/wp-content\/uploads\/2021\/05\/crtb-ad9458_PORIEL-Thibault-_-SB.jpg","contentUrl":"https:\/\/www.vacances-villas.com\/blog\/wp-content\/uploads\/2021\/05\/crtb-ad9458_PORIEL-Thibault-_-SB.jpg","width":1200,"height":800,"caption":"Beach"},{"@type":"BreadcrumbList","@id":"https:\/\/www.vacances-villas.com\/blog\/de-beaux-paysages-pres-de-carnac\/#breadcrumb","itemListElement":[{"@type":"ListItem","position":1,"name":"Home","item":"https:\/\/www.vacances-villas.com\/blog\/"},{"@type":"ListItem","position":2,"name":"De beaux paysages pr\u00e8s de Carnac"}]},{"@type":"WebSite","@id":"https:\/\/www.vacances-villas.com\/blog\/#website","url":"https:\/\/www.vacances-villas.com\/blog\/","name":"Blog","description":"vacances-villas","publisher":{"@id":"https:\/\/www.vacances-villas.com\/blog\/#organization"},"potentialAction":[{"@type":"SearchAction","target":{"@type":"EntryPoint","urlTemplate":"https:\/\/www.vacances-villas.com\/blog\/?s={search_term_string}"},"query-input":{"@type":"PropertyValueSpecification","valueRequired":true,"valueName":"search_term_string"}}],"inLanguage":"fr-FR"},{"@type":"Organization","@id":"https:\/\/www.vacances-villas.com\/blog\/#organization","name":"Vacances Villas","url":"https:\/\/www.vacances-villas.com\/blog\/","logo":{"@type":"ImageObject","inLanguage":"fr-FR","@id":"https:\/\/www.vacances-villas.com\/blog\/#\/schema\/logo\/image\/","url":"https:\/\/www.vacances-villas.com\/blog\/wp-content\/uploads\/2024\/07\/logo.png","contentUrl":"https:\/\/www.vacances-villas.com\/blog\/wp-content\/uploads\/2024\/07\/logo.png","width":1140,"height":488,"caption":"Vacances Villas"},"image":{"@id":"https:\/\/www.vacances-villas.com\/blog\/#\/schema\/logo\/image\/"},"sameAs":["https:\/\/www.facebook.com\/profile.php?id=100068103702281"]},{"@type":"Person","@id":"https:\/\/www.vacances-villas.com\/blog\/#\/schema\/person\/1d0d5145d14b9c023c9ea45d8f6058c0","name":"admin","image":{"@type":"ImageObject","inLanguage":"fr-FR","@id":"https:\/\/secure.gravatar.com\/avatar\/bb32062d9a31dae1ae4e7fbbe66028066d74f02ad75875f5f617860c81ed25fc?s=96&d=mm&r=g","url":"https:\/\/secure.gravatar.com\/avatar\/bb32062d9a31dae1ae4e7fbbe66028066d74f02ad75875f5f617860c81ed25fc?s=96&d=mm&r=g","contentUrl":"https:\/\/secure.gravatar.com\/avatar\/bb32062d9a31dae1ae4e7fbbe66028066d74f02ad75875f5f617860c81ed25fc?s=96&d=mm&r=g","caption":"admin"},"sameAs":["https:\/\/www.vacances-villas.com\/blog"],"url":"https:\/\/www.vacances-villas.com\/blog\/author\/avantioblog\/"}]}},"_links":{"self":[{"href":"https:\/\/www.vacances-villas.com\/blog\/wp-json\/wp\/v2\/posts\/83","targetHints":{"allow":["GET"]}}],"collection":[{"href":"https:\/\/www.vacances-villas.com\/blog\/wp-json\/wp\/v2\/posts"}],"about":[{"href":"https:\/\/www.vacances-villas.com\/blog\/wp-json\/wp\/v2\/types\/post"}],"author":[{"embeddable":true,"href":"https:\/\/www.vacances-villas.com\/blog\/wp-json\/wp\/v2\/users\/1"}],"replies":[{"embeddable":true,"href":"https:\/\/www.vacances-villas.com\/blog\/wp-json\/wp\/v2\/comments?post=83"}],"version-history":[{"count":40,"href":"https:\/\/www.vacances-villas.com\/blog\/wp-json\/wp\/v2\/posts\/83\/revisions"}],"predecessor-version":[{"id":505,"href":"https:\/\/www.vacances-villas.com\/blog\/wp-json\/wp\/v2\/posts\/83\/revisions\/505"}],"wp:featuredmedia":[{"embeddable":true,"href":"https:\/\/www.vacances-villas.com\/blog\/wp-json\/wp\/v2\/media\/135"}],"wp:attachment":[{"href":"https:\/\/www.vacances-villas.com\/blog\/wp-json\/wp\/v2\/media?parent=83"}],"wp:term":[{"taxonomy":"category","embeddable":true,"href":"https:\/\/www.vacances-villas.com\/blog\/wp-json\/wp\/v2\/categories?post=83"},{"taxonomy":"post_tag","embeddable":true,"href":"https:\/\/www.vacances-villas.com\/blog\/wp-json\/wp\/v2\/tags?post=83"}],"curies":[{"name":"wp","href":"https:\/\/api.w.org\/{rel}","templated":true}]}}